{"id":59841,"date":"2015-07-09T09:44:18","date_gmt":"2015-07-09T12:44:18","guid":{"rendered":"http:\/\/www.eltrabajo.cl\/portal\/?p=59841"},"modified":"2015-07-09T19:43:00","modified_gmt":"2015-07-09T22:43:00","slug":"le-niegan-reconocer-a-su-hija-en-el-registro-civil-por-ser-ciego","status":"publish","type":"post","link":"https:\/\/eltrabajo.cl\/portal\/le-niegan-reconocer-a-su-hija-en-el-registro-civil-por-ser-ciego\/","title":{"rendered":"Le niegan reconocer a su hija en el Registro Civil por ser ciego"},"content":{"rendered":"<figure id=\"attachment_59842\" aria-describedby=\"caption-attachment-59842\" style=\"width: 300px\" class=\"wp-caption alignleft\"><a href=\"https:\/\/i0.wp.com\/www.eltrabajo.cl\/portal\/wp-content\/uploads\/2015\/07\/Ciegos1.jpg\"><img data-recalc-dims=\"1\" loading=\"lazy\" decoding=\"async\" class=\"wp-image-59842 size-medium\" src=\"https:\/\/i0.wp.com\/www.eltrabajo.cl\/portal\/wp-content\/uploads\/2015\/07\/Ciegos1-300x198.jpg?resize=300%2C198\" alt=\"CIEGOS UNIDOS.- Ellos son parte de los integrantes de Club 'Mirando con el Coraz\u00f3n', ciegos de San Felipe que trabajan independientemente para sobrevivir en este mundo hecho para videntes.\" width=\"300\" height=\"198\" srcset=\"https:\/\/i0.wp.com\/eltrabajo.cl\/portal\/wp-content\/uploads\/2015\/07\/Ciegos1.jpg?resize=300%2C198&amp;ssl=1 300w, https:\/\/i0.wp.com\/eltrabajo.cl\/portal\/wp-content\/uploads\/2015\/07\/Ciegos1.jpg?resize=200%2C132&amp;ssl=1 200w, https:\/\/i0.wp.com\/eltrabajo.cl\/portal\/wp-content\/uploads\/2015\/07\/Ciegos1.jpg?resize=228%2C150&amp;ssl=1 228w, https:\/\/i0.wp.com\/eltrabajo.cl\/portal\/wp-content\/uploads\/2015\/07\/Ciegos1.jpg?resize=400%2C263&amp;ssl=1 400w, https:\/\/i0.wp.com\/eltrabajo.cl\/portal\/wp-content\/uploads\/2015\/07\/Ciegos1.jpg?w=530&amp;ssl=1 530w\" sizes=\"auto, (max-width: 300px) 100vw, 300px\" \/><\/a><figcaption id=\"caption-attachment-59842\" class=\"wp-caption-text\">CIEGOS UNIDOS.- Ellos son parte de los integrantes de Club &#8216;Mirando con el Coraz\u00f3n&#8217;, ciegos de San Felipe que trabajan independientemente para sobrevivir en este mundo hecho para videntes.<\/figcaption><\/figure>\n<p>Una seria denuncia por supuesta discriminaci\u00f3n en perjuicio de un ciego por parte de una funcionaria de la oficina del Registro Civil instalado en el Hospital San Camilo, es la que realizaron a Diario El Trabajo no solamente el propio afectado, sino tambi\u00e9n del grupo de ciegos &#8216;Mirando con el coraz\u00f3n&#8217;, agrupaci\u00f3n con 15 socios no videntes quienes levantaron su voz en reclamo de lo que para ellos es un atropello.<br \/>\nSeg\u00fan la denuncia de H\u00e9ctor Campos, \u00e9l es el padre de una saludable guag\u00fcita nacida hace pocos d\u00edas. De momento, todos los tr\u00e1mites prenatales y de parto se realizaban de maravilla por parte del personal del San Camilo, pero la pesadilla empez\u00f3 cuando \u00e9l se present\u00f3 a registrar a su hija en la oficina del Registro Civil, pues seg\u00fan sus propias palabras, la funcionaria no le permiti\u00f3 reconocer a su hija por su incapacidad de ver, lo que le impide poder firmar y escribir el nombre de su hija en un formulario.<\/p>\n<p><strong>\u00abFUI HUMILLADO\u00bb<\/strong><br \/>\n\u00abMe sent\u00ed humillado, la funcionaria parec\u00eda que no sab\u00eda lo que ten\u00eda que hacer, la ni\u00f1a no me la entregaban porque no puedo ver ni s\u00e9 escribir. Ella llamaba a varios jefes suyos por tel\u00e9fono, simplemente me tramit\u00f3. Al d\u00eda siguiente volv\u00ed, nuevamente me neg\u00f3 el derecho a reconocer a mi hija. El tercer d\u00eda regres\u00e9 y esta vez con la presidenta del Club de Leones, quien intervino por nuestra hija y declar\u00f3 por mi persona, s\u00f3lo as\u00ed nos entregaron a nuestra hija\u00bb, relat\u00f3 angustiado H\u00e9ctor a Diario El Trabajo.<br \/>\nH\u00e9ctor desde que naci\u00f3 es ciego, aunque no naci\u00f3 as\u00ed, le quemaron la vista en una incubadora, seg\u00fan lo explica el esposo de Juana \u00c1lvarez.<br \/>\n\u00abNuestra ni\u00f1a se llama Karol Parada Stefi Campos \u00c1lvarez, me sent\u00ed frustrado por el trato que recib\u00ed, por ahora s\u00f3lo queremos hacer esta denuncia p\u00fablica, pues la funcionaria me dijo que si yo no pod\u00eda firmar, entonces no estaba capacitado para tenerla conmigo\u00bb, agreg\u00f3 Campos.<br \/>\nDiario El Trabajo habl\u00f3 tambi\u00e9n con la encargada de la Oficina Municipal de Discapacidad, Asistente Social Valeria Sald\u00edvar, quien coment\u00f3 que \u00abnosotros por nuestra parte presentaremos una queja formal sobre este asunto ante el Registro Civil, si eso fuera lo que corresponde, de momento estamos investigando detalladamente qu\u00e9 es lo que pas\u00f3 con este usuario del Club &#8216;Mirando con el coraz\u00f3n&#8217;\u00bb.<br \/>\n\u00abEsta idiosincrasia chilena es as\u00ed, yo tengo dos hijos y no me pas\u00f3 eso, pero s\u00e9 que hay otros casos similares con amigos ciegos\u00bb, coment\u00f3 tambi\u00e9n otro no vidente, Claudio Cort\u00e9s.<br \/>\nPor una cuesti\u00f3n de horario limitado, Diario El Trabajo no pudo hablar con el personal del Registro Civil, por lo que ser\u00e1 hasta ma\u00f1ana viernes cuando podamos conocer la versi\u00f3n de esta prestigiosa instituci\u00f3n.<br \/>\n<strong>Roberto Gonz\u00e1lez Short<\/strong><br \/>\n<strong>rgonzalez@eltrabajo.cl<\/strong><\/p>\n<div class=\"tiled-gallery type-rectangular tiled-gallery-unresized\" data-original-width=\"640\" data-carousel-extra='null' itemscope itemtype=\"http:\/\/schema.org\/ImageGallery\" > <div class=\"gallery-row\" style=\"width: 640px; height: 282px;\" data-original-width=\"640\" data-original-height=\"282\" > <div class=\"gallery-group images-1\" style=\"width: 427px; height: 282px;\" data-original-width=\"427\" data-original-height=\"282\" > <div class=\"tiled-gallery-item tiled-gallery-item-large\" itemprop=\"associatedMedia\" itemscope itemtype=\"http:\/\/schema.org\/ImageObject\"> <a href=\"https:\/\/eltrabajo.cl\/portal\/le-niegan-reconocer-a-su-hija-en-el-registro-civil-por-ser-ciego\/hector-campos\/\" border=\"0\" itemprop=\"url\"> <meta itemprop=\"width\" content=\"423\"> <meta itemprop=\"height\" content=\"278\"> <img decoding=\"async\" class=\"\" data-attachment-id=\"59845\" data-orig-file=\"https:\/\/eltrabajo.cl\/portal\/wp-content\/uploads\/2015\/07\/Hector-Campos.jpg\" data-orig-size=\"530,348\" data-comments-opened=\"1\" data-image-meta=\"{&quot;aperture&quot;:&quot;0&quot;,&quot;credit&quot;:&quot;&quot;,&quot;camera&quot;:&quot;&quot;,&quot;caption&quot;:&quot;&quot;,&quot;created_timestamp&quot;:&quot;0&quot;,&quot;copyright&quot;:&quot;&quot;,&quot;focal_length&quot;:&quot;0&quot;,&quot;iso&quot;:&quot;0&quot;,&quot;shutter_speed&quot;:&quot;0&quot;,&quot;title&quot;:&quot;&quot;,&quot;orientation&quot;:&quot;0&quot;}\" data-image-title=\"Hector Campos\" data-image-description=\"&lt;p&gt;H\u00e9ctor Campos, ciego sanfelipe\u00f1o que asegura haber sido discriminado por su incapacidad de ver.&lt;\/p&gt; \" data-medium-file=\"https:\/\/i0.wp.com\/eltrabajo.cl\/portal\/wp-content\/uploads\/2015\/07\/Hector-Campos.jpg?fit=300%2C197&#038;ssl=1\" data-large-file=\"https:\/\/i0.wp.com\/eltrabajo.cl\/portal\/wp-content\/uploads\/2015\/07\/Hector-Campos.jpg?fit=530%2C348&#038;ssl=1\" src=\"https:\/\/i0.wp.com\/eltrabajo.cl\/portal\/wp-content\/uploads\/2015\/07\/Hector-Campos.jpg?w=423&#038;h=278&#038;ssl=1\" srcset=\"https:\/\/i0.wp.com\/eltrabajo.cl\/portal\/wp-content\/uploads\/2015\/07\/Hector-Campos.jpg?w=530&amp;ssl=1 530w, https:\/\/i0.wp.com\/eltrabajo.cl\/portal\/wp-content\/uploads\/2015\/07\/Hector-Campos.jpg?resize=200%2C131&amp;ssl=1 200w, https:\/\/i0.wp.com\/eltrabajo.cl\/portal\/wp-content\/uploads\/2015\/07\/Hector-Campos.jpg?resize=300%2C197&amp;ssl=1 300w, https:\/\/i0.wp.com\/eltrabajo.cl\/portal\/wp-content\/uploads\/2015\/07\/Hector-Campos.jpg?resize=228%2C150&amp;ssl=1 228w, https:\/\/i0.wp.com\/eltrabajo.cl\/portal\/wp-content\/uploads\/2015\/07\/Hector-Campos.jpg?resize=400%2C263&amp;ssl=1 400w\" width=\"423\" height=\"278\" loading=\"lazy\" data-original-width=\"423\" data-original-height=\"278\" itemprop=\"http:\/\/schema.org\/image\" title=\"Hector Campos\" alt=\"H\u00e9ctor Campos, ciego sanfelipe\u00f1o que asegura haber sido discriminado por su incapacidad de ver.\" style=\"width: 423px; height: 278px;\" \/> <\/a> <div class=\"tiled-gallery-caption\" itemprop=\"caption description\"> H\u00e9ctor Campos, ciego sanfelipe\u00f1o que asegura haber sido discriminado por su incapacidad de ver. <\/div> <\/div> <\/div> <!-- close group --> <div class=\"gallery-group images-2\" style=\"width: 213px; height: 282px;\" data-original-width=\"213\" data-original-height=\"282\" > <div class=\"tiled-gallery-item tiled-gallery-item-small\" itemprop=\"associatedMedia\" itemscope itemtype=\"http:\/\/schema.org\/ImageObject\"> <a href=\"https:\/\/eltrabajo.cl\/portal\/le-niegan-reconocer-a-su-hija-en-el-registro-civil-por-ser-ciego\/claudio-cortes\/\" border=\"0\" itemprop=\"url\"> <meta itemprop=\"width\" content=\"209\"> <meta itemprop=\"height\" content=\"137\"> <img decoding=\"async\" class=\"\" data-attachment-id=\"59844\" data-orig-file=\"https:\/\/eltrabajo.cl\/portal\/wp-content\/uploads\/2015\/07\/Claudio-Cortes.jpg\" data-orig-size=\"530,348\" data-comments-opened=\"1\" data-image-meta=\"{&quot;aperture&quot;:&quot;0&quot;,&quot;credit&quot;:&quot;&quot;,&quot;camera&quot;:&quot;&quot;,&quot;caption&quot;:&quot;&quot;,&quot;created_timestamp&quot;:&quot;0&quot;,&quot;copyright&quot;:&quot;&quot;,&quot;focal_length&quot;:&quot;0&quot;,&quot;iso&quot;:&quot;0&quot;,&quot;shutter_speed&quot;:&quot;0&quot;,&quot;title&quot;:&quot;&quot;,&quot;orientation&quot;:&quot;0&quot;}\" data-image-title=\"Claudio Cortes\" data-image-description=\"&lt;p&gt;Claudio Cort\u00e9s, ciego que sali\u00f3 al paso en defensa de su compa\u00f1ero H\u00e9ctor.&lt;\/p&gt; \" data-medium-file=\"https:\/\/i0.wp.com\/eltrabajo.cl\/portal\/wp-content\/uploads\/2015\/07\/Claudio-Cortes.jpg?fit=300%2C197&#038;ssl=1\" data-large-file=\"https:\/\/i0.wp.com\/eltrabajo.cl\/portal\/wp-content\/uploads\/2015\/07\/Claudio-Cortes.jpg?fit=530%2C348&#038;ssl=1\" src=\"https:\/\/i0.wp.com\/eltrabajo.cl\/portal\/wp-content\/uploads\/2015\/07\/Claudio-Cortes.jpg?w=209&#038;h=137&#038;ssl=1\" srcset=\"https:\/\/i0.wp.com\/eltrabajo.cl\/portal\/wp-content\/uploads\/2015\/07\/Claudio-Cortes.jpg?w=530&amp;ssl=1 530w, https:\/\/i0.wp.com\/eltrabajo.cl\/portal\/wp-content\/uploads\/2015\/07\/Claudio-Cortes.jpg?resize=200%2C131&amp;ssl=1 200w, https:\/\/i0.wp.com\/eltrabajo.cl\/portal\/wp-content\/uploads\/2015\/07\/Claudio-Cortes.jpg?resize=300%2C197&amp;ssl=1 300w, https:\/\/i0.wp.com\/eltrabajo.cl\/portal\/wp-content\/uploads\/2015\/07\/Claudio-Cortes.jpg?resize=228%2C150&amp;ssl=1 228w, https:\/\/i0.wp.com\/eltrabajo.cl\/portal\/wp-content\/uploads\/2015\/07\/Claudio-Cortes.jpg?resize=400%2C263&amp;ssl=1 400w\" width=\"209\" height=\"137\" loading=\"lazy\" data-original-width=\"209\" data-original-height=\"137\" itemprop=\"http:\/\/schema.org\/image\" title=\"Claudio Cortes\" alt=\"Claudio Cort\u00e9s, ciego que sali\u00f3 al paso en defensa de su compa\u00f1ero H\u00e9ctor.\" style=\"width: 209px; height: 137px;\" \/> <\/a> <div class=\"tiled-gallery-caption\" itemprop=\"caption description\"> Claudio Cort\u00e9s, ciego que sali\u00f3 al paso en defensa de su compa\u00f1ero H\u00e9ctor. <\/div> <\/div> <div class=\"tiled-gallery-item tiled-gallery-item-small\" itemprop=\"associatedMedia\" itemscope itemtype=\"http:\/\/schema.org\/ImageObject\"> <a href=\"https:\/\/eltrabajo.cl\/portal\/le-niegan-reconocer-a-su-hija-en-el-registro-civil-por-ser-ciego\/claudia-urrutia-2\/\" border=\"0\" itemprop=\"url\"> <meta itemprop=\"width\" content=\"209\"> <meta itemprop=\"height\" content=\"137\"> <img decoding=\"async\" class=\"\" data-attachment-id=\"59843\" data-orig-file=\"https:\/\/eltrabajo.cl\/portal\/wp-content\/uploads\/2015\/07\/Claudia-Urrutia.jpg\" data-orig-size=\"530,348\" data-comments-opened=\"1\" data-image-meta=\"{&quot;aperture&quot;:&quot;0&quot;,&quot;credit&quot;:&quot;&quot;,&quot;camera&quot;:&quot;&quot;,&quot;caption&quot;:&quot;&quot;,&quot;created_timestamp&quot;:&quot;0&quot;,&quot;copyright&quot;:&quot;&quot;,&quot;focal_length&quot;:&quot;0&quot;,&quot;iso&quot;:&quot;0&quot;,&quot;shutter_speed&quot;:&quot;0&quot;,&quot;title&quot;:&quot;&quot;,&quot;orientation&quot;:&quot;0&quot;}\" data-image-title=\"Valeria Saldivar\" data-image-description=\"&lt;p&gt;Encargada de la Oficina Municipal de Discapacidad, Valeria Sald\u00edvar.&lt;\/p&gt; \" data-medium-file=\"https:\/\/i0.wp.com\/eltrabajo.cl\/portal\/wp-content\/uploads\/2015\/07\/Claudia-Urrutia.jpg?fit=300%2C197&#038;ssl=1\" data-large-file=\"https:\/\/i0.wp.com\/eltrabajo.cl\/portal\/wp-content\/uploads\/2015\/07\/Claudia-Urrutia.jpg?fit=530%2C348&#038;ssl=1\" src=\"https:\/\/i0.wp.com\/eltrabajo.cl\/portal\/wp-content\/uploads\/2015\/07\/Claudia-Urrutia.jpg?w=209&#038;h=137&#038;ssl=1\" srcset=\"https:\/\/i0.wp.com\/eltrabajo.cl\/portal\/wp-content\/uploads\/2015\/07\/Claudia-Urrutia.jpg?w=530&amp;ssl=1 530w, https:\/\/i0.wp.com\/eltrabajo.cl\/portal\/wp-content\/uploads\/2015\/07\/Claudia-Urrutia.jpg?resize=200%2C131&amp;ssl=1 200w, https:\/\/i0.wp.com\/eltrabajo.cl\/portal\/wp-content\/uploads\/2015\/07\/Claudia-Urrutia.jpg?resize=300%2C197&amp;ssl=1 300w, https:\/\/i0.wp.com\/eltrabajo.cl\/portal\/wp-content\/uploads\/2015\/07\/Claudia-Urrutia.jpg?resize=228%2C150&amp;ssl=1 228w, https:\/\/i0.wp.com\/eltrabajo.cl\/portal\/wp-content\/uploads\/2015\/07\/Claudia-Urrutia.jpg?resize=400%2C263&amp;ssl=1 400w\" width=\"209\" height=\"137\" loading=\"lazy\" data-original-width=\"209\" data-original-height=\"137\" itemprop=\"http:\/\/schema.org\/image\" title=\"Valeria Saldivar\" alt=\"Encargada de la Oficina Municipal de Discapacidad, Valeria Sald\u00edvar.\" style=\"width: 209px; height: 137px;\" \/> <\/a> <div class=\"tiled-gallery-caption\" itemprop=\"caption description\"> Encargada de la Oficina Municipal de Discapacidad, Valeria Sald\u00edvar. <\/div> <\/div> <\/div> <!-- close group --> <\/div> <!-- close row --> <\/div>\n","protected":false},"excerpt":{"rendered":"<p>Una seria denuncia por supuesta discriminaci\u00f3n en perjuicio de un ciego por parte de una funcionaria de la oficina del Registro Civil instalado en el Hospital San Camilo, es la que realizaron&#8230;<\/p>\n","protected":false},"author":482,"featured_media":59842,"comment_status":"open","ping_status":"open","sticky":false,"template":"","format":"standard","meta":{"advanced_seo_description":"","jetpack_seo_html_title":"","jetpack_seo_noindex":false,"_jetpack_memberships_contains_paid_content":false,"footnotes":""},"categories":[15],"tags":[],"class_list":["post-59841","post","type-post","status-publish","format-standard","has-post-thumbnail","hentry","category-comunidad"],"jetpack_featured_media_url":"https:\/\/i0.wp.com\/eltrabajo.cl\/portal\/wp-content\/uploads\/2015\/07\/Ciegos1.jpg?fit=530%2C349&ssl=1","jetpack_sharing_enabled":true,"jetpack_likes_enabled":true,"jetpack-related-posts":[],"_links":{"self":[{"href":"https:\/\/eltrabajo.cl\/portal\/wp-json\/wp\/v2\/posts\/59841","targetHints":{"allow":["GET"]}}],"collection":[{"href":"https:\/\/eltrabajo.cl\/portal\/wp-json\/wp\/v2\/posts"}],"about":[{"href":"https:\/\/eltrabajo.cl\/portal\/wp-json\/wp\/v2\/types\/post"}],"author":[{"embeddable":true,"href":"https:\/\/eltrabajo.cl\/portal\/wp-json\/wp\/v2\/users\/482"}],"replies":[{"embeddable":true,"href":"https:\/\/eltrabajo.cl\/portal\/wp-json\/wp\/v2\/comments?post=59841"}],"version-history":[{"count":0,"href":"https:\/\/eltrabajo.cl\/portal\/wp-json\/wp\/v2\/posts\/59841\/revisions"}],"wp:featuredmedia":[{"embeddable":true,"href":"https:\/\/eltrabajo.cl\/portal\/wp-json\/wp\/v2\/media\/59842"}],"wp:attachment":[{"href":"https:\/\/eltrabajo.cl\/portal\/wp-json\/wp\/v2\/media?parent=59841"}],"wp:term":[{"taxonomy":"category","embeddable":true,"href":"https:\/\/eltrabajo.cl\/portal\/wp-json\/wp\/v2\/categories?post=59841"},{"taxonomy":"post_tag","embeddable":true,"href":"https:\/\/eltrabajo.cl\/portal\/wp-json\/wp\/v2\/tags?post=59841"}],"curies":[{"name":"wp","href":"https:\/\/api.w.org\/{rel}","templated":true}]}}