{"id":59869,"date":"2015-07-10T09:26:03","date_gmt":"2015-07-10T12:26:03","guid":{"rendered":"http:\/\/www.eltrabajo.cl\/portal\/?p=59869"},"modified":"2015-07-10T09:26:03","modified_gmt":"2015-07-10T12:26:03","slug":"realizan-tercer-parlamento-escolar-en-escuela-almendral","status":"publish","type":"post","link":"https:\/\/eltrabajo.cl\/portal\/realizan-tercer-parlamento-escolar-en-escuela-almendral\/","title":{"rendered":"Realizan tercer \u2018Parlamento Escolar\u2019 en Escuela Almendral"},"content":{"rendered":"<figure id=\"attachment_59870\" aria-describedby=\"caption-attachment-59870\" style=\"width: 300px\" class=\"wp-caption alignleft\"><a href=\"https:\/\/i0.wp.com\/www.eltrabajo.cl\/portal\/wp-content\/uploads\/2015\/07\/parlamento-escolar.jpg\"><img data-recalc-dims=\"1\" loading=\"lazy\" decoding=\"async\" class=\"wp-image-59870 size-medium\" src=\"https:\/\/i0.wp.com\/www.eltrabajo.cl\/portal\/wp-content\/uploads\/2015\/07\/parlamento-escolar-300x198.jpg?resize=300%2C198\" alt=\"En el tercer \u2018parlamento escolar\u2019, participaron Iv\u00e1n Silva, dir. de Educaci\u00f3n Municipal, el Seremi (S) Alejandro Tapia, la directora del establecimiento Wilta Berrios, docentes, asistentes de la educaci\u00f3n, padres y apoderados.\" width=\"300\" height=\"198\" srcset=\"https:\/\/i0.wp.com\/eltrabajo.cl\/portal\/wp-content\/uploads\/2015\/07\/parlamento-escolar.jpg?resize=300%2C198&amp;ssl=1 300w, https:\/\/i0.wp.com\/eltrabajo.cl\/portal\/wp-content\/uploads\/2015\/07\/parlamento-escolar.jpg?resize=200%2C132&amp;ssl=1 200w, https:\/\/i0.wp.com\/eltrabajo.cl\/portal\/wp-content\/uploads\/2015\/07\/parlamento-escolar.jpg?resize=228%2C150&amp;ssl=1 228w, https:\/\/i0.wp.com\/eltrabajo.cl\/portal\/wp-content\/uploads\/2015\/07\/parlamento-escolar.jpg?resize=400%2C263&amp;ssl=1 400w, https:\/\/i0.wp.com\/eltrabajo.cl\/portal\/wp-content\/uploads\/2015\/07\/parlamento-escolar.jpg?w=530&amp;ssl=1 530w\" sizes=\"auto, (max-width: 300px) 100vw, 300px\" \/><\/a><figcaption id=\"caption-attachment-59870\" class=\"wp-caption-text\">En el tercer \u2018parlamento escolar\u2019, participaron Iv\u00e1n Silva, dir. de Educaci\u00f3n Municipal, el Seremi (S) Alejandro Tapia, la directora del establecimiento Wilta Berrios, docentes, asistentes de la educaci\u00f3n, padres y apoderados.<\/figcaption><\/figure>\n<p>Una entretenida jornada se desarroll\u00f3 en dependencias de la escuela Almendral, tendiente a realizar un recuento de las actividades de convivencia del primer semestre al interior el establecimiento, y que busca dar a conocer a los padres y apoderados las diferentes actividades realizadas con los alumnos, generando tambi\u00e9n la posibilidad de que tambi\u00e9n ellos puedan opinar y sugerir sobre aquellos aspectos en que la escuela pueda mejorar.<br \/>\nDe la actividad, participaron Iv\u00e1n Silva Padilla, director de Educaci\u00f3n Municipal, el Seremi de Educaci\u00f3n (S) Alejandro Tapia, la directora del establecimiento Wilta Berrios Oyanadel, docentes, asistentes de la educaci\u00f3n, y una gran cantidad de padres y apoderados, quienes disfrutaron de una amena velada.<br \/>\nWilta Berrios destac\u00f3 la realizaci\u00f3n de este tercer \u2018parlamento escolar\u2019 y la importancia de tener canales de comunicaci\u00f3n expeditos desde y hacia la comunidad escolar, realizando un balance muy positivo.<br \/>\n\u201cEl balance es bastante positivo en este primer semestre, comenzamos las vacaciones de manera normal, y nuestros padres han recepcionado muy bien el trabajo que hemos hecho. Hemos seguido trabajando para favorecer a los estudiantes, y lo hemos logrado, lo que nos tiene muy contentos\u201d, dijo la directora.<br \/>\nPor su parte, Iv\u00e1n Silva Padilla, director de Daem, tambi\u00e9n comparti\u00f3 animadamente con los padres y apoderados que llegaron a participar de la actividad, quien manifest\u00f3 \u201ces importante destacar el nivel de compromiso de los padres y apoderados de este establecimiento, en cada actividad de la que me ha tocado participar, siempre participan en gran cantidad, acompa\u00f1ando a sus hijos, y eso habla de un buen liderazgo, y la directora, junto a su equipo de trabajo, as\u00ed lo dejan claro, por lo que no me queda m\u00e1s que felicitar la iniciativa\u201d, sentenci\u00f3 Silva.<\/p>\n","protected":false},"excerpt":{"rendered":"<p>Una entretenida jornada se desarroll\u00f3 en dependencias de la escuela Almendral, tendiente a realizar un recuento de las actividades de convivencia del primer semestre al interior el establecimiento, y que busca dar&#8230;<\/p>\n","protected":false},"author":482,"featured_media":59870,"comment_status":"open","ping_status":"open","sticky":false,"template":"","format":"standard","meta":{"advanced_seo_description":"","jetpack_seo_html_title":"","jetpack_seo_noindex":false,"_jetpack_memberships_contains_paid_content":false,"footnotes":""},"categories":[15],"tags":[],"class_list":["post-59869","post","type-post","status-publish","format-standard","has-post-thumbnail","hentry","category-comunidad"],"jetpack_featured_media_url":"https:\/\/i0.wp.com\/eltrabajo.cl\/portal\/wp-content\/uploads\/2015\/07\/parlamento-escolar.jpg?fit=530%2C349&ssl=1","jetpack_sharing_enabled":true,"jetpack_likes_enabled":true,"jetpack-related-posts":[],"_links":{"self":[{"href":"https:\/\/eltrabajo.cl\/portal\/wp-json\/wp\/v2\/posts\/59869","targetHints":{"allow":["GET"]}}],"collection":[{"href":"https:\/\/eltrabajo.cl\/portal\/wp-json\/wp\/v2\/posts"}],"about":[{"href":"https:\/\/eltrabajo.cl\/portal\/wp-json\/wp\/v2\/types\/post"}],"author":[{"embeddable":true,"href":"https:\/\/eltrabajo.cl\/portal\/wp-json\/wp\/v2\/users\/482"}],"replies":[{"embeddable":true,"href":"https:\/\/eltrabajo.cl\/portal\/wp-json\/wp\/v2\/comments?post=59869"}],"version-history":[{"count":0,"href":"https:\/\/eltrabajo.cl\/portal\/wp-json\/wp\/v2\/posts\/59869\/revisions"}],"wp:featuredmedia":[{"embeddable":true,"href":"https:\/\/eltrabajo.cl\/portal\/wp-json\/wp\/v2\/media\/59870"}],"wp:attachment":[{"href":"https:\/\/eltrabajo.cl\/portal\/wp-json\/wp\/v2\/media?parent=59869"}],"wp:term":[{"taxonomy":"category","embeddable":true,"href":"https:\/\/eltrabajo.cl\/portal\/wp-json\/wp\/v2\/categories?post=59869"},{"taxonomy":"post_tag","embeddable":true,"href":"https:\/\/eltrabajo.cl\/portal\/wp-json\/wp\/v2\/tags?post=59869"}],"curies":[{"name":"wp","href":"https:\/\/api.w.org\/{rel}","templated":true}]}}