{"id":5987,"date":"2011-11-11T09:08:52","date_gmt":"2011-11-11T13:08:52","guid":{"rendered":"http:\/\/www.eltrabajo.cl\/portal\/?p=5987"},"modified":"2011-11-11T09:08:52","modified_gmt":"2011-11-11T13:08:52","slug":"trabajadores-contaminan-canal-de-regadio-con-sello-asfaltico","status":"publish","type":"post","link":"https:\/\/eltrabajo.cl\/portal\/trabajadores-contaminan-canal-de-regadio-con-sello-asfaltico\/","title":{"rendered":"Trabajadores contaminan canal de regad\u00edo con sello asf\u00e1ltico"},"content":{"rendered":"<figure id=\"attachment_5988\" aria-describedby=\"caption-attachment-5988\" style=\"width: 600px\" class=\"wp-caption alignnone\"><a href=\"http:\/\/www.eltrabajo.cl\/portal\/archives\/5987\/sello-asfaltico-1\" rel=\"attachment wp-att-5988\"><img data-recalc-dims=\"1\" loading=\"lazy\" decoding=\"async\" class=\"size-full wp-image-5988\" title=\"sello asfaltico (1)\" src=\"https:\/\/i0.wp.com\/www.eltrabajo.cl\/portal\/wp-content\/uploads\/2011\/11\/sello-asfaltico-1.jpg?resize=600%2C420\" alt=\"\" width=\"600\" height=\"420\" srcset=\"https:\/\/i0.wp.com\/eltrabajo.cl\/portal\/wp-content\/uploads\/2011\/11\/sello-asfaltico-1.jpg?w=600&amp;ssl=1 600w, https:\/\/i0.wp.com\/eltrabajo.cl\/portal\/wp-content\/uploads\/2011\/11\/sello-asfaltico-1.jpg?resize=200%2C140&amp;ssl=1 200w, https:\/\/i0.wp.com\/eltrabajo.cl\/portal\/wp-content\/uploads\/2011\/11\/sello-asfaltico-1.jpg?resize=300%2C210&amp;ssl=1 300w, https:\/\/i0.wp.com\/eltrabajo.cl\/portal\/wp-content\/uploads\/2011\/11\/sello-asfaltico-1.jpg?resize=150%2C105&amp;ssl=1 150w, https:\/\/i0.wp.com\/eltrabajo.cl\/portal\/wp-content\/uploads\/2011\/11\/sello-asfaltico-1.jpg?resize=400%2C280&amp;ssl=1 400w\" sizes=\"auto, (max-width: 600px) 100vw, 600px\" \/><\/a><figcaption id=\"caption-attachment-5988\" class=\"wp-caption-text\">Empresa contratista elimin\u00f3 gran cantidad de l\u00edquido asf\u00e1ltico, que al derretirse se filtr\u00f3 hacia un peque\u00f1o canal de regad\u00edo afectando varios \u00e1rboles frutales de viviendas cercanas.<\/figcaption><\/figure>\n<p><strong>PUTAENDO.-<\/strong> Por causas que a\u00fan no est\u00e1n claras, la empresa contratista que termin\u00f3 por asfaltar y sellar los trabajos realizados en la Avenida Alejandrina Carvajal para conectar una nueva matriz de la empresa Esval, arroj\u00f3 una gran cantidad de sello asf\u00e1ltico l\u00edquido, el que producto de las temperaturas y de su viscosidad termin\u00f3 cayendo a un peque\u00f1o canal de regad\u00edo, cuyas aguas dejaron da\u00f1os irreparables en \u00e1rboles frutales de varias viviendas.<\/p>\n<p>La se\u00f1ora Marisela Cortez se dispuso a almorzar a eso de la una de la tarde, mientras sus \u00e1rboles y sus jardines eran regados a trav\u00e9s de un sistema de mangas pl\u00e1sticas que traen el agua desde el peque\u00f1o canal. Asegura que cerca de las 14:00 horas, acudi\u00f3 para cambiar la posici\u00f3n de las mangas, encontrando sus \u00e1rboles y gran parte del pasto con unas vistosas manchas negras muy parecidas al asfalto, percat\u00e1ndose que en varios puntos de su propiedad se repet\u00eda la misma situaci\u00f3n, lo que adem\u00e1s suced\u00eda de igual manera aguas abajo hacia otra vivienda y un bosque municipal.<\/p>\n<p>Al salir a la intersecci\u00f3n de Calle Portales y Avenida Alejandrina Carvajal, vio una enorme mancha negra que escurri\u00f3 por m\u00e1s de diez metros hasta un peque\u00f1o desag\u00fce que ca\u00eda a un canal, recordando que momentos antes una empresa contratista estuvo realizando trabajos de sellado del asfalto en ese lugar.<\/p>\n<p>Los da\u00f1os al interior de la vivienda y en los \u00e1rboles frutales son considerables, ya que la extensa mancha de color negro se adhiri\u00f3 a los \u00e1rboles y plantas de la vivienda, lo que oblig\u00f3 a suspender de forma inmediata el regad\u00edo de la propiedad.<\/p>\n<p>Hasta el lugar acudi\u00f3 el Director de Obras Municipales, Christian P\u00e9rez, quien se mostr\u00f3 indignado por la irresponsabilidad de la empresa que ejecut\u00f3 los trabajos y que arroj\u00f3 el denominado sello asf\u00e1ltico en la v\u00eda p\u00fablica, adelantando que exigir\u00e1 a la empresa Esval el nombre de la empresa que ejecut\u00f3 las obras, la que recibir\u00e1 una fuerte sanci\u00f3n por la irresponsable acci\u00f3n cometida, ya que no tan solo contamin\u00f3 las aguas de un canal, sino que adem\u00e1s dej\u00f3 da\u00f1os en \u00e1rboles frutales de una vivienda y de un bosque municipal, sin considerar que estas aguas arrastraron el producto qu\u00edmico seguramente varios kil\u00f3metros canal abajo.<\/p>\n<p><strong>Patricio Gallardo M.<\/strong><\/p>\n","protected":false},"excerpt":{"rendered":"<p>PUTAENDO.- Por causas que a\u00fan no est\u00e1n claras, la empresa contratista que termin\u00f3 por asfaltar y sellar los trabajos realizados en la Avenida Alejandrina Carvajal para conectar una nueva matriz de la&#8230;<\/p>\n","protected":false},"author":482,"featured_media":5988,"comment_status":"open","ping_status":"open","sticky":false,"template":"","format":"standard","meta":{"advanced_seo_description":"","jetpack_seo_html_title":"","jetpack_seo_noindex":false,"_jetpack_memberships_contains_paid_content":false,"footnotes":""},"categories":[15],"tags":[],"class_list":["post-5987","post","type-post","status-publish","format-standard","has-post-thumbnail","hentry","category-comunidad"],"jetpack_featured_media_url":"https:\/\/i0.wp.com\/eltrabajo.cl\/portal\/wp-content\/uploads\/2011\/11\/sello-asfaltico-1.jpg?fit=600%2C420&ssl=1","jetpack_sharing_enabled":true,"jetpack_likes_enabled":true,"jetpack-related-posts":[],"_links":{"self":[{"href":"https:\/\/eltrabajo.cl\/portal\/wp-json\/wp\/v2\/posts\/5987","targetHints":{"allow":["GET"]}}],"collection":[{"href":"https:\/\/eltrabajo.cl\/portal\/wp-json\/wp\/v2\/posts"}],"about":[{"href":"https:\/\/eltrabajo.cl\/portal\/wp-json\/wp\/v2\/types\/post"}],"author":[{"embeddable":true,"href":"https:\/\/eltrabajo.cl\/portal\/wp-json\/wp\/v2\/users\/482"}],"replies":[{"embeddable":true,"href":"https:\/\/eltrabajo.cl\/portal\/wp-json\/wp\/v2\/comments?post=5987"}],"version-history":[{"count":0,"href":"https:\/\/eltrabajo.cl\/portal\/wp-json\/wp\/v2\/posts\/5987\/revisions"}],"wp:featuredmedia":[{"embeddable":true,"href":"https:\/\/eltrabajo.cl\/portal\/wp-json\/wp\/v2\/media\/5988"}],"wp:attachment":[{"href":"https:\/\/eltrabajo.cl\/portal\/wp-json\/wp\/v2\/media?parent=5987"}],"wp:term":[{"taxonomy":"category","embeddable":true,"href":"https:\/\/eltrabajo.cl\/portal\/wp-json\/wp\/v2\/categories?post=5987"},{"taxonomy":"post_tag","embeddable":true,"href":"https:\/\/eltrabajo.cl\/portal\/wp-json\/wp\/v2\/tags?post=5987"}],"curies":[{"name":"wp","href":"https:\/\/api.w.org\/{rel}","templated":true}]}}