{"id":59889,"date":"2015-07-10T09:36:32","date_gmt":"2015-07-10T12:36:32","guid":{"rendered":"http:\/\/www.eltrabajo.cl\/portal\/?p=59889"},"modified":"2015-07-10T09:36:32","modified_gmt":"2015-07-10T12:36:32","slug":"hijo-ilustre-de-san-felipe-comparte-su-historia-con-diario-el-trabajo","status":"publish","type":"post","link":"https:\/\/eltrabajo.cl\/portal\/hijo-ilustre-de-san-felipe-comparte-su-historia-con-diario-el-trabajo\/","title":{"rendered":"Hijo Ilustre de San Felipe comparte su historia con Diario El Trabajo"},"content":{"rendered":"<figure id=\"attachment_59890\" aria-describedby=\"caption-attachment-59890\" style=\"width: 300px\" class=\"wp-caption alignleft\"><a href=\"https:\/\/i0.wp.com\/www.eltrabajo.cl\/portal\/wp-content\/uploads\/2015\/07\/Familiar1.jpg\"><img data-recalc-dims=\"1\" loading=\"lazy\" decoding=\"async\" class=\"wp-image-59890 size-medium\" src=\"https:\/\/i0.wp.com\/www.eltrabajo.cl\/portal\/wp-content\/uploads\/2015\/07\/Familiar1-300x198.jpg?resize=300%2C198\" alt=\"FOTO FAMILIAR.- Esta es parte de la familia del Dr. Ren\u00e9 Mart\u00ednez, quien este mes recibir\u00e1 oficialmente la menci\u00f3n de Hijo Ilustre de San Felipe.\" width=\"300\" height=\"198\" srcset=\"https:\/\/i0.wp.com\/eltrabajo.cl\/portal\/wp-content\/uploads\/2015\/07\/Familiar1.jpg?resize=300%2C198&amp;ssl=1 300w, https:\/\/i0.wp.com\/eltrabajo.cl\/portal\/wp-content\/uploads\/2015\/07\/Familiar1.jpg?resize=200%2C132&amp;ssl=1 200w, https:\/\/i0.wp.com\/eltrabajo.cl\/portal\/wp-content\/uploads\/2015\/07\/Familiar1.jpg?resize=228%2C150&amp;ssl=1 228w, https:\/\/i0.wp.com\/eltrabajo.cl\/portal\/wp-content\/uploads\/2015\/07\/Familiar1.jpg?resize=400%2C263&amp;ssl=1 400w, https:\/\/i0.wp.com\/eltrabajo.cl\/portal\/wp-content\/uploads\/2015\/07\/Familiar1.jpg?w=530&amp;ssl=1 530w\" sizes=\"auto, (max-width: 300px) 100vw, 300px\" \/><\/a><figcaption id=\"caption-attachment-59890\" class=\"wp-caption-text\">FOTO FAMILIAR.- Esta es parte de la familia del Dr. Ren\u00e9 Mart\u00ednez, quien este mes recibir\u00e1 oficialmente la menci\u00f3n de Hijo Ilustre de San Felipe.<\/figcaption><\/figure>\n<p>El Doctor Ren\u00e9 Mart\u00ednez Barros es; por su trabajo de primera l\u00ednea y por su introvertida forma de ser, una persona de pocas palabras y a veces inaccesible, pues en su trabajo como Director del Servicio de Cirug\u00eda y Jefe de Endoscop\u00eda Digestiva del Hospital San Camilo, siempre est\u00e1 asediado por pacientes y sus familiares, ya que \u00e9l es quien est\u00e1 al frente de esta importante labor, la de salvar vidas humanas en los casos m\u00e1s desesperantes de los aconcag\u00fcinos que son remitidos a ese centro hospitalario.<\/p>\n<p><strong>L\u00cdDER INNATO<\/strong><br \/>\nSin embargo y en virtud de que esta semana su nombre salt\u00f3 a la palestra p\u00fablica tras ser designado Hijo Ilustre de San Felipe por el Concejo Municipal, \u00e9l comparti\u00f3 unos minutos con Diario El Trabajo para contarnos algunas an\u00e9cdotas de su vida familiar y profesional.<br \/>\nEl Doctor Mart\u00ednez es pionero en Aconcagua de la Endoscop\u00eda Digestiva, pues desde 1980 acept\u00f3 el reto que su mentor, Eduardo Valenzuela, le lanzara amablemente, de traer esas herramientas y conocimientos para el servicio de los aconcag\u00fcinos.<br \/>\nTambi\u00e9n el nuevo Hijo Ilustre de San Felipe fue cofundador, all\u00e1 por 1986 y junto a su esposa, la actual ministra de Salud, Carmen Castillo y la se\u00f1ora Mar\u00eda Rubina, del Colegio Alem\u00e1n que se ubica a la entrada a nuestra ciudad.<br \/>\nLuego de terminar su Mag\u00edster en Biomedicina en la U. de Chile, no se conform\u00f3 con fundar el Comit\u00e9 Biom\u00e9dico del Hospital San Camilo, sino que tambi\u00e9n es su presidente actual.<\/p>\n<p><strong>A SOLAS CON EL\u00a0DR. MART\u00cdNEZ<\/strong><br \/>\n<strong>&#8211; \u00bfQui\u00e9n eres y c\u00f3mo te describes p\u00fablicamente a nuestros lectores?<\/strong><br \/>\n<strong>&#8211;<\/strong> Soy un mas\u00f3n del Tercer Grado, pertenezco a la Respetable Logia Patria y Libertad N\u00ba36 de San Felipe desde hace muchos a\u00f1os. Pertenezco tambi\u00e9n al C\u00edrculo de los 21; nac\u00ed en San Felipe el lunes 14 de diciembre de 1953, curs\u00e9 mi prekinder en el Liceo de Ni\u00f1as, que en ese entonces era mixto, luego estudi\u00e9 en la Escuela P\u00fablica N\u00ba2 de nuestra ciudad. Estudi\u00e9 despu\u00e9s en el Instituto Nacional de Humanidades y luego en la Universidad de Chile estudi\u00e9 Medicina, siempre he trabajado aqu\u00ed en San Felipe.<br \/>\n<strong>&#8211; \u00bfCu\u00e1ntos hijos tienes?<\/strong><br \/>\n<strong>&#8211;<\/strong> Tengo cuatro hijos, tres mujeres y un hombre, mi hija mayor est\u00e1 terminando sus estudios en Psiquiatr\u00eda actualmente en Santiago.<br \/>\n<strong>&#8211; \u00bfEn d\u00f3nde estabas cuando te enteraste que te hab\u00edan designado Hijo Ilustre de San Felipe?<\/strong><br \/>\n<strong>&#8211;<\/strong> Me enter\u00e9 de esta designaci\u00f3n como Hijo Ilustre de la ciudad al llegar el mi\u00e9rcoles a mi casa. Hab\u00eda llegado una carta en la que se me notificaba del nombramiento, luego me llam\u00f3 el alcalde Patricio Freire, quien me felicit\u00f3 de manera efusiva.<br \/>\n<strong>&#8211; \u00bfQu\u00e9 piensas de esta designaci\u00f3n?<\/strong><br \/>\n<strong>&#8211;<\/strong> Es un privilegio para m\u00ed este nombramiento, nunca imagin\u00e9 que se me reconociera de esta forma, pues la Medicina es una profesi\u00f3n que es Cl\u00e1sica y Profesa. He sido afortunado en que mi pap\u00e1 fue cirujano tambi\u00e9n, \u00e9l se llamaba igual que yo. Yo cre\u00eda que no contaba con los m\u00e9ritos para tan grande honor de ser Hijo Ilustre, pues para m\u00ed es un honor muy grande.<br \/>\n<strong>&#8211; \u00bfCu\u00e1l es su especialidad en el mundo de la Medicina?<\/strong><br \/>\n<strong>&#8211;<\/strong> Soy m\u00e9dico cirujano. M\u00e9dico en Cirug\u00eda digestiva, trato el c\u00e1ncer, aqu\u00ed en San Felipe hay mucho c\u00e1ncer.<br \/>\n<strong>&#8211; \u00bfCu\u00e1les personas influyeron en tu formaci\u00f3n profesional?<\/strong><br \/>\n<strong>&#8211;<\/strong> A m\u00ed quien me form\u00f3 como m\u00e9dico fue el Dr. Eduardo Valenzuela, \u00e9l tambi\u00e9n es Hijo Ilustre de San Felipe e influy\u00f3 profesional y de manera humana en m\u00ed. De \u00e9l tambi\u00e9n recib\u00ed mi formaci\u00f3n t\u00e9cnica y quir\u00fargica, despu\u00e9s ampli\u00e9 mis conocimientos en el instituto chileno-japon\u00e9s cuando exist\u00eda.<br \/>\n<strong>&#8211; \u00bfTienes idea de cu\u00e1ntas operaciones has realizado en tu vida como cirujano?<\/strong><br \/>\n<strong>&#8211;<\/strong> Es imposible tener una idea de la cantidad de personas a quienes he operado en estos 36 a\u00f1os como cirujano de este hospital.<br \/>\n<strong>Roberto Gonz\u00e1lez Short<\/strong><br \/>\n<strong>rgonzalez@eltrabajo.cl<\/strong><\/p>\n<div class=\"tiled-gallery type-rectangular tiled-gallery-unresized\" data-original-width=\"640\" data-carousel-extra='null' itemscope itemtype=\"http:\/\/schema.org\/ImageGallery\" > <div class=\"gallery-row\" style=\"width: 640px; height: 212px;\" data-original-width=\"640\" data-original-height=\"212\" > <div class=\"gallery-group images-1\" style=\"width: 321px; height: 212px;\" data-original-width=\"321\" data-original-height=\"212\" > <div class=\"tiled-gallery-item tiled-gallery-item-large\" itemprop=\"associatedMedia\" itemscope itemtype=\"http:\/\/schema.org\/ImageObject\"> <a href=\"https:\/\/eltrabajo.cl\/portal\/hijo-ilustre-de-san-felipe-comparte-su-historia-con-diario-el-trabajo\/rene-martnez\/\" border=\"0\" itemprop=\"url\"> <meta itemprop=\"width\" content=\"317\"> <meta itemprop=\"height\" content=\"208\"> <img decoding=\"async\" class=\"\" data-attachment-id=\"59892\" data-orig-file=\"https:\/\/eltrabajo.cl\/portal\/wp-content\/uploads\/2015\/07\/Rene-Martnez.jpg\" data-orig-size=\"530,348\" data-comments-opened=\"1\" data-image-meta=\"{&quot;aperture&quot;:&quot;0&quot;,&quot;credit&quot;:&quot;&quot;,&quot;camera&quot;:&quot;&quot;,&quot;caption&quot;:&quot;&quot;,&quot;created_timestamp&quot;:&quot;0&quot;,&quot;copyright&quot;:&quot;&quot;,&quot;focal_length&quot;:&quot;0&quot;,&quot;iso&quot;:&quot;0&quot;,&quot;shutter_speed&quot;:&quot;0&quot;,&quot;title&quot;:&quot;&quot;,&quot;orientation&quot;:&quot;0&quot;}\" data-image-title=\"Rene Martnez\" data-image-description=\"&lt;p&gt;Doctor Ren\u00e9 Mart\u00ednez Barros, Hijo Ilustre de San Felipe.&lt;\/p&gt; \" data-medium-file=\"https:\/\/i0.wp.com\/eltrabajo.cl\/portal\/wp-content\/uploads\/2015\/07\/Rene-Martnez.jpg?fit=300%2C197&#038;ssl=1\" data-large-file=\"https:\/\/i0.wp.com\/eltrabajo.cl\/portal\/wp-content\/uploads\/2015\/07\/Rene-Martnez.jpg?fit=530%2C348&#038;ssl=1\" src=\"https:\/\/i0.wp.com\/eltrabajo.cl\/portal\/wp-content\/uploads\/2015\/07\/Rene-Martnez.jpg?w=317&#038;h=208&#038;ssl=1\" srcset=\"https:\/\/i0.wp.com\/eltrabajo.cl\/portal\/wp-content\/uploads\/2015\/07\/Rene-Martnez.jpg?w=530&amp;ssl=1 530w, https:\/\/i0.wp.com\/eltrabajo.cl\/portal\/wp-content\/uploads\/2015\/07\/Rene-Martnez.jpg?resize=200%2C131&amp;ssl=1 200w, https:\/\/i0.wp.com\/eltrabajo.cl\/portal\/wp-content\/uploads\/2015\/07\/Rene-Martnez.jpg?resize=300%2C197&amp;ssl=1 300w, https:\/\/i0.wp.com\/eltrabajo.cl\/portal\/wp-content\/uploads\/2015\/07\/Rene-Martnez.jpg?resize=228%2C150&amp;ssl=1 228w, https:\/\/i0.wp.com\/eltrabajo.cl\/portal\/wp-content\/uploads\/2015\/07\/Rene-Martnez.jpg?resize=400%2C263&amp;ssl=1 400w\" width=\"317\" height=\"208\" loading=\"lazy\" data-original-width=\"317\" data-original-height=\"208\" itemprop=\"http:\/\/schema.org\/image\" title=\"Rene Martnez\" alt=\"Doctor Ren\u00e9 Mart\u00ednez Barros, Hijo Ilustre de San Felipe.\" style=\"width: 317px; height: 208px;\" \/> <\/a> <div class=\"tiled-gallery-caption\" itemprop=\"caption description\"> Doctor Ren\u00e9 Mart\u00ednez Barros, Hijo Ilustre de San Felipe. <\/div> <\/div> <\/div> <!-- close group --> <div class=\"gallery-group images-1\" style=\"width: 319px; height: 212px;\" data-original-width=\"319\" data-original-height=\"212\" > <div class=\"tiled-gallery-item tiled-gallery-item-large\" itemprop=\"associatedMedia\" itemscope itemtype=\"http:\/\/schema.org\/ImageObject\"> <a href=\"https:\/\/eltrabajo.cl\/portal\/hijo-ilustre-de-san-felipe-comparte-su-historia-con-diario-el-trabajo\/jovenes1-2\/\" border=\"0\" itemprop=\"url\"> <meta itemprop=\"width\" content=\"315\"> <meta itemprop=\"height\" content=\"208\"> <img decoding=\"async\" class=\"\" data-attachment-id=\"59891\" data-orig-file=\"https:\/\/eltrabajo.cl\/portal\/wp-content\/uploads\/2015\/07\/Jovenes1.jpg\" data-orig-size=\"530,350\" data-comments-opened=\"1\" data-image-meta=\"{&quot;aperture&quot;:&quot;0&quot;,&quot;credit&quot;:&quot;&quot;,&quot;camera&quot;:&quot;&quot;,&quot;caption&quot;:&quot;&quot;,&quot;created_timestamp&quot;:&quot;0&quot;,&quot;copyright&quot;:&quot;&quot;,&quot;focal_length&quot;:&quot;0&quot;,&quot;iso&quot;:&quot;0&quot;,&quot;shutter_speed&quot;:&quot;0&quot;,&quot;title&quot;:&quot;&quot;,&quot;orientation&quot;:&quot;0&quot;}\" data-image-title=\"Jovenes1\" data-image-description=\"&lt;p&gt;RECUERDOS DE JUVENTUD.- As\u00ed luc\u00edan en sus a\u00f1os mozos el Dr. Mart\u00ednez y la Ministra Castillo, cuando apenas ten\u00edan poco tiempo de casados, foto tomada en Brasil.&lt;\/p&gt; \" data-medium-file=\"https:\/\/i0.wp.com\/eltrabajo.cl\/portal\/wp-content\/uploads\/2015\/07\/Jovenes1.jpg?fit=300%2C198&#038;ssl=1\" data-large-file=\"https:\/\/i0.wp.com\/eltrabajo.cl\/portal\/wp-content\/uploads\/2015\/07\/Jovenes1.jpg?fit=530%2C350&#038;ssl=1\" src=\"https:\/\/i0.wp.com\/eltrabajo.cl\/portal\/wp-content\/uploads\/2015\/07\/Jovenes1.jpg?w=315&#038;h=208&#038;ssl=1\" srcset=\"https:\/\/i0.wp.com\/eltrabajo.cl\/portal\/wp-content\/uploads\/2015\/07\/Jovenes1.jpg?w=530&amp;ssl=1 530w, https:\/\/i0.wp.com\/eltrabajo.cl\/portal\/wp-content\/uploads\/2015\/07\/Jovenes1.jpg?resize=200%2C132&amp;ssl=1 200w, https:\/\/i0.wp.com\/eltrabajo.cl\/portal\/wp-content\/uploads\/2015\/07\/Jovenes1.jpg?resize=300%2C198&amp;ssl=1 300w, https:\/\/i0.wp.com\/eltrabajo.cl\/portal\/wp-content\/uploads\/2015\/07\/Jovenes1.jpg?resize=227%2C150&amp;ssl=1 227w, https:\/\/i0.wp.com\/eltrabajo.cl\/portal\/wp-content\/uploads\/2015\/07\/Jovenes1.jpg?resize=400%2C264&amp;ssl=1 400w\" width=\"315\" height=\"208\" loading=\"lazy\" data-original-width=\"315\" data-original-height=\"208\" itemprop=\"http:\/\/schema.org\/image\" title=\"Jovenes1\" alt=\"RECUERDOS DE JUVENTUD.- As\u00ed luc\u00edan en sus a\u00f1os mozos el Dr. Mart\u00ednez y la Ministra Castillo, cuando apenas ten\u00edan poco tiempo de casados, foto tomada en Brasil.\" style=\"width: 315px; height: 208px;\" \/> <\/a> <div class=\"tiled-gallery-caption\" itemprop=\"caption description\"> RECUERDOS DE JUVENTUD.- As\u00ed luc\u00edan en sus a\u00f1os mozos el Dr. Mart\u00ednez y la Ministra Castillo, cuando apenas ten\u00edan poco tiempo de casados, foto tomada en Brasil. <\/div> <\/div> <\/div> <!-- close group --> <\/div> <!-- close row --> <\/div>\n","protected":false},"excerpt":{"rendered":"<p>El Doctor Ren\u00e9 Mart\u00ednez Barros es; por su trabajo de primera l\u00ednea y por su introvertida forma de ser, una persona de pocas palabras y a veces inaccesible, pues en su trabajo&#8230;<\/p>\n","protected":false},"author":482,"featured_media":59890,"comment_status":"open","ping_status":"open","sticky":false,"template":"","format":"standard","meta":{"advanced_seo_description":"","jetpack_seo_html_title":"","jetpack_seo_noindex":false,"_jetpack_memberships_contains_paid_content":false,"footnotes":""},"categories":[15],"tags":[],"class_list":["post-59889","post","type-post","status-publish","format-standard","has-post-thumbnail","hentry","category-comunidad"],"jetpack_featured_media_url":"https:\/\/i0.wp.com\/eltrabajo.cl\/portal\/wp-content\/uploads\/2015\/07\/Familiar1.jpg?fit=530%2C349&ssl=1","jetpack_sharing_enabled":true,"jetpack_likes_enabled":true,"jetpack-related-posts":[],"_links":{"self":[{"href":"https:\/\/eltrabajo.cl\/portal\/wp-json\/wp\/v2\/posts\/59889","targetHints":{"allow":["GET"]}}],"collection":[{"href":"https:\/\/eltrabajo.cl\/portal\/wp-json\/wp\/v2\/posts"}],"about":[{"href":"https:\/\/eltrabajo.cl\/portal\/wp-json\/wp\/v2\/types\/post"}],"author":[{"embeddable":true,"href":"https:\/\/eltrabajo.cl\/portal\/wp-json\/wp\/v2\/users\/482"}],"replies":[{"embeddable":true,"href":"https:\/\/eltrabajo.cl\/portal\/wp-json\/wp\/v2\/comments?post=59889"}],"version-history":[{"count":0,"href":"https:\/\/eltrabajo.cl\/portal\/wp-json\/wp\/v2\/posts\/59889\/revisions"}],"wp:featuredmedia":[{"embeddable":true,"href":"https:\/\/eltrabajo.cl\/portal\/wp-json\/wp\/v2\/media\/59890"}],"wp:attachment":[{"href":"https:\/\/eltrabajo.cl\/portal\/wp-json\/wp\/v2\/media?parent=59889"}],"wp:term":[{"taxonomy":"category","embeddable":true,"href":"https:\/\/eltrabajo.cl\/portal\/wp-json\/wp\/v2\/categories?post=59889"},{"taxonomy":"post_tag","embeddable":true,"href":"https:\/\/eltrabajo.cl\/portal\/wp-json\/wp\/v2\/tags?post=59889"}],"curies":[{"name":"wp","href":"https:\/\/api.w.org\/{rel}","templated":true}]}}