{"id":59894,"date":"2015-07-10T09:39:04","date_gmt":"2015-07-10T12:39:04","guid":{"rendered":"http:\/\/www.eltrabajo.cl\/portal\/?p=59894"},"modified":"2015-07-10T09:39:04","modified_gmt":"2015-07-10T12:39:04","slug":"jefe-del-registro-civil-de-san-felipe-nuestra-funcionaria-nunca-discrimino-a-este-usuario-no-vidente","status":"publish","type":"post","link":"https:\/\/eltrabajo.cl\/portal\/jefe-del-registro-civil-de-san-felipe-nuestra-funcionaria-nunca-discrimino-a-este-usuario-no-vidente\/","title":{"rendered":"Jefe del Registro Civil de San Felipe:\u00a0\u00abNuestra funcionaria nunca discrimin\u00f3 a este usuario no vidente\u00bb"},"content":{"rendered":"<figure id=\"attachment_59895\" aria-describedby=\"caption-attachment-59895\" style=\"width: 300px\" class=\"wp-caption alignleft\"><a href=\"https:\/\/i0.wp.com\/www.eltrabajo.cl\/portal\/wp-content\/uploads\/2015\/07\/Horacio-Huren.jpg\"><img data-recalc-dims=\"1\" loading=\"lazy\" decoding=\"async\" class=\"wp-image-59895 size-medium\" src=\"https:\/\/i0.wp.com\/www.eltrabajo.cl\/portal\/wp-content\/uploads\/2015\/07\/Horacio-Huren-300x197.jpg?resize=300%2C197\" alt=\"Horacio Huren, jefe del Registro Civil de San Felipe.\" width=\"300\" height=\"197\" srcset=\"https:\/\/i0.wp.com\/eltrabajo.cl\/portal\/wp-content\/uploads\/2015\/07\/Horacio-Huren.jpg?resize=300%2C197&amp;ssl=1 300w, https:\/\/i0.wp.com\/eltrabajo.cl\/portal\/wp-content\/uploads\/2015\/07\/Horacio-Huren.jpg?resize=200%2C131&amp;ssl=1 200w, https:\/\/i0.wp.com\/eltrabajo.cl\/portal\/wp-content\/uploads\/2015\/07\/Horacio-Huren.jpg?resize=228%2C150&amp;ssl=1 228w, https:\/\/i0.wp.com\/eltrabajo.cl\/portal\/wp-content\/uploads\/2015\/07\/Horacio-Huren.jpg?resize=400%2C263&amp;ssl=1 400w, https:\/\/i0.wp.com\/eltrabajo.cl\/portal\/wp-content\/uploads\/2015\/07\/Horacio-Huren.jpg?w=530&amp;ssl=1 530w\" sizes=\"auto, (max-width: 300px) 100vw, 300px\" \/><\/a><figcaption id=\"caption-attachment-59895\" class=\"wp-caption-text\">Horacio Huren, jefe del Registro Civil de San Felipe.<\/figcaption><\/figure>\n<p>En relaci\u00f3n a una queja publicada el d\u00eda de ayer en nuestro medio, en donde un ciego asegura haber sido discriminado por la funcionaria del Registro Civil que atiende en el Hospital San Camilo, esa versi\u00f3n fue desmentida categ\u00f3ricamente por Horacio Huren, jefe del Registro Civil de San Felipe, quien justific\u00f3 el trabajo de su subalterna.<br \/>\n\u00abEl accionar de la encargada de esa oficina, Mar\u00eda Cecilia Meza Guerra, est\u00e1 completamente correcto. A este joven no se le discrimin\u00f3 de manera alguna, si la persona no puede escribir, se debe solicitar que presente a una tercera persona para que certifique su voluntad\u00bb, explic\u00f3 Huren a Diario El Trabajo.<br \/>\nSeg\u00fan el funcionario, el usuario no present\u00f3 sus papeles y se frustr\u00f3 un poco por tener que esperar, pero que en ning\u00fan momento se le trat\u00f3 de malas maneras.<\/p>\n<p>\u00abNuestra funcionaria nunca discrimin\u00f3 a este usuario no vidente. Mar\u00eda Cecilia Meza es una persona con grandes valores morales, me extra\u00f1a mucho esta noticia, ella no puede anotar el nombre de la ni\u00f1a en el formulario, por eso ella tuvo que esperar a que el padre de la ni\u00f1a presentara a alguien de su confianza\u00bb, puntualiz\u00f3 el funcionario.<\/p>\n<p><strong>Roberto Gonz\u00e1lez Short<\/strong><br \/>\n<strong>rgonzalez@eltrabajo.cl<\/strong><\/p>\n","protected":false},"excerpt":{"rendered":"<p>En relaci\u00f3n a una queja publicada el d\u00eda de ayer en nuestro medio, en donde un ciego asegura haber sido discriminado por la funcionaria del Registro Civil que atiende en el Hospital&#8230;<\/p>\n","protected":false},"author":482,"featured_media":59895,"comment_status":"open","ping_status":"open","sticky":false,"template":"","format":"standard","meta":{"advanced_seo_description":"","jetpack_seo_html_title":"","jetpack_seo_noindex":false,"_jetpack_memberships_contains_paid_content":false,"footnotes":""},"categories":[15],"tags":[],"class_list":["post-59894","post","type-post","status-publish","format-standard","has-post-thumbnail","hentry","category-comunidad"],"jetpack_featured_media_url":"https:\/\/i0.wp.com\/eltrabajo.cl\/portal\/wp-content\/uploads\/2015\/07\/Horacio-Huren.jpg?fit=530%2C348&ssl=1","jetpack_sharing_enabled":true,"jetpack_likes_enabled":true,"jetpack-related-posts":[],"_links":{"self":[{"href":"https:\/\/eltrabajo.cl\/portal\/wp-json\/wp\/v2\/posts\/59894","targetHints":{"allow":["GET"]}}],"collection":[{"href":"https:\/\/eltrabajo.cl\/portal\/wp-json\/wp\/v2\/posts"}],"about":[{"href":"https:\/\/eltrabajo.cl\/portal\/wp-json\/wp\/v2\/types\/post"}],"author":[{"embeddable":true,"href":"https:\/\/eltrabajo.cl\/portal\/wp-json\/wp\/v2\/users\/482"}],"replies":[{"embeddable":true,"href":"https:\/\/eltrabajo.cl\/portal\/wp-json\/wp\/v2\/comments?post=59894"}],"version-history":[{"count":0,"href":"https:\/\/eltrabajo.cl\/portal\/wp-json\/wp\/v2\/posts\/59894\/revisions"}],"wp:featuredmedia":[{"embeddable":true,"href":"https:\/\/eltrabajo.cl\/portal\/wp-json\/wp\/v2\/media\/59895"}],"wp:attachment":[{"href":"https:\/\/eltrabajo.cl\/portal\/wp-json\/wp\/v2\/media?parent=59894"}],"wp:term":[{"taxonomy":"category","embeddable":true,"href":"https:\/\/eltrabajo.cl\/portal\/wp-json\/wp\/v2\/categories?post=59894"},{"taxonomy":"post_tag","embeddable":true,"href":"https:\/\/eltrabajo.cl\/portal\/wp-json\/wp\/v2\/tags?post=59894"}],"curies":[{"name":"wp","href":"https:\/\/api.w.org\/{rel}","templated":true}]}}