{"id":59901,"date":"2015-07-10T09:43:51","date_gmt":"2015-07-10T12:43:51","guid":{"rendered":"http:\/\/www.eltrabajo.cl\/portal\/?p=59901"},"modified":"2015-07-10T09:43:51","modified_gmt":"2015-07-10T12:43:51","slug":"a-punta-de-cuchillo-asaltan-a-montepiada-de-70-anos-en-pleno-centro","status":"publish","type":"post","link":"https:\/\/eltrabajo.cl\/portal\/a-punta-de-cuchillo-asaltan-a-montepiada-de-70-anos-en-pleno-centro\/","title":{"rendered":"A punta de cuchillo asaltan a montepiada de 70 a\u00f1os en pleno centro"},"content":{"rendered":"<figure id=\"attachment_59902\" aria-describedby=\"caption-attachment-59902\" style=\"width: 300px\" class=\"wp-caption alignleft\"><a href=\"https:\/\/i0.wp.com\/www.eltrabajo.cl\/portal\/wp-content\/uploads\/2015\/07\/Raquel-Soto-victima.jpg\"><img data-recalc-dims=\"1\" loading=\"lazy\" decoding=\"async\" class=\"wp-image-59902 size-medium\" src=\"https:\/\/i0.wp.com\/www.eltrabajo.cl\/portal\/wp-content\/uploads\/2015\/07\/Raquel-Soto-victima-300x197.jpg?resize=300%2C197\" alt=\"Raquel Soto Mu\u00f1oz tiene 70 a\u00f1os y es montepiada de Carabineros, ella fue v\u00edctima de un asalto en pleno centro de San Felipe tras retirar dinero desde el ServiEstado en Santo Domingo.\" width=\"300\" height=\"197\" srcset=\"https:\/\/i0.wp.com\/eltrabajo.cl\/portal\/wp-content\/uploads\/2015\/07\/Raquel-Soto-victima.jpg?resize=300%2C197&amp;ssl=1 300w, https:\/\/i0.wp.com\/eltrabajo.cl\/portal\/wp-content\/uploads\/2015\/07\/Raquel-Soto-victima.jpg?resize=200%2C131&amp;ssl=1 200w, https:\/\/i0.wp.com\/eltrabajo.cl\/portal\/wp-content\/uploads\/2015\/07\/Raquel-Soto-victima.jpg?resize=228%2C150&amp;ssl=1 228w, https:\/\/i0.wp.com\/eltrabajo.cl\/portal\/wp-content\/uploads\/2015\/07\/Raquel-Soto-victima.jpg?resize=400%2C263&amp;ssl=1 400w, https:\/\/i0.wp.com\/eltrabajo.cl\/portal\/wp-content\/uploads\/2015\/07\/Raquel-Soto-victima.jpg?w=530&amp;ssl=1 530w\" sizes=\"auto, (max-width: 300px) 100vw, 300px\" \/><\/a><figcaption id=\"caption-attachment-59902\" class=\"wp-caption-text\">Raquel Soto Mu\u00f1oz tiene 70 a\u00f1os y es montepiada de Carabineros, ella fue v\u00edctima de un asalto en pleno centro de San Felipe tras retirar dinero desde el ServiEstado en Santo Domingo.<\/figcaption><\/figure>\n<ul>\n<li><strong>Raquel Soto Mu\u00f1oz fue abordada al salir con su pensi\u00f3n del cajero ServiEstado en Santo Domingo, siendo amenazada con un cuchillo cocinero. Al concurrir a Carabineros asegura haber recibido mal trato de una funcionaria por su deficiencia auditiva.<\/strong><\/li>\n<\/ul>\n<p>A\u00fan atemorizada y entre l\u00e1grimas, Raquel Soto Mu\u00f1oz, de 70 a\u00f1os de edad, revive muy nerviosa el traum\u00e1tico episodio delictual del que fue v\u00edctima el pasado lunes, cuando a primeras horas del d\u00eda se dirigi\u00f3 hasta el local de ServiEstado en Santo Domingo para retirar dinero. Al salir de esa entidad bancaria para retornar a su domicilio, sorpresivamente una pareja de delincuentes la abord\u00f3 y la arroj\u00f3 contra la pared, amenaz\u00e1ndola con cuchillo para apoderarse de todo el dinero que portaba.<br \/>\nRaquel detalla en primera persona a Diario El Trabajo estos sucesos para ella nunca vividos, cuando decidi\u00f3 ir por s\u00ed sola a retirar su pensi\u00f3n como montepiada de Carabineros, dinero que utiliza \u00edntegramente para cubrir los gastos de los medicamentos que debe tratar por su hipertensi\u00f3n y otras dolencias asociadas a su edad.<\/p>\n<figure id=\"attachment_59903\" aria-describedby=\"caption-attachment-59903\" style=\"width: 300px\" class=\"wp-caption alignright\"><a href=\"https:\/\/i0.wp.com\/www.eltrabajo.cl\/portal\/wp-content\/uploads\/2015\/07\/Reyna.jpg\"><img data-recalc-dims=\"1\" loading=\"lazy\" decoding=\"async\" class=\"wp-image-59903 size-medium\" src=\"https:\/\/i0.wp.com\/www.eltrabajo.cl\/portal\/wp-content\/uploads\/2015\/07\/Reyna-300x198.jpg?resize=300%2C198\" alt=\"Reyna, hija de Raquel, anunci\u00f3 que realizar\u00e1 un reclamo formal ante la Direcci\u00f3n General de Carabineros.\" width=\"300\" height=\"198\" srcset=\"https:\/\/i0.wp.com\/eltrabajo.cl\/portal\/wp-content\/uploads\/2015\/07\/Reyna.jpg?resize=300%2C198&amp;ssl=1 300w, https:\/\/i0.wp.com\/eltrabajo.cl\/portal\/wp-content\/uploads\/2015\/07\/Reyna.jpg?resize=200%2C132&amp;ssl=1 200w, https:\/\/i0.wp.com\/eltrabajo.cl\/portal\/wp-content\/uploads\/2015\/07\/Reyna.jpg?resize=227%2C150&amp;ssl=1 227w, https:\/\/i0.wp.com\/eltrabajo.cl\/portal\/wp-content\/uploads\/2015\/07\/Reyna.jpg?resize=400%2C264&amp;ssl=1 400w, https:\/\/i0.wp.com\/eltrabajo.cl\/portal\/wp-content\/uploads\/2015\/07\/Reyna.jpg?w=530&amp;ssl=1 530w\" sizes=\"auto, (max-width: 300px) 100vw, 300px\" \/><\/a><figcaption id=\"caption-attachment-59903\" class=\"wp-caption-text\">Reyna, hija de Raquel, anunci\u00f3 que realizar\u00e1 un reclamo formal ante la Direcci\u00f3n General de Carabineros.<\/figcaption><\/figure>\n<p>Eran pasadas las 09:00 horas cuando Raquel, luego de obtener el dinero, camin\u00f3 lentamente por calle Santo Domingo al oriente para girar hacia Portus, cuando una mujer de acento colombiano se interpuso en su marcha, dici\u00e9ndole que su pareja, un hombre alto, manten\u00eda en su poder un cuchillo de enorme tama\u00f1o, arma blanca que fue exhibida a Raquel mientras la delincuente la acorral\u00f3 contra la pared.<br \/>\nLa v\u00edctima contin\u00faa su relato diciendo que relacion\u00f3 la nacionalidad de la antisocial por su acento al hablar, mientras el sujeto presionaba con el cuchillo sobre su espalda para que no se opusiera al asalto ni pidiera auxilio a alg\u00fan transe\u00fante.<br \/>\nRaquel, consternada con este deleznable acto, continu\u00f3 su relato explicando que la f\u00e9mina extranjera hurg\u00f3 en su cartera para robarle la billetera donde manten\u00eda la suma de $125.000.<br \/>\nAl obtener el bot\u00edn la pareja de antisociales escap\u00f3 mientras Raquel mir\u00f3 a su alrededor y observ\u00f3 que por aquella calle no se encontraba ninguna persona a quien pedir auxilio. Presa del p\u00e1nico dice que comenz\u00f3 a sentirse muy mal, advirtiendo como su presi\u00f3n arterial comenzaba a subir por los nervios y el miedo.<br \/>\n<strong>&#8211; \u00bfC\u00f3mo actuaron estos sujetos?<\/strong><br \/>\n<strong>&#8211;<\/strong> La mujer me tir\u00f3 contra la pared y me dijo: \u2018No te resistas mami, mira que \u00e9ste (refiri\u00e9ndose al otro delincuente) te va a hacer una cirug\u00eda sin anestesia incluso te puede cortar esa carita tan bonita\u2019. Vi cuando me pusieron la cuchilla en la espalda, yo estaba aterrada, no sab\u00eda qu\u00e9 hacer, no se me ocurri\u00f3 haber tomado un colectivo despu\u00e9s, s\u00f3lo me fui caminando y llorando.<br \/>\nRaquel asegura haber vivido una crisis emocional durante el trayecto que emprendi\u00f3 hacia la Segunda Comisar\u00eda de Carabineros, donde para peor de males asegura que habr\u00eda sido adem\u00e1s v\u00edctima de burlas por parte de una funcionaria policial debido a que Raquel tiene una deficiencia auditiva, debiendo usar aud\u00edfonos especializados para este mal, que precisamente en esos instantes no los portaba, se\u00f1alando que no escuchaba muy bien lo que la mujer polic\u00eda le estaba preguntando al momento de realizar la denuncia.<br \/>\n<strong>&#8211; \u00bfQu\u00e9 fue lo que pas\u00f3 en la Comisar\u00eda?<\/strong><br \/>\n<strong>&#8211;<\/strong> Llegu\u00e9 hasta la Comisar\u00eda y pens\u00e9 que me iban a apoyar, pero esta funcionaria se port\u00f3 p\u00e9simo, p\u00e9simo (llora)&#8230; Un sargento me pregunt\u00f3 qu\u00e9 era lo que hab\u00eda sucedido, le cont\u00e9 que me hab\u00edan robado la plata, y me respondi\u00f3 que: \u2018Vamos a ver qu\u00e9 se puede hacer\u2019&#8230; Me pongo m\u00e1s sorda cuando estoy nerviosa, por eso no me gusta salir y ese d\u00eda ten\u00eda que hacerlo porque justo mi hija estaba trabajando.<br \/>\nEsta v\u00edctima continu\u00f3 diciendo que los funcionarios policiales le tomaron algunos datos y le entregaron el comprobante de denuncia que ser\u00eda remitido hasta la Fiscal\u00eda de San Felipe. \u201cLa polic\u00eda es una tipa atrevida, no s\u00e9 si ella tendr\u00e1 mam\u00e1 para que sea tan desconsiderada&#8230;\u201d<br \/>\nRaquel, al llegar a este punto de su testimonio, debi\u00f3 cesar la entrevista debido a la evidente alteraci\u00f3n de su estado emocional que a\u00fan la sigue afectando. Ella actualmente vive con su hija, quien lament\u00f3 lo sucedido en Carabineros como tambi\u00e9n replicando contra los delincuentes que asaltaron a su madre.<br \/>\nReyna, hija de Raquel, critic\u00f3 duramente a Carabineros por el mal trato que se le brind\u00f3 a su madre, pese a ser un adulto mayor que por sus propios medios concurri\u00f3 a pedir ayuda a la polic\u00eda para que lograran capturar a estos sujetos, pero el resultado no fue el esperado, argumentando que realizar\u00e1 una denuncia ante la Direcci\u00f3n General de Carabineros.<br \/>\n\u201cEstamos viviendo en una ciudad en que los delincuentes le ganan a la polic\u00eda, a las autoridades, ellos no est\u00e1n haciendo nada y lo digo con respeto y responsablemente; no es s\u00f3lo el caso que le sucedi\u00f3 a mi madre, le ha pasado a cientos de personas de la tercera edad. Ahora lo que nosotros s\u00ed vamos a recurrir a la Direcci\u00f3n General de Carabineros, no me dirigir\u00e9 a la Comisar\u00eda porque vamos a quedar en nada. La funcionaria le hizo un da\u00f1o psicol\u00f3gico a mi madre que tiene 70 a\u00f1os, porque esto no se puede quedar as\u00ed, ella no merece llevar el uniforme de Carabineros\u201d.<br \/>\nHasta el cierre de esta nota, Diario El Trabajo intent\u00f3 comunicarse telef\u00f3nicamente con la Comisario de Carabineros, Mayor Maureen Espinoza, para aclarar lo sucedido, sin obtener respuesta a los llamados.<br \/>\n<strong>Pablo Salinas Sald\u00edas<\/strong><\/p>\n","protected":false},"excerpt":{"rendered":"<p>Raquel Soto Mu\u00f1oz fue abordada al salir con su pensi\u00f3n del cajero ServiEstado en Santo Domingo, siendo amenazada con un cuchillo cocinero. Al concurrir a Carabineros asegura haber recibido mal trato de&#8230;<\/p>\n","protected":false},"author":482,"featured_media":59902,"comment_status":"open","ping_status":"open","sticky":false,"template":"","format":"standard","meta":{"advanced_seo_description":"","jetpack_seo_html_title":"","jetpack_seo_noindex":false,"_jetpack_memberships_contains_paid_content":false,"footnotes":""},"categories":[21],"tags":[],"class_list":["post-59901","post","type-post","status-publish","format-standard","has-post-thumbnail","hentry","category-policial"],"jetpack_featured_media_url":"https:\/\/i0.wp.com\/eltrabajo.cl\/portal\/wp-content\/uploads\/2015\/07\/Raquel-Soto-victima.jpg?fit=530%2C348&ssl=1","jetpack_sharing_enabled":true,"jetpack_likes_enabled":true,"jetpack-related-posts":[],"_links":{"self":[{"href":"https:\/\/eltrabajo.cl\/portal\/wp-json\/wp\/v2\/posts\/59901","targetHints":{"allow":["GET"]}}],"collection":[{"href":"https:\/\/eltrabajo.cl\/portal\/wp-json\/wp\/v2\/posts"}],"about":[{"href":"https:\/\/eltrabajo.cl\/portal\/wp-json\/wp\/v2\/types\/post"}],"author":[{"embeddable":true,"href":"https:\/\/eltrabajo.cl\/portal\/wp-json\/wp\/v2\/users\/482"}],"replies":[{"embeddable":true,"href":"https:\/\/eltrabajo.cl\/portal\/wp-json\/wp\/v2\/comments?post=59901"}],"version-history":[{"count":0,"href":"https:\/\/eltrabajo.cl\/portal\/wp-json\/wp\/v2\/posts\/59901\/revisions"}],"wp:featuredmedia":[{"embeddable":true,"href":"https:\/\/eltrabajo.cl\/portal\/wp-json\/wp\/v2\/media\/59902"}],"wp:attachment":[{"href":"https:\/\/eltrabajo.cl\/portal\/wp-json\/wp\/v2\/media?parent=59901"}],"wp:term":[{"taxonomy":"category","embeddable":true,"href":"https:\/\/eltrabajo.cl\/portal\/wp-json\/wp\/v2\/categories?post=59901"},{"taxonomy":"post_tag","embeddable":true,"href":"https:\/\/eltrabajo.cl\/portal\/wp-json\/wp\/v2\/tags?post=59901"}],"curies":[{"name":"wp","href":"https:\/\/api.w.org\/{rel}","templated":true}]}}