{"id":59941,"date":"2015-07-13T09:36:55","date_gmt":"2015-07-13T12:36:55","guid":{"rendered":"http:\/\/www.eltrabajo.cl\/portal\/?p=59941"},"modified":"2015-07-13T09:36:55","modified_gmt":"2015-07-13T12:36:55","slug":"matronas-aconcaguinas-defienden-marchando-su-campo-laboral","status":"publish","type":"post","link":"https:\/\/eltrabajo.cl\/portal\/matronas-aconcaguinas-defienden-marchando-su-campo-laboral\/","title":{"rendered":"Matronas aconcag\u00fcinas defienden marchando su campo laboral"},"content":{"rendered":"<figure id=\"attachment_59942\" aria-describedby=\"caption-attachment-59942\" style=\"width: 300px\" class=\"wp-caption alignleft\"><a href=\"https:\/\/i0.wp.com\/www.eltrabajo.cl\/portal\/wp-content\/uploads\/2015\/07\/Marcha1.jpg\"><img data-recalc-dims=\"1\" loading=\"lazy\" decoding=\"async\" class=\"wp-image-59942 size-medium\" src=\"https:\/\/i0.wp.com\/www.eltrabajo.cl\/portal\/wp-content\/uploads\/2015\/07\/Marcha1-300x198.jpg?resize=300%2C198\" alt=\"MATRONAS EN ALERTA.- Decenas de matronas aconcag\u00fcinas marcharon el jueves por las calles de San Felipe para defender su campo laboral de m\u00e1s de 180 a\u00f1os en Chile.\" width=\"300\" height=\"198\" srcset=\"https:\/\/i0.wp.com\/eltrabajo.cl\/portal\/wp-content\/uploads\/2015\/07\/Marcha1.jpg?resize=300%2C198&amp;ssl=1 300w, https:\/\/i0.wp.com\/eltrabajo.cl\/portal\/wp-content\/uploads\/2015\/07\/Marcha1.jpg?resize=200%2C132&amp;ssl=1 200w, https:\/\/i0.wp.com\/eltrabajo.cl\/portal\/wp-content\/uploads\/2015\/07\/Marcha1.jpg?resize=228%2C150&amp;ssl=1 228w, https:\/\/i0.wp.com\/eltrabajo.cl\/portal\/wp-content\/uploads\/2015\/07\/Marcha1.jpg?resize=400%2C263&amp;ssl=1 400w, https:\/\/i0.wp.com\/eltrabajo.cl\/portal\/wp-content\/uploads\/2015\/07\/Marcha1.jpg?w=530&amp;ssl=1 530w\" sizes=\"auto, (max-width: 300px) 100vw, 300px\" \/><\/a><figcaption id=\"caption-attachment-59942\" class=\"wp-caption-text\">MATRONAS EN ALERTA.- Decenas de matronas aconcag\u00fcinas marcharon el jueves por las calles de San Felipe para defender su campo laboral de m\u00e1s de 180 a\u00f1os en Chile.<\/figcaption><\/figure>\n<p>Dispuestas a defender en\u00e9rgicamente su campo laboral y profesional, se mostraron m\u00e1s de 150 matronas (y matrones) que protestaron este jueves en contra del dictamen de la Contralor\u00eda General de la Rep\u00fablica, que faculta a las enfermeras (os) a trabajar en el \u00e1rea de la maternidad, quienes marcharon con pancartas, gritos y globos rojos, que se les mantenga su exclusividad de seguir trabajando en sus unidades y que sus labores no puedan ser asumidas por las enfermeras.<br \/>\nDe esta forma, los profesionales de la obstetricia local se sumaron al llamado nacional del Colegio del gremio para protestar por dicho dictamen, el cual habr\u00eda sido firmado sin consultar el c\u00f3digo sanitario y al Ministerio de Salud, seg\u00fan acusaron las movilizadas.<\/p>\n<figure id=\"attachment_59943\" aria-describedby=\"caption-attachment-59943\" style=\"width: 300px\" class=\"wp-caption alignright\"><a href=\"https:\/\/i0.wp.com\/www.eltrabajo.cl\/portal\/wp-content\/uploads\/2015\/07\/Jenny-Henriquez.jpg\"><img data-recalc-dims=\"1\" loading=\"lazy\" decoding=\"async\" class=\"wp-image-59943 size-medium\" src=\"https:\/\/i0.wp.com\/www.eltrabajo.cl\/portal\/wp-content\/uploads\/2015\/07\/Jenny-Henriquez-300x197.jpg?resize=300%2C197\" alt=\"Jenny Henr\u00edquez Ahumada, matrona de profesi\u00f3n y presidenta del Colegio de Matronas Regional de Aconcagua.\" width=\"300\" height=\"197\" srcset=\"https:\/\/i0.wp.com\/eltrabajo.cl\/portal\/wp-content\/uploads\/2015\/07\/Jenny-Henriquez.jpg?resize=300%2C197&amp;ssl=1 300w, https:\/\/i0.wp.com\/eltrabajo.cl\/portal\/wp-content\/uploads\/2015\/07\/Jenny-Henriquez.jpg?resize=200%2C131&amp;ssl=1 200w, https:\/\/i0.wp.com\/eltrabajo.cl\/portal\/wp-content\/uploads\/2015\/07\/Jenny-Henriquez.jpg?resize=228%2C150&amp;ssl=1 228w, https:\/\/i0.wp.com\/eltrabajo.cl\/portal\/wp-content\/uploads\/2015\/07\/Jenny-Henriquez.jpg?resize=400%2C263&amp;ssl=1 400w, https:\/\/i0.wp.com\/eltrabajo.cl\/portal\/wp-content\/uploads\/2015\/07\/Jenny-Henriquez.jpg?w=530&amp;ssl=1 530w\" sizes=\"auto, (max-width: 300px) 100vw, 300px\" \/><\/a><figcaption id=\"caption-attachment-59943\" class=\"wp-caption-text\">Jenny Henr\u00edquez Ahumada, matrona de profesi\u00f3n y presidenta del Colegio de Matronas Regional de Aconcagua.<\/figcaption><\/figure>\n<p><strong>CON FIRMEZA<\/strong><br \/>\n\u00abVamos a defender nuestro campo laboral de m\u00e1s de 180 a\u00f1os en Chile. No podemos permitir que los profesionales de la enfermer\u00eda invadan el trabajo de la matroner\u00eda\u00bb, dijo Jenny Henr\u00edquez Ahumada, matrona de profesi\u00f3n y presidenta del Colegio de Matronas Regional de Aconcagua a Diario El Trabajo, agregando que \u00abhoy (jueves) las matronas de Aconcagua salimos a las calles para manifestarnos en rechazo al dictamen emitido por la Contralor\u00eda General de la Rep\u00fablica que permite a otros profesionales de la salud ejercer labores que normalmente son del gremio de los matrones y que abarcan las \u00e1reas de obstetricia, ginecolog\u00eda y neonatolog\u00eda\u00bb.<br \/>\nSus funciones y rol laboral est\u00e1 claramente estipuladas en el c\u00f3digo sanitario, es por ello que las profesionales rechazan la modificaci\u00f3n de la Contralor\u00eda que permite a las enfermeras ejercer en su campo laboral, por lo que se manifestaron para \u2018defender su profesi\u00f3n\u2019.<br \/>\n\u00abM\u00e1s de 9.000 matronas de Chile estamos en Alerta Roja sobre este conflicto, estamos trabajando para que esto llegue a un buen t\u00e9rmino, ya hay una mesa t\u00e9cnica en la que se est\u00e1 trabajando, no estamos en paro, s\u00f3lo es una marcha, pero el paro no se debe descartar si las cosas no se resuelven de la mejor manera\u00bb, coment\u00f3 finalmente la dirigente.<br \/>\n<strong>Roberto Gonz\u00e1lez Short<\/strong><br \/>\n<strong>rgonzalez@eltrabajo.cl<\/strong><\/p>\n","protected":false},"excerpt":{"rendered":"<p>Dispuestas a defender en\u00e9rgicamente su campo laboral y profesional, se mostraron m\u00e1s de 150 matronas (y matrones) que protestaron este jueves en contra del dictamen de la Contralor\u00eda General de la Rep\u00fablica,&#8230;<\/p>\n","protected":false},"author":482,"featured_media":59942,"comment_status":"open","ping_status":"open","sticky":false,"template":"","format":"standard","meta":{"advanced_seo_description":"","jetpack_seo_html_title":"","jetpack_seo_noindex":false,"_jetpack_memberships_contains_paid_content":false,"footnotes":""},"categories":[15],"tags":[],"class_list":["post-59941","post","type-post","status-publish","format-standard","has-post-thumbnail","hentry","category-comunidad"],"jetpack_featured_media_url":"https:\/\/i0.wp.com\/eltrabajo.cl\/portal\/wp-content\/uploads\/2015\/07\/Marcha1.jpg?fit=530%2C349&ssl=1","jetpack_sharing_enabled":true,"jetpack_likes_enabled":true,"jetpack-related-posts":[],"_links":{"self":[{"href":"https:\/\/eltrabajo.cl\/portal\/wp-json\/wp\/v2\/posts\/59941","targetHints":{"allow":["GET"]}}],"collection":[{"href":"https:\/\/eltrabajo.cl\/portal\/wp-json\/wp\/v2\/posts"}],"about":[{"href":"https:\/\/eltrabajo.cl\/portal\/wp-json\/wp\/v2\/types\/post"}],"author":[{"embeddable":true,"href":"https:\/\/eltrabajo.cl\/portal\/wp-json\/wp\/v2\/users\/482"}],"replies":[{"embeddable":true,"href":"https:\/\/eltrabajo.cl\/portal\/wp-json\/wp\/v2\/comments?post=59941"}],"version-history":[{"count":0,"href":"https:\/\/eltrabajo.cl\/portal\/wp-json\/wp\/v2\/posts\/59941\/revisions"}],"wp:featuredmedia":[{"embeddable":true,"href":"https:\/\/eltrabajo.cl\/portal\/wp-json\/wp\/v2\/media\/59942"}],"wp:attachment":[{"href":"https:\/\/eltrabajo.cl\/portal\/wp-json\/wp\/v2\/media?parent=59941"}],"wp:term":[{"taxonomy":"category","embeddable":true,"href":"https:\/\/eltrabajo.cl\/portal\/wp-json\/wp\/v2\/categories?post=59941"},{"taxonomy":"post_tag","embeddable":true,"href":"https:\/\/eltrabajo.cl\/portal\/wp-json\/wp\/v2\/tags?post=59941"}],"curies":[{"name":"wp","href":"https:\/\/api.w.org\/{rel}","templated":true}]}}