{"id":59946,"date":"2015-07-13T09:39:02","date_gmt":"2015-07-13T12:39:02","guid":{"rendered":"http:\/\/www.eltrabajo.cl\/portal\/?p=59946"},"modified":"2015-07-13T09:39:02","modified_gmt":"2015-07-13T12:39:02","slug":"roca-de-dos-toneladas-cayo-sobre-una-vivienda-en-sector-rio-blanco","status":"publish","type":"post","link":"https:\/\/eltrabajo.cl\/portal\/roca-de-dos-toneladas-cayo-sobre-una-vivienda-en-sector-rio-blanco\/","title":{"rendered":"Roca de dos toneladas cay\u00f3 sobre una vivienda en sector R\u00edo Blanco"},"content":{"rendered":"<figure id=\"attachment_59947\" aria-describedby=\"caption-attachment-59947\" style=\"width: 300px\" class=\"wp-caption alignleft\"><a href=\"https:\/\/i0.wp.com\/www.eltrabajo.cl\/portal\/wp-content\/uploads\/2015\/07\/roca_rio_blanco.jpg\"><img data-recalc-dims=\"1\" loading=\"lazy\" decoding=\"async\" class=\"wp-image-59947 size-medium\" src=\"https:\/\/i0.wp.com\/www.eltrabajo.cl\/portal\/wp-content\/uploads\/2015\/07\/roca_rio_blanco-300x198.jpg?resize=300%2C198\" alt=\"Pese a que la roca golpe\u00f3 el dormitorio de uno de los hijos del due\u00f1o de casa, no hubo personas lesionadas. (Foto Comit\u00e9 Provincial de Emergencias).\" width=\"300\" height=\"198\" srcset=\"https:\/\/i0.wp.com\/eltrabajo.cl\/portal\/wp-content\/uploads\/2015\/07\/roca_rio_blanco.jpg?resize=300%2C198&amp;ssl=1 300w, https:\/\/i0.wp.com\/eltrabajo.cl\/portal\/wp-content\/uploads\/2015\/07\/roca_rio_blanco.jpg?resize=200%2C132&amp;ssl=1 200w, https:\/\/i0.wp.com\/eltrabajo.cl\/portal\/wp-content\/uploads\/2015\/07\/roca_rio_blanco.jpg?resize=227%2C150&amp;ssl=1 227w, https:\/\/i0.wp.com\/eltrabajo.cl\/portal\/wp-content\/uploads\/2015\/07\/roca_rio_blanco.jpg?resize=400%2C264&amp;ssl=1 400w, https:\/\/i0.wp.com\/eltrabajo.cl\/portal\/wp-content\/uploads\/2015\/07\/roca_rio_blanco.jpg?w=530&amp;ssl=1 530w\" sizes=\"auto, (max-width: 300px) 100vw, 300px\" \/><\/a><figcaption id=\"caption-attachment-59947\" class=\"wp-caption-text\">Pese a que la roca golpe\u00f3 el dormitorio de uno de los hijos del due\u00f1o de casa, no hubo personas lesionadas. (Foto Comit\u00e9 Provincial de Emergencias).<\/figcaption><\/figure>\n<p><strong>LOS ANDES.<\/strong>&#8211; Providencialmente ilesos resultaron los integrantes de una familia de la localidad de R\u00edo Blanco, luego que una roca de casi dos toneladas se desprendiera de la ladera del cerro y cayera sobre uno de los dormitorios del inmueble construido de material ligero.<br \/>\nEl hecho se registr\u00f3 pasadas las 4 de la madrugada del domingo, cuando en la zona cordillerana precipitaba con mucha fuerza.<br \/>\nA ra\u00edz de ello una roca se desprendi\u00f3 del cerro y cay\u00f3 sobre la vivienda ubicada en el callej\u00f3n El Bosque de esa localidad, de propiedad de la familia Pineda V\u00e1squez.<br \/>\nLa roca golpe\u00f3 en uno de los dormitorios donde dorm\u00eda el hijo del due\u00f1o de casa y \u00e9ste, al tratar de rescatarlo, sufri\u00f3 una herida en un pie de car\u00e1cter leve.<br \/>\nEn horas de la ma\u00f1ana concurri\u00f3 hasta el inmueble personal de Bomberos y de la Unidad de Emergencias del Municipio andino, estableciendo que la casa presentaba riesgo de colapso.<br \/>\nSeg\u00fan inform\u00f3 el coordinador provincial de emergencias, Carlos \u00c1lamos, la familia damnificada fue enviada a casa de familiares mientras se eval\u00faan las reparaciones al inmueble.<\/p>\n","protected":false},"excerpt":{"rendered":"<p>LOS ANDES.&#8211; Providencialmente ilesos resultaron los integrantes de una familia de la localidad de R\u00edo Blanco, luego que una roca de casi dos toneladas se desprendiera de la ladera del cerro y&#8230;<\/p>\n","protected":false},"author":482,"featured_media":59947,"comment_status":"open","ping_status":"open","sticky":false,"template":"","format":"standard","meta":{"advanced_seo_description":"","jetpack_seo_html_title":"","jetpack_seo_noindex":false,"_jetpack_memberships_contains_paid_content":false,"footnotes":""},"categories":[21],"tags":[],"class_list":["post-59946","post","type-post","status-publish","format-standard","has-post-thumbnail","hentry","category-policial"],"jetpack_featured_media_url":"https:\/\/i0.wp.com\/eltrabajo.cl\/portal\/wp-content\/uploads\/2015\/07\/roca_rio_blanco.jpg?fit=530%2C350&ssl=1","jetpack_sharing_enabled":true,"jetpack_likes_enabled":true,"jetpack-related-posts":[],"_links":{"self":[{"href":"https:\/\/eltrabajo.cl\/portal\/wp-json\/wp\/v2\/posts\/59946","targetHints":{"allow":["GET"]}}],"collection":[{"href":"https:\/\/eltrabajo.cl\/portal\/wp-json\/wp\/v2\/posts"}],"about":[{"href":"https:\/\/eltrabajo.cl\/portal\/wp-json\/wp\/v2\/types\/post"}],"author":[{"embeddable":true,"href":"https:\/\/eltrabajo.cl\/portal\/wp-json\/wp\/v2\/users\/482"}],"replies":[{"embeddable":true,"href":"https:\/\/eltrabajo.cl\/portal\/wp-json\/wp\/v2\/comments?post=59946"}],"version-history":[{"count":0,"href":"https:\/\/eltrabajo.cl\/portal\/wp-json\/wp\/v2\/posts\/59946\/revisions"}],"wp:featuredmedia":[{"embeddable":true,"href":"https:\/\/eltrabajo.cl\/portal\/wp-json\/wp\/v2\/media\/59947"}],"wp:attachment":[{"href":"https:\/\/eltrabajo.cl\/portal\/wp-json\/wp\/v2\/media?parent=59946"}],"wp:term":[{"taxonomy":"category","embeddable":true,"href":"https:\/\/eltrabajo.cl\/portal\/wp-json\/wp\/v2\/categories?post=59946"},{"taxonomy":"post_tag","embeddable":true,"href":"https:\/\/eltrabajo.cl\/portal\/wp-json\/wp\/v2\/tags?post=59946"}],"curies":[{"name":"wp","href":"https:\/\/api.w.org\/{rel}","templated":true}]}}