{"id":5995,"date":"2011-11-11T09:20:51","date_gmt":"2011-11-11T13:20:51","guid":{"rendered":"http:\/\/www.eltrabajo.cl\/portal\/?p=5995"},"modified":"2011-11-11T09:20:51","modified_gmt":"2011-11-11T13:20:51","slug":"vecinos-de-varios-sectores-son-beneficiados-con-maquinas-de-ejercicio","status":"publish","type":"post","link":"https:\/\/eltrabajo.cl\/portal\/vecinos-de-varios-sectores-son-beneficiados-con-maquinas-de-ejercicio\/","title":{"rendered":"Vecinos de varios sectores son beneficiados con m\u00e1quinas de ejercicio"},"content":{"rendered":"<figure id=\"attachment_5996\" aria-describedby=\"caption-attachment-5996\" style=\"width: 600px\" class=\"wp-caption alignnone\"><a href=\"http:\/\/www.eltrabajo.cl\/portal\/archives\/5995\/gimnasio-vecinal-2\" rel=\"attachment wp-att-5996\"><img data-recalc-dims=\"1\" loading=\"lazy\" decoding=\"async\" class=\"size-full wp-image-5996\" title=\"gimnasio vecinal (2)\" src=\"https:\/\/i0.wp.com\/www.eltrabajo.cl\/portal\/wp-content\/uploads\/2011\/11\/gimnasio-vecinal-2.jpg?resize=600%2C456\" alt=\"\" width=\"600\" height=\"456\" srcset=\"https:\/\/i0.wp.com\/eltrabajo.cl\/portal\/wp-content\/uploads\/2011\/11\/gimnasio-vecinal-2.jpg?w=600&amp;ssl=1 600w, https:\/\/i0.wp.com\/eltrabajo.cl\/portal\/wp-content\/uploads\/2011\/11\/gimnasio-vecinal-2.jpg?resize=197%2C150&amp;ssl=1 197w, https:\/\/i0.wp.com\/eltrabajo.cl\/portal\/wp-content\/uploads\/2011\/11\/gimnasio-vecinal-2.jpg?resize=300%2C228&amp;ssl=1 300w, https:\/\/i0.wp.com\/eltrabajo.cl\/portal\/wp-content\/uploads\/2011\/11\/gimnasio-vecinal-2.jpg?resize=150%2C114&amp;ssl=1 150w, https:\/\/i0.wp.com\/eltrabajo.cl\/portal\/wp-content\/uploads\/2011\/11\/gimnasio-vecinal-2.jpg?resize=400%2C304&amp;ssl=1 400w\" sizes=\"auto, (max-width: 600px) 100vw, 600px\" \/><\/a><figcaption id=\"caption-attachment-5996\" class=\"wp-caption-text\">Siete sectores poblacionales se vieron beneficiados con la entrega de estas modernas m\u00e1quinas de ejercicio.<\/figcaption><\/figure>\n<p>Modernas m\u00e1quinas de ejercicio que los dirigentes instalar\u00e1n en diversos sectores de la comuna de San Felipe, fueron entregadas esta semana con el objetivo de contribuir a mejorar la calida de vida de la comunidad a trav\u00e9s del deporte.<\/p>\n<p>La entrega benefici\u00f3 a sectores como Luis Gajardo Guerrero, Parras\u00eda, villa Argelia y Santa Br\u00edgida.<\/p>\n<p>Con estas m\u00e1quinas que se entregaron para ser utilizadas por los vecinos, se concretaron alrededor de 45 gimnasios vecinales en la provincia de San Felipe, una iniciativa que llev\u00f3 adelante el consejero regional Iv\u00e1n Reyes desde que asumi\u00f3 en ese puesto.<\/p>\n<p>\u00abEste fue un desaf\u00edo que asum\u00ed yo, con el objetivo de poder llegar a las unidades vecinales con estos gimnasios, que permiten mejorar la calidad de vida de los vecinos y que permitan integrar a los vecinos a las unidades vecinales\u00bb, subray\u00f3 Reyes.<\/p>\n<p>Esta entrega constituye una inversi\u00f3n de 6 millones de pesos, la que se ha hecho a trav\u00e9s del fondo del 2% de deporte del Gobierno Regional.<\/p>\n<p>\u00abUna inversi\u00f3n s\u00faper importante, porque en la totalidad estamos bordeando los 45 millones de pesos con gimnasios que se han montado a la fecha\u00bb, se\u00f1al\u00f3 el consejero.<\/p>\n<p>En esta oportunidad se entregaron diferentes m\u00e1quinas de ejercicios, lo que permitir\u00e1 que los vecinos hagan ejercicios localizados, para mejorar alguna determinada parte de su cuerpo, lo que en suma ayudar\u00e1 a mejorar la salud de las personas que las ocupen.<\/p>\n<p>El consejero se mostr\u00f3 bastante entusiasmado ya que la iniciativa ha sido bien recepcionada entre la comunidad, y muchos vecinos se est\u00e1n interesando en contar con estos gimnasios en sus sectores residenciales.<\/p>\n<p>De hecho en los sectores donde ya existen estos gimnasios, como por ejemplo el bandej\u00f3n de la avenida Yungay, es posible todas las tardes observar una importante cantidad de personas, de distintas edades y tanto hombres como mujeres, utiliz\u00e1ndolos.<\/p>\n<p>\u00abPara ellos se trata de un momento de relajo, para hacer deporte e incluso compartir entre los vecinos\u00bb.<\/p>\n<p>Mientras tanto el consejero est\u00e1 esperanzado en que el pr\u00f3ximo a\u00f1o se puedan seguir concretando estos gimnasios.<\/p>\n<p>En ese sentido, Reyes se\u00f1al\u00f3 que en conjunto con el municipio sanfelipe\u00f1o est\u00e1n trabajando un proyecto para contar con 150 m\u00e1quinas, que ser\u00e1 presentado al Gobierno Regional y que ser\u00edan instaladas en las avenidas Chacabuco, Yungay, Bernardo O\u00b4Higgins y en algunos sectores poblacionales, ya que la idea es seguir trabajando en esta l\u00ednea, que consideran muy importante.<\/p>\n","protected":false},"excerpt":{"rendered":"<p>Modernas m\u00e1quinas de ejercicio que los dirigentes instalar\u00e1n en diversos sectores de la comuna de San Felipe, fueron entregadas esta semana con el objetivo de contribuir a mejorar la calida de vida&#8230;<\/p>\n","protected":false},"author":482,"featured_media":5996,"comment_status":"open","ping_status":"open","sticky":false,"template":"","format":"standard","meta":{"advanced_seo_description":"","jetpack_seo_html_title":"","jetpack_seo_noindex":false,"_jetpack_memberships_contains_paid_content":false,"footnotes":""},"categories":[15],"tags":[],"class_list":["post-5995","post","type-post","status-publish","format-standard","has-post-thumbnail","hentry","category-comunidad"],"jetpack_featured_media_url":"https:\/\/i0.wp.com\/eltrabajo.cl\/portal\/wp-content\/uploads\/2011\/11\/gimnasio-vecinal-2.jpg?fit=600%2C456&ssl=1","jetpack_sharing_enabled":true,"jetpack_likes_enabled":true,"jetpack-related-posts":[],"_links":{"self":[{"href":"https:\/\/eltrabajo.cl\/portal\/wp-json\/wp\/v2\/posts\/5995","targetHints":{"allow":["GET"]}}],"collection":[{"href":"https:\/\/eltrabajo.cl\/portal\/wp-json\/wp\/v2\/posts"}],"about":[{"href":"https:\/\/eltrabajo.cl\/portal\/wp-json\/wp\/v2\/types\/post"}],"author":[{"embeddable":true,"href":"https:\/\/eltrabajo.cl\/portal\/wp-json\/wp\/v2\/users\/482"}],"replies":[{"embeddable":true,"href":"https:\/\/eltrabajo.cl\/portal\/wp-json\/wp\/v2\/comments?post=5995"}],"version-history":[{"count":0,"href":"https:\/\/eltrabajo.cl\/portal\/wp-json\/wp\/v2\/posts\/5995\/revisions"}],"wp:featuredmedia":[{"embeddable":true,"href":"https:\/\/eltrabajo.cl\/portal\/wp-json\/wp\/v2\/media\/5996"}],"wp:attachment":[{"href":"https:\/\/eltrabajo.cl\/portal\/wp-json\/wp\/v2\/media?parent=5995"}],"wp:term":[{"taxonomy":"category","embeddable":true,"href":"https:\/\/eltrabajo.cl\/portal\/wp-json\/wp\/v2\/categories?post=5995"},{"taxonomy":"post_tag","embeddable":true,"href":"https:\/\/eltrabajo.cl\/portal\/wp-json\/wp\/v2\/tags?post=5995"}],"curies":[{"name":"wp","href":"https:\/\/api.w.org\/{rel}","templated":true}]}}