{"id":59977,"date":"2015-07-14T09:31:36","date_gmt":"2015-07-14T12:31:36","guid":{"rendered":"http:\/\/www.eltrabajo.cl\/portal\/?p=59977"},"modified":"2015-07-14T09:31:36","modified_gmt":"2015-07-14T12:31:36","slug":"consejo-regional-aprueba-973-millones-para-remodelar-la-plaza-de-calle-larga","status":"publish","type":"post","link":"https:\/\/eltrabajo.cl\/portal\/consejo-regional-aprueba-973-millones-para-remodelar-la-plaza-de-calle-larga\/","title":{"rendered":"Consejo Regional aprueba $973 millones \u00a0para remodelar la Plaza de Calle Larga"},"content":{"rendered":"<figure id=\"attachment_59978\" aria-describedby=\"caption-attachment-59978\" style=\"width: 300px\" class=\"wp-caption alignleft\"><a href=\"https:\/\/i0.wp.com\/www.eltrabajo.cl\/portal\/wp-content\/uploads\/2015\/07\/plaza-calle-larga.jpg\"><img data-recalc-dims=\"1\" loading=\"lazy\" decoding=\"async\" class=\"wp-image-59978 size-medium\" src=\"https:\/\/i0.wp.com\/www.eltrabajo.cl\/portal\/wp-content\/uploads\/2015\/07\/plaza-calle-larga-300x198.jpg?resize=300%2C198\" alt=\"Proyecto espera dar una nueva cara al principal paseo p\u00fablico de Calle Larga.\" width=\"300\" height=\"198\" srcset=\"https:\/\/i0.wp.com\/eltrabajo.cl\/portal\/wp-content\/uploads\/2015\/07\/plaza-calle-larga.jpg?resize=300%2C198&amp;ssl=1 300w, https:\/\/i0.wp.com\/eltrabajo.cl\/portal\/wp-content\/uploads\/2015\/07\/plaza-calle-larga.jpg?resize=200%2C132&amp;ssl=1 200w, https:\/\/i0.wp.com\/eltrabajo.cl\/portal\/wp-content\/uploads\/2015\/07\/plaza-calle-larga.jpg?resize=227%2C150&amp;ssl=1 227w, https:\/\/i0.wp.com\/eltrabajo.cl\/portal\/wp-content\/uploads\/2015\/07\/plaza-calle-larga.jpg?resize=400%2C264&amp;ssl=1 400w, https:\/\/i0.wp.com\/eltrabajo.cl\/portal\/wp-content\/uploads\/2015\/07\/plaza-calle-larga.jpg?w=530&amp;ssl=1 530w\" sizes=\"auto, (max-width: 300px) 100vw, 300px\" \/><\/a><figcaption id=\"caption-attachment-59978\" class=\"wp-caption-text\">Proyecto espera dar una nueva cara al principal paseo p\u00fablico de Calle Larga.<\/figcaption><\/figure>\n<p>.- La ma\u00f1ana del lunes el Consejo Regional aprob\u00f3 los recursos que permitir\u00e1n financiar las obras de remodelaci\u00f3n de la Plaza de Armas de Calle Larga, por un monto total de 973 millones 728 mil pesos.<br \/>\nEste proyecto que el municipio desarrolla desde hace siete a\u00f1os y que fue postulado al Fondo Nacional de Desarrollo Regional FNDR, contempla la instalaci\u00f3n de nuevas baldosas, mejoramiento de \u00e1reas verdes, reposici\u00f3n del sistema de riego, instalaci\u00f3n de nuevas luminarias, como tambi\u00e9n de nuevos esca\u00f1os y basureros.<br \/>\n\u00abEste es un proyecto emblem\u00e1tico para la comuna, no s\u00f3lo porque se trata de la remodelaci\u00f3n de uno de los espacios centrales m\u00e1s importantes de Calle Larga, sino que tambi\u00e9n es un proyecto que se trabaj\u00f3 en conjunto con los vecinos. Fueron ellos quienes manifestaron c\u00f3mo quer\u00edan que fuera la plaza, qu\u00e9 modificaciones y arreglos se le ten\u00eda que hacer. En ese sentido son los vecinos quienes deben apropiarse y hacer suya este tipo de iniciativas. Fueron a\u00f1os de trabajo por parte de los profesionales y t\u00e9cnicos del municipio, labor que alcanza su cl\u00edmax el d\u00eda de hoy con la aprobaci\u00f3n de los recursos por parte del CORE\u00bb, sostuvo el alcalde Nelson Venegas.<\/p>\n","protected":false},"excerpt":{"rendered":"<p>.- La ma\u00f1ana del lunes el Consejo Regional aprob\u00f3 los recursos que permitir\u00e1n financiar las obras de remodelaci\u00f3n de la Plaza de Armas de Calle Larga, por un monto total de 973&#8230;<\/p>\n","protected":false},"author":482,"featured_media":59978,"comment_status":"open","ping_status":"open","sticky":false,"template":"","format":"standard","meta":{"advanced_seo_description":"","jetpack_seo_html_title":"","jetpack_seo_noindex":false,"_jetpack_memberships_contains_paid_content":false,"footnotes":""},"categories":[15],"tags":[],"class_list":["post-59977","post","type-post","status-publish","format-standard","has-post-thumbnail","hentry","category-comunidad"],"jetpack_featured_media_url":"https:\/\/i0.wp.com\/eltrabajo.cl\/portal\/wp-content\/uploads\/2015\/07\/plaza-calle-larga.jpg?fit=530%2C350&ssl=1","jetpack_sharing_enabled":true,"jetpack_likes_enabled":true,"jetpack-related-posts":[],"_links":{"self":[{"href":"https:\/\/eltrabajo.cl\/portal\/wp-json\/wp\/v2\/posts\/59977","targetHints":{"allow":["GET"]}}],"collection":[{"href":"https:\/\/eltrabajo.cl\/portal\/wp-json\/wp\/v2\/posts"}],"about":[{"href":"https:\/\/eltrabajo.cl\/portal\/wp-json\/wp\/v2\/types\/post"}],"author":[{"embeddable":true,"href":"https:\/\/eltrabajo.cl\/portal\/wp-json\/wp\/v2\/users\/482"}],"replies":[{"embeddable":true,"href":"https:\/\/eltrabajo.cl\/portal\/wp-json\/wp\/v2\/comments?post=59977"}],"version-history":[{"count":0,"href":"https:\/\/eltrabajo.cl\/portal\/wp-json\/wp\/v2\/posts\/59977\/revisions"}],"wp:featuredmedia":[{"embeddable":true,"href":"https:\/\/eltrabajo.cl\/portal\/wp-json\/wp\/v2\/media\/59978"}],"wp:attachment":[{"href":"https:\/\/eltrabajo.cl\/portal\/wp-json\/wp\/v2\/media?parent=59977"}],"wp:term":[{"taxonomy":"category","embeddable":true,"href":"https:\/\/eltrabajo.cl\/portal\/wp-json\/wp\/v2\/categories?post=59977"},{"taxonomy":"post_tag","embeddable":true,"href":"https:\/\/eltrabajo.cl\/portal\/wp-json\/wp\/v2\/tags?post=59977"}],"curies":[{"name":"wp","href":"https:\/\/api.w.org\/{rel}","templated":true}]}}