{"id":59980,"date":"2015-07-14T09:33:01","date_gmt":"2015-07-14T12:33:01","guid":{"rendered":"http:\/\/www.eltrabajo.cl\/portal\/?p=59980"},"modified":"2015-07-14T09:33:01","modified_gmt":"2015-07-14T12:33:01","slug":"superman-vargas-asume-oficialmente-como-nuevo-dt-de-trasandino","status":"publish","type":"post","link":"https:\/\/eltrabajo.cl\/portal\/superman-vargas-asume-oficialmente-como-nuevo-dt-de-trasandino\/","title":{"rendered":"\u2018Superman\u2019 Vargas asume oficialmente como nuevo DT de Trasandino"},"content":{"rendered":"<figure id=\"attachment_59981\" aria-describedby=\"caption-attachment-59981\" style=\"width: 300px\" class=\"wp-caption alignleft\"><a href=\"https:\/\/i0.wp.com\/www.eltrabajo.cl\/portal\/wp-content\/uploads\/2015\/07\/superman_dt1.jpg\"><img data-recalc-dims=\"1\" loading=\"lazy\" decoding=\"async\" class=\"wp-image-59981 size-medium\" src=\"https:\/\/i0.wp.com\/www.eltrabajo.cl\/portal\/wp-content\/uploads\/2015\/07\/superman_dt1-300x198.jpg?resize=300%2C198\" alt=\"El ex meta de la U y la selecci\u00f3n chilena llega como parte de una alianza estrat\u00e9gica entre el club y la empresa Mundo Futuro.\" width=\"300\" height=\"198\" srcset=\"https:\/\/i0.wp.com\/eltrabajo.cl\/portal\/wp-content\/uploads\/2015\/07\/superman_dt1.jpg?resize=300%2C198&amp;ssl=1 300w, https:\/\/i0.wp.com\/eltrabajo.cl\/portal\/wp-content\/uploads\/2015\/07\/superman_dt1.jpg?resize=200%2C132&amp;ssl=1 200w, https:\/\/i0.wp.com\/eltrabajo.cl\/portal\/wp-content\/uploads\/2015\/07\/superman_dt1.jpg?resize=227%2C150&amp;ssl=1 227w, https:\/\/i0.wp.com\/eltrabajo.cl\/portal\/wp-content\/uploads\/2015\/07\/superman_dt1.jpg?resize=400%2C264&amp;ssl=1 400w, https:\/\/i0.wp.com\/eltrabajo.cl\/portal\/wp-content\/uploads\/2015\/07\/superman_dt1.jpg?w=530&amp;ssl=1 530w\" sizes=\"auto, (max-width: 300px) 100vw, 300px\" \/><\/a><figcaption id=\"caption-attachment-59981\" class=\"wp-caption-text\">El ex meta de la U y la selecci\u00f3n chilena llega como parte de una alianza estrat\u00e9gica entre el club y la empresa Mundo Futuro.<\/figcaption><\/figure>\n<ul>\n<li><strong>Acompa\u00f1ado de Clarence Acu\u00f1a, Sergio Vargas se puso un plazo de 3 a\u00f1os para regresar al TRA a la Primera B.<\/strong><\/li>\n<\/ul>\n<p><strong>LOS ANDES.<\/strong>&#8211; El ex arquero de la Universidad de Chile y de la selecci\u00f3n chilena, Sergio \u2018Superman\u2019 Vargas, fue presentado ayer como nuevo director t\u00e9cnico de Trasandino en una ceremonia efectuada en el hotel Plaza.<br \/>\nLa llegada del nuevo DT se produjo tras una alianza estrat\u00e9gica firmada entre el Club Deportivo Trasandino, la Sociedad An\u00f3nima Deportiva y la empresa Mundo Futuro que se har\u00e1 cargo de la administraci\u00f3n financiera y deportiva de la instituci\u00f3n en un plan de 3, 5 y 10 a\u00f1os plazo.<br \/>\nLa apuesta est\u00e1 dada por el potenciamiento de las divisiones menores y la proyecci\u00f3n de nuevos valores, para luego lograr campeonar en la Segunda Divisi\u00f3n y lograr el tan anhelado ascenso a la primera B.<br \/>\nA largo plazo la nueva institucionalidad del club espera conseguir alcanzar la Primera Divisi\u00f3n con un equipo consolidado y saneado financieramente.<br \/>\nLa nueva administraci\u00f3n del club deber\u00e1 elegir pr\u00f3ximamente directorio en el cual estar\u00e1n presentes representantes del club y de la sociedad deportiva.<br \/>\nRespecto a su nuevo desaf\u00edo al mando de Trasandino, Sergio Bernab\u00e9 Vargas dijo que el trabajo espera iniciarlo el 27 de julio y para ello deber\u00e1 delinear la conformaci\u00f3n de su staff t\u00e9cnico.<br \/>\n\u00abAsumo con mucha responsabilidad esta labor que no va a ser f\u00e1cil y la idea es poder realizar un trabajo muy profesional e ir cumpliendo las expectativas de a poco\u00bb, expres\u00f3 el ex golero.<br \/>\nVargas dijo que la idea es generar las bases para poder llevar a Trasandino en un plazo m\u00e1ximo de 3 a\u00f1os de poder ascender a la primera B.<br \/>\nAgreg\u00f3 que estar\u00e1 acompa\u00f1ado de Clarence Acu\u00f1a y por ahora est\u00e1n abocados a poder elegir los jugadores del plantel del honor.<br \/>\nEn cuanto al estilo de juego, afirm\u00f3 que ello depender\u00e1 de los jugadores con los que pueda contar, pero al principio es poder hacer funcionar una idea com\u00fan.<\/p>\n","protected":false},"excerpt":{"rendered":"<p>Acompa\u00f1ado de Clarence Acu\u00f1a, Sergio Vargas se puso un plazo de 3 a\u00f1os para regresar al TRA a la Primera B. LOS ANDES.&#8211; El ex arquero de la Universidad de Chile y&#8230;<\/p>\n","protected":false},"author":482,"featured_media":59981,"comment_status":"open","ping_status":"open","sticky":false,"template":"","format":"standard","meta":{"advanced_seo_description":"","jetpack_seo_html_title":"","jetpack_seo_noindex":false,"_jetpack_memberships_contains_paid_content":false,"footnotes":""},"categories":[15],"tags":[],"class_list":["post-59980","post","type-post","status-publish","format-standard","has-post-thumbnail","hentry","category-comunidad"],"jetpack_featured_media_url":"https:\/\/i0.wp.com\/eltrabajo.cl\/portal\/wp-content\/uploads\/2015\/07\/superman_dt1.jpg?fit=530%2C350&ssl=1","jetpack_sharing_enabled":true,"jetpack_likes_enabled":true,"jetpack-related-posts":[],"_links":{"self":[{"href":"https:\/\/eltrabajo.cl\/portal\/wp-json\/wp\/v2\/posts\/59980","targetHints":{"allow":["GET"]}}],"collection":[{"href":"https:\/\/eltrabajo.cl\/portal\/wp-json\/wp\/v2\/posts"}],"about":[{"href":"https:\/\/eltrabajo.cl\/portal\/wp-json\/wp\/v2\/types\/post"}],"author":[{"embeddable":true,"href":"https:\/\/eltrabajo.cl\/portal\/wp-json\/wp\/v2\/users\/482"}],"replies":[{"embeddable":true,"href":"https:\/\/eltrabajo.cl\/portal\/wp-json\/wp\/v2\/comments?post=59980"}],"version-history":[{"count":0,"href":"https:\/\/eltrabajo.cl\/portal\/wp-json\/wp\/v2\/posts\/59980\/revisions"}],"wp:featuredmedia":[{"embeddable":true,"href":"https:\/\/eltrabajo.cl\/portal\/wp-json\/wp\/v2\/media\/59981"}],"wp:attachment":[{"href":"https:\/\/eltrabajo.cl\/portal\/wp-json\/wp\/v2\/media?parent=59980"}],"wp:term":[{"taxonomy":"category","embeddable":true,"href":"https:\/\/eltrabajo.cl\/portal\/wp-json\/wp\/v2\/categories?post=59980"},{"taxonomy":"post_tag","embeddable":true,"href":"https:\/\/eltrabajo.cl\/portal\/wp-json\/wp\/v2\/tags?post=59980"}],"curies":[{"name":"wp","href":"https:\/\/api.w.org\/{rel}","templated":true}]}}