{"id":59986,"date":"2015-07-14T09:35:40","date_gmt":"2015-07-14T12:35:40","guid":{"rendered":"http:\/\/www.eltrabajo.cl\/portal\/?p=59986"},"modified":"2015-07-14T09:40:28","modified_gmt":"2015-07-14T12:40:28","slug":"duena-de-libreria-caupolican-atiende-su-empresa-desde-1968","status":"publish","type":"post","link":"https:\/\/eltrabajo.cl\/portal\/duena-de-libreria-caupolican-atiende-su-empresa-desde-1968\/","title":{"rendered":"Due\u00f1a de Librer\u00eda Caupolic\u00e1n atiende su empresa desde 1968"},"content":{"rendered":"<figure id=\"attachment_59990\" aria-describedby=\"caption-attachment-59990\" style=\"width: 300px\" class=\"wp-caption alignleft\"><a href=\"https:\/\/i0.wp.com\/www.eltrabajo.cl\/portal\/wp-content\/uploads\/2015\/07\/Marina-Barros.jpg\"><img data-recalc-dims=\"1\" loading=\"lazy\" decoding=\"async\" class=\"wp-image-59990 size-medium\" src=\"https:\/\/i0.wp.com\/www.eltrabajo.cl\/portal\/wp-content\/uploads\/2015\/07\/Marina-Barros-300x197.jpg?resize=300%2C197\" alt=\"MUJER EJEMPLAR.- Marina Barros, actual propietaria de Librer\u00eda Caupolic\u00e1n de San Felipe, habl\u00f3 en Exclusiva con Diario El Trabajo.\" width=\"300\" height=\"197\" srcset=\"https:\/\/i0.wp.com\/eltrabajo.cl\/portal\/wp-content\/uploads\/2015\/07\/Marina-Barros.jpg?resize=300%2C197&amp;ssl=1 300w, https:\/\/i0.wp.com\/eltrabajo.cl\/portal\/wp-content\/uploads\/2015\/07\/Marina-Barros.jpg?resize=200%2C131&amp;ssl=1 200w, https:\/\/i0.wp.com\/eltrabajo.cl\/portal\/wp-content\/uploads\/2015\/07\/Marina-Barros.jpg?resize=228%2C150&amp;ssl=1 228w, https:\/\/i0.wp.com\/eltrabajo.cl\/portal\/wp-content\/uploads\/2015\/07\/Marina-Barros.jpg?resize=400%2C263&amp;ssl=1 400w, https:\/\/i0.wp.com\/eltrabajo.cl\/portal\/wp-content\/uploads\/2015\/07\/Marina-Barros.jpg?w=530&amp;ssl=1 530w\" sizes=\"auto, (max-width: 300px) 100vw, 300px\" \/><\/a><figcaption id=\"caption-attachment-59990\" class=\"wp-caption-text\">MUJER EJEMPLAR.- Marina Barros, actual propietaria de Librer\u00eda Caupolic\u00e1n de San Felipe, habl\u00f3 en Exclusiva con Diario El Trabajo.<\/figcaption><\/figure>\n<p>El pr\u00f3ximo viernes en el teatro del Liceo Roberto Humeres de San Felipe a las 19 horas del viernes 31 de julio, y dentro del marco del 275\u00ba aniversario de nuestra comuna, se estar\u00e1n entregando los reconocimientos asignados a los personajes e instituciones m\u00e1s destacados en sus respectivas categor\u00edas.<br \/>\nEs por ellos que en Diario El Trabajo hoy publicamos una breve rese\u00f1a sobre unas de las empresas premiadas en esa categor\u00eda, la de \u2018Empresa Destacada 2015\u2019, correspondiendo a Librer\u00eda Caupolic\u00e1n, ubicada actualmente y desde 1968, en Coimas 287.<\/p>\n<p><strong>UNA CLIENTELA\u00a0MUY ESPECIAL<\/strong><br \/>\nEn virtud de que su esposo falleci\u00f3 hace ya varias d\u00e9cadas, nuestro medio habl\u00f3 con do\u00f1a Marina Barros Barros, actual due\u00f1a de la librer\u00eda, quien comparte hoy con nuestros lectores algunas an\u00e9cdotas de su empresa y de su familia.<br \/>\n<strong>&#8211; \u00bfRecuerda usted cu\u00e1ndo crearon esta librer\u00eda?<\/strong><br \/>\n<strong>&#8211;<\/strong> La fecha exacta en que esta librer\u00eda fue creada la ignoro, pues cuando yo me cas\u00e9 con mi esposo H\u00e9ctor Ren\u00e9 G\u00f3mez Prado en 1968, ya \u00e9l ten\u00eda esta librer\u00eda, est\u00e1bamos ubicados en Calle Salinas, entre Prat y Santo Domingo, ese a\u00f1o nos trasladamos a la actual direcci\u00f3n.<\/p>\n<figure id=\"attachment_59991\" aria-describedby=\"caption-attachment-59991\" style=\"width: 300px\" class=\"wp-caption alignright\"><a href=\"https:\/\/i0.wp.com\/www.eltrabajo.cl\/portal\/wp-content\/uploads\/2015\/07\/Hector-Gomez.jpg\"><img data-recalc-dims=\"1\" loading=\"lazy\" decoding=\"async\" class=\"wp-image-59991 size-medium\" src=\"https:\/\/i0.wp.com\/www.eltrabajo.cl\/portal\/wp-content\/uploads\/2015\/07\/Hector-Gomez-300x197.jpg?resize=300%2C197\" alt=\"H\u00e9ctor Ren\u00e9 G\u00f3mez Prado, fund\u00f3 y dio vida a esta insigne empresa sanfelipe\u00f1a. Falleci\u00f3 hace m\u00e1s de 20 a\u00f1os.\" width=\"300\" height=\"197\" srcset=\"https:\/\/i0.wp.com\/eltrabajo.cl\/portal\/wp-content\/uploads\/2015\/07\/Hector-Gomez.jpg?resize=300%2C197&amp;ssl=1 300w, https:\/\/i0.wp.com\/eltrabajo.cl\/portal\/wp-content\/uploads\/2015\/07\/Hector-Gomez.jpg?resize=200%2C131&amp;ssl=1 200w, https:\/\/i0.wp.com\/eltrabajo.cl\/portal\/wp-content\/uploads\/2015\/07\/Hector-Gomez.jpg?resize=228%2C150&amp;ssl=1 228w, https:\/\/i0.wp.com\/eltrabajo.cl\/portal\/wp-content\/uploads\/2015\/07\/Hector-Gomez.jpg?resize=400%2C263&amp;ssl=1 400w, https:\/\/i0.wp.com\/eltrabajo.cl\/portal\/wp-content\/uploads\/2015\/07\/Hector-Gomez.jpg?w=530&amp;ssl=1 530w\" sizes=\"auto, (max-width: 300px) 100vw, 300px\" \/><\/a><figcaption id=\"caption-attachment-59991\" class=\"wp-caption-text\">H\u00e9ctor Ren\u00e9 G\u00f3mez Prado, fund\u00f3 y dio vida a esta insigne empresa sanfelipe\u00f1a. Falleci\u00f3 hace m\u00e1s de 20 a\u00f1os.<\/figcaption><\/figure>\n<p><strong>&#8211; \u00bfTuvo usted hijos con su esposo?<\/strong><br \/>\n<strong>&#8211;<\/strong> S\u00ed. Con mi esposo tuve dos hijos, la pareja, Patricio, quien vive en Estados Unidos y es gerente en la Ford de Tampa, y mi hija Ninoska, quien se titul\u00f3 de Ingeniero en Alimentos, trabaja para Distal.<br \/>\n<strong>&#8211; \u00bfUsted sola atiende su librer\u00eda?<\/strong><br \/>\n<strong>&#8211;<\/strong> Aunque no estoy sola en el local, s\u00ed, trabajo sola. Atiendo sola mi librer\u00eda y espero seguir trabajando hasta que tenga fuerzas para hacerlo.<br \/>\n<strong>&#8211; \u00bfEs muy dura la competencia con las nuevas librer\u00edas y sus modernos productos?<\/strong><br \/>\n<strong>&#8211;<\/strong> Sobre las otras librer\u00edas, yo no vendo esos productos modernos, pero hay muchas cosas que vienen mis clientes a comprar aqu\u00ed, que no hay en esas librer\u00edas, yo tengo mi clientela especial.<br \/>\nEs de rigor entonces y a nombre de quienes laboramos en Diario El Trabajo, expresar nuestra p\u00fablica felicitaci\u00f3n a do\u00f1a Marina, quien a pesar de haber quedado sola, se hizo cargo de la empresa que su esposo le dej\u00f3.<br \/>\n<strong>Roberto Gonz\u00e1lez Short<\/strong><br \/>\n<strong>rgonzalez@eltrabajo.cl<\/strong><\/p>\n","protected":false},"excerpt":{"rendered":"<p>El pr\u00f3ximo viernes en el teatro del Liceo Roberto Humeres de San Felipe a las 19 horas del viernes 31 de julio, y dentro del marco del 275\u00ba aniversario de nuestra comuna,&#8230;<\/p>\n","protected":false},"author":482,"featured_media":59990,"comment_status":"open","ping_status":"open","sticky":false,"template":"","format":"standard","meta":{"advanced_seo_description":"","jetpack_seo_html_title":"","jetpack_seo_noindex":false,"_jetpack_memberships_contains_paid_content":false,"footnotes":""},"categories":[15],"tags":[],"class_list":["post-59986","post","type-post","status-publish","format-standard","has-post-thumbnail","hentry","category-comunidad"],"jetpack_featured_media_url":"https:\/\/i0.wp.com\/eltrabajo.cl\/portal\/wp-content\/uploads\/2015\/07\/Marina-Barros.jpg?fit=530%2C348&ssl=1","jetpack_sharing_enabled":true,"jetpack_likes_enabled":true,"jetpack-related-posts":[],"_links":{"self":[{"href":"https:\/\/eltrabajo.cl\/portal\/wp-json\/wp\/v2\/posts\/59986","targetHints":{"allow":["GET"]}}],"collection":[{"href":"https:\/\/eltrabajo.cl\/portal\/wp-json\/wp\/v2\/posts"}],"about":[{"href":"https:\/\/eltrabajo.cl\/portal\/wp-json\/wp\/v2\/types\/post"}],"author":[{"embeddable":true,"href":"https:\/\/eltrabajo.cl\/portal\/wp-json\/wp\/v2\/users\/482"}],"replies":[{"embeddable":true,"href":"https:\/\/eltrabajo.cl\/portal\/wp-json\/wp\/v2\/comments?post=59986"}],"version-history":[{"count":0,"href":"https:\/\/eltrabajo.cl\/portal\/wp-json\/wp\/v2\/posts\/59986\/revisions"}],"wp:featuredmedia":[{"embeddable":true,"href":"https:\/\/eltrabajo.cl\/portal\/wp-json\/wp\/v2\/media\/59990"}],"wp:attachment":[{"href":"https:\/\/eltrabajo.cl\/portal\/wp-json\/wp\/v2\/media?parent=59986"}],"wp:term":[{"taxonomy":"category","embeddable":true,"href":"https:\/\/eltrabajo.cl\/portal\/wp-json\/wp\/v2\/categories?post=59986"},{"taxonomy":"post_tag","embeddable":true,"href":"https:\/\/eltrabajo.cl\/portal\/wp-json\/wp\/v2\/tags?post=59986"}],"curies":[{"name":"wp","href":"https:\/\/api.w.org\/{rel}","templated":true}]}}