{"id":5999,"date":"2011-11-11T09:23:01","date_gmt":"2011-11-11T13:23:01","guid":{"rendered":"http:\/\/www.eltrabajo.cl\/portal\/?p=5999"},"modified":"2011-11-11T09:23:02","modified_gmt":"2011-11-11T13:23:02","slug":"denuncian-a-conductor-de-microbus-por-maltratar-a-menor-de-edad","status":"publish","type":"post","link":"https:\/\/eltrabajo.cl\/portal\/denuncian-a-conductor-de-microbus-por-maltratar-a-menor-de-edad\/","title":{"rendered":"Denuncian a conductor de microb\u00fas por maltratar a menor de edad"},"content":{"rendered":"<figure id=\"attachment_6000\" aria-describedby=\"caption-attachment-6000\" style=\"width: 600px\" class=\"wp-caption alignnone\"><a href=\"http:\/\/www.eltrabajo.cl\/portal\/archives\/5999\/tulio-monsalve-e-hijo\" rel=\"attachment wp-att-6000\"><img data-recalc-dims=\"1\" loading=\"lazy\" decoding=\"async\" class=\"size-full wp-image-6000\" title=\"tulio-monsalve e hijo\" src=\"https:\/\/i0.wp.com\/www.eltrabajo.cl\/portal\/wp-content\/uploads\/2011\/11\/tulio-monsalve-e-hijo.jpg?resize=600%2C450\" alt=\"\" width=\"600\" height=\"450\" srcset=\"https:\/\/i0.wp.com\/eltrabajo.cl\/portal\/wp-content\/uploads\/2011\/11\/tulio-monsalve-e-hijo.jpg?w=600&amp;ssl=1 600w, https:\/\/i0.wp.com\/eltrabajo.cl\/portal\/wp-content\/uploads\/2011\/11\/tulio-monsalve-e-hijo.jpg?resize=200%2C150&amp;ssl=1 200w, https:\/\/i0.wp.com\/eltrabajo.cl\/portal\/wp-content\/uploads\/2011\/11\/tulio-monsalve-e-hijo.jpg?resize=300%2C225&amp;ssl=1 300w, https:\/\/i0.wp.com\/eltrabajo.cl\/portal\/wp-content\/uploads\/2011\/11\/tulio-monsalve-e-hijo.jpg?resize=150%2C112&amp;ssl=1 150w, https:\/\/i0.wp.com\/eltrabajo.cl\/portal\/wp-content\/uploads\/2011\/11\/tulio-monsalve-e-hijo.jpg?resize=400%2C300&amp;ssl=1 400w\" sizes=\"auto, (max-width: 600px) 100vw, 600px\" \/><\/a><figcaption id=\"caption-attachment-6000\" class=\"wp-caption-text\">Tulio Monsalve junto a su hijo hizo una denuncia p\u00fablica contra el conductor de Buses Puma, por el maltrato que recibi\u00f3 su hijo ese d\u00eda, y que tienen que sufrir varios escolares debido a la mala educaci\u00f3n de algunos conductores.<\/figcaption><\/figure>\n<p>Frente a su padre lo habr\u00eda obligado a descender a empellones, atrap\u00e1ndole la mano con la puerta al salir.<\/p>\n<p><strong>PUTAENDO.-<\/strong> Una grave denuncia en contra de la empresa de Buses Puma efectu\u00f3 el padre de un menor que la ma\u00f1ana del d\u00eda jueves habr\u00eda sido forzado a bajarse de la micro, empujado, resultando con lesiones de car\u00e1cter leve luego que su mano quedara apretada por la puerta del microb\u00fas.<\/p>\n<p>El hecho habr\u00eda ocurrido a las 07:50 horas en la calle El Molino, frente a la Poblaci\u00f3n Santa Rita, momento en el cual Tulio Monsalve subi\u00f3 a la micro que se dirig\u00eda a San Felipe, acompa\u00f1ado de su hijo de once a\u00f1os que estudia en el Colegio Marie Poussepin, ubicado a ocho cuadras desde el lugar en que abordaron el veh\u00edculo de pasajeros.<\/p>\n<p>Don Tulio asegura que luego de pagar su pasaje, el conductor de la micro le dijo a su hijo que deb\u00eda bajarse y que deb\u00eda esperar otra locomoci\u00f3n especial para que lo llevara, momento en el cual Tulio Monsalve asegura que el conductor comenz\u00f3 a tironear a su hijo para que se bajara, por lo que a pesar de haber podido reaccionar de otra manera, decidi\u00f3 solicitarle al conductor que le devolviera el dinero de su pasaje para bajarse junto a su hijo, momento en el cual el conductor habr\u00eda cerrado y abierto la puerta r\u00e1pidamente, apretando la mano del menor que result\u00f3 con su extremidad hinchada y con lesiones de car\u00e1cter leve, seg\u00fan consta en certificado emitido por el m\u00e9dico de turno del Hospital San Antonio de Putaendo, hasta donde fue llevado el menor de edad.<\/p>\n<p>El padre del estudiante realiz\u00f3 la correspondiente denuncia ante Carabineros de Putaendo, se\u00f1alando que esta situaci\u00f3n se repet\u00eda todos los d\u00edas, donde algunos conductores tironeaban y empujaban a los estudiantes m\u00e1s peque\u00f1os a vista y paciencia de todo el mundo, pero que nunca pens\u00f3 que le ocurrir\u00eda con su hijo, por lo que hizo un p\u00fablico llamado a los dirigentes de Buses Puma a instruir de mejor manera a sus conductores sobre el trato que deben entregar a los estudiantes de ense\u00f1anza b\u00e1sica, que seg\u00fan su opini\u00f3n, por el hecho de no pagar son constantemente discriminados por algunos conductores de Buses Puma.<\/p>\n<p><strong>Patricio Gallardo M.<\/strong><\/p>\n","protected":false},"excerpt":{"rendered":"<p>Frente a su padre lo habr\u00eda obligado a descender a empellones, atrap\u00e1ndole la mano con la puerta al salir. PUTAENDO.- Una grave denuncia en contra de la empresa de Buses Puma efectu\u00f3&#8230;<\/p>\n","protected":false},"author":482,"featured_media":6000,"comment_status":"open","ping_status":"open","sticky":false,"template":"","format":"standard","meta":{"advanced_seo_description":"","jetpack_seo_html_title":"","jetpack_seo_noindex":false,"_jetpack_memberships_contains_paid_content":false,"footnotes":""},"categories":[15],"tags":[],"class_list":["post-5999","post","type-post","status-publish","format-standard","has-post-thumbnail","hentry","category-comunidad"],"jetpack_featured_media_url":"https:\/\/i0.wp.com\/eltrabajo.cl\/portal\/wp-content\/uploads\/2011\/11\/tulio-monsalve-e-hijo.jpg?fit=600%2C450&ssl=1","jetpack_sharing_enabled":true,"jetpack_likes_enabled":true,"jetpack-related-posts":[],"_links":{"self":[{"href":"https:\/\/eltrabajo.cl\/portal\/wp-json\/wp\/v2\/posts\/5999","targetHints":{"allow":["GET"]}}],"collection":[{"href":"https:\/\/eltrabajo.cl\/portal\/wp-json\/wp\/v2\/posts"}],"about":[{"href":"https:\/\/eltrabajo.cl\/portal\/wp-json\/wp\/v2\/types\/post"}],"author":[{"embeddable":true,"href":"https:\/\/eltrabajo.cl\/portal\/wp-json\/wp\/v2\/users\/482"}],"replies":[{"embeddable":true,"href":"https:\/\/eltrabajo.cl\/portal\/wp-json\/wp\/v2\/comments?post=5999"}],"version-history":[{"count":0,"href":"https:\/\/eltrabajo.cl\/portal\/wp-json\/wp\/v2\/posts\/5999\/revisions"}],"wp:featuredmedia":[{"embeddable":true,"href":"https:\/\/eltrabajo.cl\/portal\/wp-json\/wp\/v2\/media\/6000"}],"wp:attachment":[{"href":"https:\/\/eltrabajo.cl\/portal\/wp-json\/wp\/v2\/media?parent=5999"}],"wp:term":[{"taxonomy":"category","embeddable":true,"href":"https:\/\/eltrabajo.cl\/portal\/wp-json\/wp\/v2\/categories?post=5999"},{"taxonomy":"post_tag","embeddable":true,"href":"https:\/\/eltrabajo.cl\/portal\/wp-json\/wp\/v2\/tags?post=5999"}],"curies":[{"name":"wp","href":"https:\/\/api.w.org\/{rel}","templated":true}]}}