{"id":59993,"date":"2015-07-14T09:46:29","date_gmt":"2015-07-14T12:46:29","guid":{"rendered":"http:\/\/www.eltrabajo.cl\/portal\/?p=59993"},"modified":"2015-07-14T09:46:29","modified_gmt":"2015-07-14T12:46:29","slug":"selim-amar-reyes-comparte-la-historia-familiar-de-tienda-la-giralda","status":"publish","type":"post","link":"https:\/\/eltrabajo.cl\/portal\/selim-amar-reyes-comparte-la-historia-familiar-de-tienda-la-giralda\/","title":{"rendered":"Sel\u00edm Amar Reyes comparte la historia familiar de Tienda La Giralda"},"content":{"rendered":"<figure id=\"attachment_59994\" aria-describedby=\"caption-attachment-59994\" style=\"width: 300px\" class=\"wp-caption alignleft\"><a href=\"https:\/\/i0.wp.com\/www.eltrabajo.cl\/portal\/wp-content\/uploads\/2015\/07\/Tienda1.jpg\"><img data-recalc-dims=\"1\" loading=\"lazy\" decoding=\"async\" class=\"wp-image-59994 size-medium\" src=\"https:\/\/i0.wp.com\/www.eltrabajo.cl\/portal\/wp-content\/uploads\/2015\/07\/Tienda1-300x198.jpg?resize=300%2C198\" alt=\"TIENDA HIST\u00d3RICA.- Sel\u00edm Amar Reyes muestra al fondo, la fachada de Tienda La Giralda, fundada en 1940 por su abuelo Zacar\u00edas Amar, un inmigrante palestino.\" width=\"300\" height=\"198\" srcset=\"https:\/\/i0.wp.com\/eltrabajo.cl\/portal\/wp-content\/uploads\/2015\/07\/Tienda1.jpg?resize=300%2C198&amp;ssl=1 300w, https:\/\/i0.wp.com\/eltrabajo.cl\/portal\/wp-content\/uploads\/2015\/07\/Tienda1.jpg?resize=200%2C132&amp;ssl=1 200w, https:\/\/i0.wp.com\/eltrabajo.cl\/portal\/wp-content\/uploads\/2015\/07\/Tienda1.jpg?resize=227%2C150&amp;ssl=1 227w, https:\/\/i0.wp.com\/eltrabajo.cl\/portal\/wp-content\/uploads\/2015\/07\/Tienda1.jpg?resize=400%2C264&amp;ssl=1 400w, https:\/\/i0.wp.com\/eltrabajo.cl\/portal\/wp-content\/uploads\/2015\/07\/Tienda1.jpg?w=530&amp;ssl=1 530w\" sizes=\"auto, (max-width: 300px) 100vw, 300px\" \/><\/a><figcaption id=\"caption-attachment-59994\" class=\"wp-caption-text\">TIENDA HIST\u00d3RICA.- Sel\u00edm Amar Reyes muestra al fondo, la fachada de Tienda La Giralda, fundada en 1940 por su abuelo Zacar\u00edas Amar, un inmigrante palestino.<\/figcaption><\/figure>\n<p>Y hoy, \u2018Una de valientes\u2019. Vendiendo ropa para toda la familia en las polvorientas calles de Los Andes; soportando el inclemente sol todos los d\u00edas y a veces los fr\u00edos invernales, y arrastrando su humilde mercader\u00eda en una carreta de madera tirada por un viejo caballo, as\u00ed fueron los inicios de uno de los hombres m\u00e1s trabajadores y visionarios que emigraron de Palestina a nuestro pa\u00eds en 1930. Su nombre: Zacar\u00edas Amar Jarufe, el due\u00f1o original de Tienda la Giralda de San Felipe.<br \/>\nEn Diario El Trabajo hoy publicamos la historia de esta importante tienda sanfelipe\u00f1a, forjada con el sudor del trabajo limpio y honesto, es la historia de otra de las \u2018Empresas Destacadas 2015\u2019, que nuestro Municipio premiar\u00e1 el viernes 31 de julio en el teatro del Liceo Roberto Humeres a las 19:00 horas.<\/p>\n<p><strong>HISTORIA DE\u00a0UNA FAMILIA<\/strong><br \/>\nNuestro medio habl\u00f3 con el actual due\u00f1o de la tienda, Sel\u00edm Amar Reyes, de 56 a\u00f1os y descendiente de quien describi\u00e9ramos en la introducci\u00f3n de esta entrevista, quien nos comparte hoy parte de la historia de la tienda, y de su familia.<br \/>\n<strong>&#8211; \u00bfC\u00f3mo empieza la historia de Tienda La Giralda y por qu\u00e9 se llama as\u00ed?<\/strong><br \/>\n<strong>&#8211;<\/strong> Abuelo lleg\u00f3 a Los Andes en 1930, antes de llegar a Chile, \u00e9l pas\u00f3 por Espa\u00f1a, ah\u00ed conoci\u00f3 una iglesia muy grande, creo que del Siglo XV, llamada La Giralda, de ah\u00ed el nombre de nuestra tienda.<br \/>\n<strong>&#8211; \u00bfCu\u00e1ndo dej\u00f3 su abuelo de recorrer vendiendo en las calles andinas?<\/strong><br \/>\n<strong>&#8211;<\/strong> Abuelo dej\u00f3 de recorrer las calles de Los Andes entre 1937 a 1940, en este periodos \u00e9l se instal\u00f3 en San Felipe, fund\u00f3 la tienda en Calle Prat, pero en el sector por donde ahora est\u00e1 Carnes Kar, ah\u00ed se afinc\u00f3 con sus hijos y hermanos. Con los a\u00f1os \u00e9l se reinstal\u00f3 en la actual direcci\u00f3n, Prat 712, siempre vendiendo lo mismo, ropa y art\u00edculos para el hogar.<br \/>\n<strong>&#8211; \u00bfQui\u00e9n hered\u00f3 esta tienda cuando su abuelo falleci\u00f3?<\/strong><br \/>\n<strong>&#8211;<\/strong> El due\u00f1o siguiente de la tienda fue mi padre, Sel\u00edm Amar Pozo, quien heredar\u00eda la empresa, pero no sin antes forjarse una carrera deportiva de primer nivel a nivel nacional, \u00e9l figur\u00f3 por muchos a\u00f1os como arquero del Santiago Wanderers.<br \/>\n<strong>&#8211; \u00bfEntonces s\u00ed era un deportista exitoso?<\/strong><br \/>\n<strong>&#8211;<\/strong> Puedo asegurar que pap\u00e1 levant\u00f3 muchas copas y muchos trofeos, \u00e9l era una figura muy importante en su \u00e9poca de oro, hasta que en 1949 le quebraron los dedos de sus manos.<br \/>\n<strong>&#8211; \u00bfSe retir\u00f3 entonces del mundo de los deportes?<\/strong><br \/>\n<strong>&#8211;<\/strong> De ninguna manera. Pap\u00e1 sali\u00f3 del f\u00fatbol profesional, pero sigui\u00f3 formando a deportistas en el pa\u00eds, dio gran impulso a la juventud en Aconcagua. \u00c9l combinaba su trabajo con sus deportistas con atender esta tienda, as\u00ed se fue ocupando de todo, hasta que falleci\u00f3 el lunes 26 de noviembre de 2007.<br \/>\n<strong>&#8211; \u00bfA usted entonces le toc\u00f3 esta sacrificada tarea empresarial?<\/strong><br \/>\n<strong>&#8211;<\/strong> S\u00ed. Yo me ocup\u00e9 de la tienda hasta la fecha, tengo tres hijos y ya a ellos les dije, que aquel que quiera de ellos hacerse cargo de la tienda el d\u00eda de ma\u00f1ana, debe saber a lo que se mete, porque es trabajo todos los d\u00edas, de sol a sol, es una vida de sacrificio siete d\u00edas a la semana 365 d\u00edas al a\u00f1o.<\/p>\n<p><strong>GRAN PRESTIGIO<\/strong><br \/>\nPuede ser que este trabajo de generaci\u00f3n en generaci\u00f3n sea de mucho sacrificio; puede ser tambi\u00e9n que no cualquiera querr\u00e1 recibir ese testimonio de relevos en esta carrera por conservar este tesoro familiar y de todos los sanfelipe\u00f1os, pero lo que s\u00ed es cierto, es que el honor y el prestigio que esta familia ha tra\u00eddo a nuestra ciudad, no tiene precio, pues esta familia con su empresa, ha estado presente en las buenas y las malas de nuestra ciudad, \u2018en las verdes y en las maduras\u2019 han dicho s\u00ed, para apoyar a las comunidades con premios para Bingo; ayuda en cat\u00e1strofes naturales y de desgracia y ese prestigio para los sanfelipe\u00f1os, eso no tiene precio. Felicidades.<br \/>\n<strong>Roberto Gonz\u00e1lez Short<\/strong><br \/>\n<strong>rgonzalez@eltrabajo.cl<\/strong><\/p>\n<div class=\"tiled-gallery type-rectangular tiled-gallery-unresized\" data-original-width=\"640\" data-carousel-extra='null' itemscope itemtype=\"http:\/\/schema.org\/ImageGallery\" > <div class=\"gallery-row\" style=\"width: 640px; height: 283px;\" data-original-width=\"640\" data-original-height=\"283\" > <div class=\"gallery-group images-1\" style=\"width: 427px; height: 283px;\" data-original-width=\"427\" data-original-height=\"283\" > <div class=\"tiled-gallery-item tiled-gallery-item-large\" itemprop=\"associatedMedia\" itemscope itemtype=\"http:\/\/schema.org\/ImageObject\"> <a href=\"https:\/\/eltrabajo.cl\/portal\/selim-amar-reyes-comparte-la-historia-familiar-de-tienda-la-giralda\/selim-amar-reyes\/\" border=\"0\" itemprop=\"url\"> <meta itemprop=\"width\" content=\"423\"> <meta itemprop=\"height\" content=\"279\"> <img decoding=\"async\" class=\"\" data-attachment-id=\"59996\" data-orig-file=\"https:\/\/eltrabajo.cl\/portal\/wp-content\/uploads\/2015\/07\/Selim-Amar-Reyes.jpg\" data-orig-size=\"530,350\" data-comments-opened=\"1\" data-image-meta=\"{&quot;aperture&quot;:&quot;0&quot;,&quot;credit&quot;:&quot;&quot;,&quot;camera&quot;:&quot;&quot;,&quot;caption&quot;:&quot;&quot;,&quot;created_timestamp&quot;:&quot;0&quot;,&quot;copyright&quot;:&quot;&quot;,&quot;focal_length&quot;:&quot;0&quot;,&quot;iso&quot;:&quot;0&quot;,&quot;shutter_speed&quot;:&quot;0&quot;,&quot;title&quot;:&quot;&quot;,&quot;orientation&quot;:&quot;0&quot;}\" data-image-title=\"Selim Amar Reyes\" data-image-description=\"&lt;p&gt;LIBRO DE LOS RECUERDOS.- Sel\u00edm Amar Reyes comparte hoy con nuestros lectores sus recuerdos fotogr\u00e1ficos y an\u00e9cdotas familiares.&lt;\/p&gt; \" data-medium-file=\"https:\/\/i0.wp.com\/eltrabajo.cl\/portal\/wp-content\/uploads\/2015\/07\/Selim-Amar-Reyes.jpg?fit=300%2C198&#038;ssl=1\" data-large-file=\"https:\/\/i0.wp.com\/eltrabajo.cl\/portal\/wp-content\/uploads\/2015\/07\/Selim-Amar-Reyes.jpg?fit=530%2C350&#038;ssl=1\" src=\"https:\/\/i0.wp.com\/eltrabajo.cl\/portal\/wp-content\/uploads\/2015\/07\/Selim-Amar-Reyes.jpg?w=423&#038;h=279&#038;ssl=1\" srcset=\"https:\/\/i0.wp.com\/eltrabajo.cl\/portal\/wp-content\/uploads\/2015\/07\/Selim-Amar-Reyes.jpg?w=530&amp;ssl=1 530w, https:\/\/i0.wp.com\/eltrabajo.cl\/portal\/wp-content\/uploads\/2015\/07\/Selim-Amar-Reyes.jpg?resize=200%2C132&amp;ssl=1 200w, https:\/\/i0.wp.com\/eltrabajo.cl\/portal\/wp-content\/uploads\/2015\/07\/Selim-Amar-Reyes.jpg?resize=300%2C198&amp;ssl=1 300w, https:\/\/i0.wp.com\/eltrabajo.cl\/portal\/wp-content\/uploads\/2015\/07\/Selim-Amar-Reyes.jpg?resize=227%2C150&amp;ssl=1 227w, https:\/\/i0.wp.com\/eltrabajo.cl\/portal\/wp-content\/uploads\/2015\/07\/Selim-Amar-Reyes.jpg?resize=400%2C264&amp;ssl=1 400w\" width=\"423\" height=\"279\" loading=\"lazy\" data-original-width=\"423\" data-original-height=\"279\" itemprop=\"http:\/\/schema.org\/image\" title=\"Selim Amar Reyes\" alt=\"LIBRO DE LOS RECUERDOS.- Sel\u00edm Amar Reyes comparte hoy con nuestros lectores sus recuerdos fotogr\u00e1ficos y an\u00e9cdotas familiares.\" style=\"width: 423px; height: 279px;\" \/> <\/a> <div class=\"tiled-gallery-caption\" itemprop=\"caption description\"> LIBRO DE LOS RECUERDOS.- Sel\u00edm Amar Reyes comparte hoy con nuestros lectores sus recuerdos fotogr\u00e1ficos y an\u00e9cdotas familiares. <\/div> <\/div> <\/div> <!-- close group --> <div class=\"gallery-group images-2\" style=\"width: 213px; height: 283px;\" data-original-width=\"213\" data-original-height=\"283\" > <div class=\"tiled-gallery-item tiled-gallery-item-small\" itemprop=\"associatedMedia\" itemscope itemtype=\"http:\/\/schema.org\/ImageObject\"> <a href=\"https:\/\/eltrabajo.cl\/portal\/selim-amar-reyes-comparte-la-historia-familiar-de-tienda-la-giralda\/selim2\/\" border=\"0\" itemprop=\"url\"> <meta itemprop=\"width\" content=\"209\"> <meta itemprop=\"height\" content=\"138\"> <img decoding=\"async\" class=\"\" data-attachment-id=\"59998\" data-orig-file=\"https:\/\/eltrabajo.cl\/portal\/wp-content\/uploads\/2015\/07\/Selim2.jpg\" data-orig-size=\"530,349\" data-comments-opened=\"1\" data-image-meta=\"{&quot;aperture&quot;:&quot;0&quot;,&quot;credit&quot;:&quot;&quot;,&quot;camera&quot;:&quot;&quot;,&quot;caption&quot;:&quot;&quot;,&quot;created_timestamp&quot;:&quot;0&quot;,&quot;copyright&quot;:&quot;&quot;,&quot;focal_length&quot;:&quot;0&quot;,&quot;iso&quot;:&quot;0&quot;,&quot;shutter_speed&quot;:&quot;0&quot;,&quot;title&quot;:&quot;&quot;,&quot;orientation&quot;:&quot;0&quot;}\" data-image-title=\"Selim2\" data-image-description=\"&lt;p&gt;UN LUCHADOR.- As\u00ed luc\u00eda Sel\u00edm Amar antes de fallecer en 2007, siempre positivo y con su imborrable sonrisa.&lt;\/p&gt; \" data-medium-file=\"https:\/\/i0.wp.com\/eltrabajo.cl\/portal\/wp-content\/uploads\/2015\/07\/Selim2.jpg?fit=300%2C198&#038;ssl=1\" data-large-file=\"https:\/\/i0.wp.com\/eltrabajo.cl\/portal\/wp-content\/uploads\/2015\/07\/Selim2.jpg?fit=530%2C349&#038;ssl=1\" src=\"https:\/\/i0.wp.com\/eltrabajo.cl\/portal\/wp-content\/uploads\/2015\/07\/Selim2.jpg?w=209&#038;h=138&#038;ssl=1\" srcset=\"https:\/\/i0.wp.com\/eltrabajo.cl\/portal\/wp-content\/uploads\/2015\/07\/Selim2.jpg?w=530&amp;ssl=1 530w, https:\/\/i0.wp.com\/eltrabajo.cl\/portal\/wp-content\/uploads\/2015\/07\/Selim2.jpg?resize=200%2C132&amp;ssl=1 200w, https:\/\/i0.wp.com\/eltrabajo.cl\/portal\/wp-content\/uploads\/2015\/07\/Selim2.jpg?resize=300%2C198&amp;ssl=1 300w, https:\/\/i0.wp.com\/eltrabajo.cl\/portal\/wp-content\/uploads\/2015\/07\/Selim2.jpg?resize=228%2C150&amp;ssl=1 228w, https:\/\/i0.wp.com\/eltrabajo.cl\/portal\/wp-content\/uploads\/2015\/07\/Selim2.jpg?resize=400%2C263&amp;ssl=1 400w\" width=\"209\" height=\"138\" loading=\"lazy\" data-original-width=\"209\" data-original-height=\"138\" itemprop=\"http:\/\/schema.org\/image\" title=\"Selim2\" alt=\"UN LUCHADOR.- As\u00ed luc\u00eda Sel\u00edm Amar antes de fallecer en 2007, siempre positivo y con su imborrable sonrisa.\" style=\"width: 209px; height: 138px;\" \/> <\/a> <div class=\"tiled-gallery-caption\" itemprop=\"caption description\"> UN LUCHADOR.- As\u00ed luc\u00eda Sel\u00edm Amar antes de fallecer en 2007, siempre positivo y con su imborrable sonrisa. <\/div> <\/div> <div class=\"tiled-gallery-item tiled-gallery-item-small\" itemprop=\"associatedMedia\" itemscope itemtype=\"http:\/\/schema.org\/ImageObject\"> <a href=\"https:\/\/eltrabajo.cl\/portal\/selim-amar-reyes-comparte-la-historia-familiar-de-tienda-la-giralda\/selim1\/\" border=\"0\" itemprop=\"url\"> <meta itemprop=\"width\" content=\"209\"> <meta itemprop=\"height\" content=\"137\"> <img decoding=\"async\" class=\"\" data-attachment-id=\"59997\" data-orig-file=\"https:\/\/eltrabajo.cl\/portal\/wp-content\/uploads\/2015\/07\/Selim1.jpg\" data-orig-size=\"530,349\" data-comments-opened=\"1\" data-image-meta=\"{&quot;aperture&quot;:&quot;0&quot;,&quot;credit&quot;:&quot;&quot;,&quot;camera&quot;:&quot;&quot;,&quot;caption&quot;:&quot;&quot;,&quot;created_timestamp&quot;:&quot;0&quot;,&quot;copyright&quot;:&quot;&quot;,&quot;focal_length&quot;:&quot;0&quot;,&quot;iso&quot;:&quot;0&quot;,&quot;shutter_speed&quot;:&quot;0&quot;,&quot;title&quot;:&quot;&quot;,&quot;orientation&quot;:&quot;0&quot;}\" data-image-title=\"Selim1\" data-image-description=\"&lt;p&gt;TIEMPOS DE GLORIA.- Aqu\u00ed tenemos a Sel\u00edm Amar Pozo, foto tomada de una vieja revista deportiva de la \u00e9poca.&lt;\/p&gt; \" data-medium-file=\"https:\/\/i0.wp.com\/eltrabajo.cl\/portal\/wp-content\/uploads\/2015\/07\/Selim1.jpg?fit=300%2C198&#038;ssl=1\" data-large-file=\"https:\/\/i0.wp.com\/eltrabajo.cl\/portal\/wp-content\/uploads\/2015\/07\/Selim1.jpg?fit=530%2C349&#038;ssl=1\" src=\"https:\/\/i0.wp.com\/eltrabajo.cl\/portal\/wp-content\/uploads\/2015\/07\/Selim1.jpg?w=209&#038;h=137&#038;ssl=1\" srcset=\"https:\/\/i0.wp.com\/eltrabajo.cl\/portal\/wp-content\/uploads\/2015\/07\/Selim1.jpg?w=530&amp;ssl=1 530w, https:\/\/i0.wp.com\/eltrabajo.cl\/portal\/wp-content\/uploads\/2015\/07\/Selim1.jpg?resize=200%2C132&amp;ssl=1 200w, https:\/\/i0.wp.com\/eltrabajo.cl\/portal\/wp-content\/uploads\/2015\/07\/Selim1.jpg?resize=300%2C198&amp;ssl=1 300w, https:\/\/i0.wp.com\/eltrabajo.cl\/portal\/wp-content\/uploads\/2015\/07\/Selim1.jpg?resize=228%2C150&amp;ssl=1 228w, https:\/\/i0.wp.com\/eltrabajo.cl\/portal\/wp-content\/uploads\/2015\/07\/Selim1.jpg?resize=400%2C263&amp;ssl=1 400w\" width=\"209\" height=\"137\" loading=\"lazy\" data-original-width=\"209\" data-original-height=\"137\" itemprop=\"http:\/\/schema.org\/image\" title=\"Selim1\" alt=\"TIEMPOS DE GLORIA.- Aqu\u00ed tenemos a Sel\u00edm Amar Pozo, foto tomada de una vieja revista deportiva de la \u00e9poca.\" style=\"width: 209px; height: 137px;\" \/> <\/a> <div class=\"tiled-gallery-caption\" itemprop=\"caption description\"> TIEMPOS DE GLORIA.- Aqu\u00ed tenemos a Sel\u00edm Amar Pozo, foto tomada de una vieja revista deportiva de la \u00e9poca. <\/div> <\/div> <\/div> <!-- close group --> <\/div> <!-- close row --> <div class=\"gallery-row\" style=\"width: 640px; height: 213px;\" data-original-width=\"640\" data-original-height=\"213\" > <div class=\"gallery-group images-1\" style=\"width: 320px; height: 213px;\" data-original-width=\"320\" data-original-height=\"213\" > <div class=\"tiled-gallery-item tiled-gallery-item-large\" itemprop=\"associatedMedia\" itemscope itemtype=\"http:\/\/schema.org\/ImageObject\"> <a href=\"https:\/\/eltrabajo.cl\/portal\/selim-amar-reyes-comparte-la-historia-familiar-de-tienda-la-giralda\/familia-3\/\" border=\"0\" itemprop=\"url\"> <meta itemprop=\"width\" content=\"316\"> <meta itemprop=\"height\" content=\"209\"> <img decoding=\"async\" class=\"\" data-attachment-id=\"59995\" data-orig-file=\"https:\/\/eltrabajo.cl\/portal\/wp-content\/uploads\/2015\/07\/Familia.jpg\" data-orig-size=\"530,350\" data-comments-opened=\"1\" data-image-meta=\"{&quot;aperture&quot;:&quot;0&quot;,&quot;credit&quot;:&quot;&quot;,&quot;camera&quot;:&quot;&quot;,&quot;caption&quot;:&quot;&quot;,&quot;created_timestamp&quot;:&quot;0&quot;,&quot;copyright&quot;:&quot;&quot;,&quot;focal_length&quot;:&quot;0&quot;,&quot;iso&quot;:&quot;0&quot;,&quot;shutter_speed&quot;:&quot;0&quot;,&quot;title&quot;:&quot;&quot;,&quot;orientation&quot;:&quot;0&quot;}\" data-image-title=\"Familia\" data-image-description=\"&lt;p&gt;DEL RECUERDO.- En esta foto del recuerdo, de izquierda a derecha: Ni\u00f1o Edgardo Amar, Zacar\u00edas Amar Pozo, Jaime Amar Amar (adolescente), Zacar\u00edas Amar Jarufe y Sel\u00edm Amar Pozo. Tomada en 1945.&lt;\/p&gt; \" data-medium-file=\"https:\/\/i0.wp.com\/eltrabajo.cl\/portal\/wp-content\/uploads\/2015\/07\/Familia.jpg?fit=300%2C198&#038;ssl=1\" data-large-file=\"https:\/\/i0.wp.com\/eltrabajo.cl\/portal\/wp-content\/uploads\/2015\/07\/Familia.jpg?fit=530%2C350&#038;ssl=1\" src=\"https:\/\/i0.wp.com\/eltrabajo.cl\/portal\/wp-content\/uploads\/2015\/07\/Familia.jpg?w=316&#038;h=209&#038;ssl=1\" srcset=\"https:\/\/i0.wp.com\/eltrabajo.cl\/portal\/wp-content\/uploads\/2015\/07\/Familia.jpg?w=530&amp;ssl=1 530w, https:\/\/i0.wp.com\/eltrabajo.cl\/portal\/wp-content\/uploads\/2015\/07\/Familia.jpg?resize=200%2C132&amp;ssl=1 200w, https:\/\/i0.wp.com\/eltrabajo.cl\/portal\/wp-content\/uploads\/2015\/07\/Familia.jpg?resize=300%2C198&amp;ssl=1 300w, https:\/\/i0.wp.com\/eltrabajo.cl\/portal\/wp-content\/uploads\/2015\/07\/Familia.jpg?resize=227%2C150&amp;ssl=1 227w, https:\/\/i0.wp.com\/eltrabajo.cl\/portal\/wp-content\/uploads\/2015\/07\/Familia.jpg?resize=400%2C264&amp;ssl=1 400w\" width=\"316\" height=\"209\" loading=\"lazy\" data-original-width=\"316\" data-original-height=\"209\" itemprop=\"http:\/\/schema.org\/image\" title=\"Familia\" alt=\"DEL RECUERDO.- En esta foto del recuerdo, de izquierda a derecha: Ni\u00f1o Edgardo Amar, Zacar\u00edas Amar Pozo, Jaime Amar Amar (adolescente), Zacar\u00edas Amar Jarufe y Sel\u00edm Amar Pozo. Tomada en 1945.\" style=\"width: 316px; height: 209px;\" \/> <\/a> <div class=\"tiled-gallery-caption\" itemprop=\"caption description\"> DEL RECUERDO.- En esta foto del recuerdo, de izquierda a derecha: Ni\u00f1o Edgardo Amar, Zacar\u00edas Amar Pozo, Jaime Amar Amar (adolescente), Zacar\u00edas Amar Jarufe y Sel\u00edm Amar Pozo. Tomada en 1945. <\/div> <\/div> <\/div> <!-- close group --> <div class=\"gallery-group images-1\" style=\"width: 320px; height: 213px;\" data-original-width=\"320\" data-original-height=\"213\" > <div class=\"tiled-gallery-item tiled-gallery-item-large\" itemprop=\"associatedMedia\" itemscope itemtype=\"http:\/\/schema.org\/ImageObject\"> <a href=\"https:\/\/eltrabajo.cl\/portal\/selim-amar-reyes-comparte-la-historia-familiar-de-tienda-la-giralda\/tijeras1\/\" border=\"0\" itemprop=\"url\"> <meta itemprop=\"width\" content=\"316\"> <meta itemprop=\"height\" content=\"209\"> <img decoding=\"async\" class=\"\" data-attachment-id=\"59999\" data-orig-file=\"https:\/\/eltrabajo.cl\/portal\/wp-content\/uploads\/2015\/07\/Tijeras1.jpg\" data-orig-size=\"530,350\" data-comments-opened=\"1\" data-image-meta=\"{&quot;aperture&quot;:&quot;0&quot;,&quot;credit&quot;:&quot;&quot;,&quot;camera&quot;:&quot;&quot;,&quot;caption&quot;:&quot;&quot;,&quot;created_timestamp&quot;:&quot;0&quot;,&quot;copyright&quot;:&quot;&quot;,&quot;focal_length&quot;:&quot;0&quot;,&quot;iso&quot;:&quot;0&quot;,&quot;shutter_speed&quot;:&quot;0&quot;,&quot;title&quot;:&quot;&quot;,&quot;orientation&quot;:&quot;0&quot;}\" data-image-title=\"Tijeras1\" data-image-description=\"&lt;p&gt;TESTIGO MET\u00c1LICO.- Esta tijera ha funcionado perfectamente desde 1930, de generaci\u00f3n en generaci\u00f3n y de mano en mano, se convirti\u00f3 en un tesoro familiar muy \u00fatil.&lt;\/p&gt; \" data-medium-file=\"https:\/\/i0.wp.com\/eltrabajo.cl\/portal\/wp-content\/uploads\/2015\/07\/Tijeras1.jpg?fit=300%2C198&#038;ssl=1\" data-large-file=\"https:\/\/i0.wp.com\/eltrabajo.cl\/portal\/wp-content\/uploads\/2015\/07\/Tijeras1.jpg?fit=530%2C350&#038;ssl=1\" src=\"https:\/\/i0.wp.com\/eltrabajo.cl\/portal\/wp-content\/uploads\/2015\/07\/Tijeras1.jpg?w=316&#038;h=209&#038;ssl=1\" srcset=\"https:\/\/i0.wp.com\/eltrabajo.cl\/portal\/wp-content\/uploads\/2015\/07\/Tijeras1.jpg?w=530&amp;ssl=1 530w, https:\/\/i0.wp.com\/eltrabajo.cl\/portal\/wp-content\/uploads\/2015\/07\/Tijeras1.jpg?resize=200%2C132&amp;ssl=1 200w, https:\/\/i0.wp.com\/eltrabajo.cl\/portal\/wp-content\/uploads\/2015\/07\/Tijeras1.jpg?resize=300%2C198&amp;ssl=1 300w, https:\/\/i0.wp.com\/eltrabajo.cl\/portal\/wp-content\/uploads\/2015\/07\/Tijeras1.jpg?resize=227%2C150&amp;ssl=1 227w, https:\/\/i0.wp.com\/eltrabajo.cl\/portal\/wp-content\/uploads\/2015\/07\/Tijeras1.jpg?resize=400%2C264&amp;ssl=1 400w\" width=\"316\" height=\"209\" loading=\"lazy\" data-original-width=\"316\" data-original-height=\"209\" itemprop=\"http:\/\/schema.org\/image\" title=\"Tijeras1\" alt=\"TESTIGO MET\u00c1LICO.- Esta tijera ha funcionado perfectamente desde 1930, de generaci\u00f3n en generaci\u00f3n y de mano en mano, se convirti\u00f3 en un tesoro familiar muy \u00fatil.\" style=\"width: 316px; height: 209px;\" \/> <\/a> <div class=\"tiled-gallery-caption\" itemprop=\"caption description\"> TESTIGO MET\u00c1LICO.- Esta tijera ha funcionado perfectamente desde 1930, de generaci\u00f3n en generaci\u00f3n y de mano en mano, se convirti\u00f3 en un tesoro familiar muy \u00fatil. <\/div> <\/div> <\/div> <!-- close group --> <\/div> <!-- close row --> <\/div>\n","protected":false},"excerpt":{"rendered":"<p>Y hoy, \u2018Una de valientes\u2019. Vendiendo ropa para toda la familia en las polvorientas calles de Los Andes; soportando el inclemente sol todos los d\u00edas y a veces los fr\u00edos invernales, y&#8230;<\/p>\n","protected":false},"author":482,"featured_media":59994,"comment_status":"open","ping_status":"open","sticky":false,"template":"","format":"standard","meta":{"advanced_seo_description":"","jetpack_seo_html_title":"","jetpack_seo_noindex":false,"_jetpack_memberships_contains_paid_content":false,"footnotes":""},"categories":[15],"tags":[],"class_list":["post-59993","post","type-post","status-publish","format-standard","has-post-thumbnail","hentry","category-comunidad"],"jetpack_featured_media_url":"https:\/\/i0.wp.com\/eltrabajo.cl\/portal\/wp-content\/uploads\/2015\/07\/Tienda1.jpg?fit=530%2C350&ssl=1","jetpack_sharing_enabled":true,"jetpack_likes_enabled":true,"jetpack-related-posts":[],"_links":{"self":[{"href":"https:\/\/eltrabajo.cl\/portal\/wp-json\/wp\/v2\/posts\/59993","targetHints":{"allow":["GET"]}}],"collection":[{"href":"https:\/\/eltrabajo.cl\/portal\/wp-json\/wp\/v2\/posts"}],"about":[{"href":"https:\/\/eltrabajo.cl\/portal\/wp-json\/wp\/v2\/types\/post"}],"author":[{"embeddable":true,"href":"https:\/\/eltrabajo.cl\/portal\/wp-json\/wp\/v2\/users\/482"}],"replies":[{"embeddable":true,"href":"https:\/\/eltrabajo.cl\/portal\/wp-json\/wp\/v2\/comments?post=59993"}],"version-history":[{"count":0,"href":"https:\/\/eltrabajo.cl\/portal\/wp-json\/wp\/v2\/posts\/59993\/revisions"}],"wp:featuredmedia":[{"embeddable":true,"href":"https:\/\/eltrabajo.cl\/portal\/wp-json\/wp\/v2\/media\/59994"}],"wp:attachment":[{"href":"https:\/\/eltrabajo.cl\/portal\/wp-json\/wp\/v2\/media?parent=59993"}],"wp:term":[{"taxonomy":"category","embeddable":true,"href":"https:\/\/eltrabajo.cl\/portal\/wp-json\/wp\/v2\/categories?post=59993"},{"taxonomy":"post_tag","embeddable":true,"href":"https:\/\/eltrabajo.cl\/portal\/wp-json\/wp\/v2\/tags?post=59993"}],"curies":[{"name":"wp","href":"https:\/\/api.w.org\/{rel}","templated":true}]}}