{"id":60017,"date":"2015-07-14T09:57:53","date_gmt":"2015-07-14T12:57:53","guid":{"rendered":"http:\/\/www.eltrabajo.cl\/portal\/?p=60017"},"modified":"2015-07-14T09:57:53","modified_gmt":"2015-07-14T12:57:53","slug":"homicida-de-travesti-fue-detenido-rapidamente-por-personal-de-la-pdi","status":"publish","type":"post","link":"https:\/\/eltrabajo.cl\/portal\/homicida-de-travesti-fue-detenido-rapidamente-por-personal-de-la-pdi\/","title":{"rendered":"Homicida de travesti fue detenido r\u00e1pidamente por personal de la PDI"},"content":{"rendered":"<figure id=\"attachment_60018\" aria-describedby=\"caption-attachment-60018\" style=\"width: 300px\" class=\"wp-caption alignleft\"><a href=\"https:\/\/i0.wp.com\/www.eltrabajo.cl\/portal\/wp-content\/uploads\/2015\/07\/monona-occiso1.jpg\"><img data-recalc-dims=\"1\" loading=\"lazy\" decoding=\"async\" class=\"wp-image-60018 size-medium\" src=\"https:\/\/i0.wp.com\/www.eltrabajo.cl\/portal\/wp-content\/uploads\/2015\/07\/monona-occiso1-300x197.jpg?resize=300%2C197\" alt=\"La v\u00edctima fue identificado como Jos\u00e9 Armando Gonz\u00e1lez Saavedra (60) conocido como \u2018El Monona\u2019.\" width=\"300\" height=\"197\" srcset=\"https:\/\/i0.wp.com\/eltrabajo.cl\/portal\/wp-content\/uploads\/2015\/07\/monona-occiso1.jpg?resize=300%2C197&amp;ssl=1 300w, https:\/\/i0.wp.com\/eltrabajo.cl\/portal\/wp-content\/uploads\/2015\/07\/monona-occiso1.jpg?resize=200%2C131&amp;ssl=1 200w, https:\/\/i0.wp.com\/eltrabajo.cl\/portal\/wp-content\/uploads\/2015\/07\/monona-occiso1.jpg?resize=228%2C150&amp;ssl=1 228w, https:\/\/i0.wp.com\/eltrabajo.cl\/portal\/wp-content\/uploads\/2015\/07\/monona-occiso1.jpg?resize=400%2C263&amp;ssl=1 400w, https:\/\/i0.wp.com\/eltrabajo.cl\/portal\/wp-content\/uploads\/2015\/07\/monona-occiso1.jpg?w=530&amp;ssl=1 530w\" sizes=\"auto, (max-width: 300px) 100vw, 300px\" \/><\/a><figcaption id=\"caption-attachment-60018\" class=\"wp-caption-text\">La v\u00edctima fue identificado como Jos\u00e9 Armando Gonz\u00e1lez Saavedra (60) conocido como \u2018El Monona\u2019.<\/figcaption><\/figure>\n<ul>\n<li><strong>V\u00edctima de 60 a\u00f1os falleci\u00f3 producto de fractura craneal en campamento de Bicicross<\/strong><\/li>\n<\/ul>\n<p><strong>LOS ANDES.<\/strong>&#8211; La tarde de ayer lunes fue detenido por personal de la PDI, el presunto autor del homicidio de Jos\u00e9 Armando Gonz\u00e1lez Saavedra, travesti de 60 a\u00f1os de edad conocido como \u2018La Monona\u2019, quien falleci\u00f3 la noche del s\u00e1bado producto de las lesiones sufridas en su cabeza luego de ser golpeado con un objeto contundente mientras compart\u00eda con otros sujetos en el campamento Bicicross.<br \/>\nEl detenido fue identificado con las iniciales K.L.A.V.L., de 25 a\u00f1os, quien registra domicilio en el mismo Campamento Bicicross en Los Andes.<br \/>\nSeg\u00fan se pudo establecer, Jos\u00e9 Armando Gonz\u00e1lez Saavedra se encontraba la tarde del s\u00e1bado compartiendo bebidas alcoh\u00f3licas junto a otros sujetos en una vivienda de material ligero.<br \/>\nEn alg\u00fan momento se produjo un altercado entre \u2018El Monona\u2019 y uno de los sujetos participantes de la convivencia, tras lo cual \u00e9ste lo atac\u00f3 con un objeto contundente, al parecer un palo, golpe\u00e1ndolo en la cabeza.<br \/>\nTras el ataque, el agresor se dio a la fuga, mientras otras personas llamaron al Samu, llegando al lugar una ambulancia que lo traslad\u00f3 en primera instancia hasta el hospital San Juan de Dios.<br \/>\nProducto de los golpes, la v\u00edctima sufri\u00f3 una fractura de cr\u00e1neo, sin embargo no perdi\u00f3 el conocimiento y de esa forma pudo entregar antecedentes de la agresi\u00f3n, sindicando como autor de los golpes a un sujeto apodado como \u2018El Conejo\u2019, quien vive en el mismo campamento y mantiene antecedentes penales por diversos delitos.<br \/>\nTras una evaluaci\u00f3n inicial en el hospital andino, Gonz\u00e1lez fue derivado hasta el hospital San Camilo donde dej\u00f3 de existir a eso de las 23:30 del mismo s\u00e1bado.<br \/>\nInicialmente el caso fue informado a la fiscal de San Felipe, Daniela Quevedo, quien instruy\u00f3 diligencias a la polic\u00eda para la ubicaci\u00f3n del \u2018Conejo\u2019, situaci\u00f3n que result\u00f3 infructuosa. No obstante, la ma\u00f1ana de ayer personal de la PDI logr\u00f3 dar con su paradero y detenerlo.<br \/>\nUna vez hecha la autopsia correspondiente, el cuerpo del \u2018Monona\u2019 fue entregado a su familia para ser velado en casa de una hermana en la poblaci\u00f3n Ren\u00e9 Schneider y luego sus restos fueron trasladados hasta el Cementerio Parroquial de Los Andes.<\/p>\n","protected":false},"excerpt":{"rendered":"<p>V\u00edctima de 60 a\u00f1os falleci\u00f3 producto de fractura craneal en campamento de Bicicross LOS ANDES.&#8211; La tarde de ayer lunes fue detenido por personal de la PDI, el presunto autor del homicidio&#8230;<\/p>\n","protected":false},"author":482,"featured_media":60018,"comment_status":"open","ping_status":"open","sticky":false,"template":"","format":"standard","meta":{"advanced_seo_description":"","jetpack_seo_html_title":"","jetpack_seo_noindex":false,"_jetpack_memberships_contains_paid_content":false,"footnotes":""},"categories":[21],"tags":[],"class_list":["post-60017","post","type-post","status-publish","format-standard","has-post-thumbnail","hentry","category-policial"],"jetpack_featured_media_url":"https:\/\/i0.wp.com\/eltrabajo.cl\/portal\/wp-content\/uploads\/2015\/07\/monona-occiso1.jpg?fit=530%2C348&ssl=1","jetpack_sharing_enabled":true,"jetpack_likes_enabled":true,"jetpack-related-posts":[],"_links":{"self":[{"href":"https:\/\/eltrabajo.cl\/portal\/wp-json\/wp\/v2\/posts\/60017","targetHints":{"allow":["GET"]}}],"collection":[{"href":"https:\/\/eltrabajo.cl\/portal\/wp-json\/wp\/v2\/posts"}],"about":[{"href":"https:\/\/eltrabajo.cl\/portal\/wp-json\/wp\/v2\/types\/post"}],"author":[{"embeddable":true,"href":"https:\/\/eltrabajo.cl\/portal\/wp-json\/wp\/v2\/users\/482"}],"replies":[{"embeddable":true,"href":"https:\/\/eltrabajo.cl\/portal\/wp-json\/wp\/v2\/comments?post=60017"}],"version-history":[{"count":0,"href":"https:\/\/eltrabajo.cl\/portal\/wp-json\/wp\/v2\/posts\/60017\/revisions"}],"wp:featuredmedia":[{"embeddable":true,"href":"https:\/\/eltrabajo.cl\/portal\/wp-json\/wp\/v2\/media\/60018"}],"wp:attachment":[{"href":"https:\/\/eltrabajo.cl\/portal\/wp-json\/wp\/v2\/media?parent=60017"}],"wp:term":[{"taxonomy":"category","embeddable":true,"href":"https:\/\/eltrabajo.cl\/portal\/wp-json\/wp\/v2\/categories?post=60017"},{"taxonomy":"post_tag","embeddable":true,"href":"https:\/\/eltrabajo.cl\/portal\/wp-json\/wp\/v2\/tags?post=60017"}],"curies":[{"name":"wp","href":"https:\/\/api.w.org\/{rel}","templated":true}]}}