{"id":60027,"date":"2015-07-15T09:32:29","date_gmt":"2015-07-15T12:32:29","guid":{"rendered":"http:\/\/www.eltrabajo.cl\/portal\/?p=60027"},"modified":"2015-07-15T09:32:29","modified_gmt":"2015-07-15T12:32:29","slug":"aprueban-inversion-de-1-100-millones-para-proyectos-emblematicos-de-putaendo","status":"publish","type":"post","link":"https:\/\/eltrabajo.cl\/portal\/aprueban-inversion-de-1-100-millones-para-proyectos-emblematicos-de-putaendo\/","title":{"rendered":"Aprueban inversi\u00f3n de $1.100 millones para proyectos emblem\u00e1ticos de Putaendo"},"content":{"rendered":"<figure id=\"attachment_60028\" aria-describedby=\"caption-attachment-60028\" style=\"width: 300px\" class=\"wp-caption alignleft\"><a href=\"https:\/\/i0.wp.com\/www.eltrabajo.cl\/portal\/wp-content\/uploads\/2015\/07\/CAPILLA-LO-VICUNA.jpg\"><img data-recalc-dims=\"1\" loading=\"lazy\" decoding=\"async\" class=\"wp-image-60028 size-medium\" src=\"https:\/\/i0.wp.com\/www.eltrabajo.cl\/portal\/wp-content\/uploads\/2015\/07\/CAPILLA-LO-VICUNA-300x197.jpg?resize=300%2C197\" alt=\"Para la restauraci\u00f3n de la Capilla Lo Vicu\u00f1a, el Gobierno Regional aprob\u00f3 una inversi\u00f3n de 900 millones de pesos.\" width=\"300\" height=\"197\" srcset=\"https:\/\/i0.wp.com\/eltrabajo.cl\/portal\/wp-content\/uploads\/2015\/07\/CAPILLA-LO-VICUNA.jpg?resize=300%2C197&amp;ssl=1 300w, https:\/\/i0.wp.com\/eltrabajo.cl\/portal\/wp-content\/uploads\/2015\/07\/CAPILLA-LO-VICUNA.jpg?resize=200%2C131&amp;ssl=1 200w, https:\/\/i0.wp.com\/eltrabajo.cl\/portal\/wp-content\/uploads\/2015\/07\/CAPILLA-LO-VICUNA.jpg?resize=228%2C150&amp;ssl=1 228w, https:\/\/i0.wp.com\/eltrabajo.cl\/portal\/wp-content\/uploads\/2015\/07\/CAPILLA-LO-VICUNA.jpg?resize=400%2C263&amp;ssl=1 400w, https:\/\/i0.wp.com\/eltrabajo.cl\/portal\/wp-content\/uploads\/2015\/07\/CAPILLA-LO-VICUNA.jpg?w=530&amp;ssl=1 530w\" sizes=\"auto, (max-width: 300px) 100vw, 300px\" \/><\/a><figcaption id=\"caption-attachment-60028\" class=\"wp-caption-text\">Para la restauraci\u00f3n de la Capilla Lo Vicu\u00f1a, el Gobierno Regional aprob\u00f3 una inversi\u00f3n de 900 millones de pesos.<\/figcaption><\/figure>\n<p><strong>PUTAENDO.<\/strong>&#8211; El Gobierno Regional de Valpara\u00edso aprob\u00f3 m\u00e1s de $1.100 millones para tres proyectos que beneficiar\u00e1n a los vecinos.<br \/>\nAs\u00ed lo inform\u00f3 el Consejero Regional Mario Sottolichio, quien sostuvo que durante el lunes pasado se aprobaron varios proyectos que ya hab\u00edan logrado todos los aspectos t\u00e9cnicos y que estaban a la espera de la asignaci\u00f3n de sus respectivos recursos.<br \/>\nEn este sentido, Sottolichio precis\u00f3 que para la comuna de Putaendo fueron aprobados dos proyectos presentados por la Municipalidad de Putaendo, consistentes en la restauraci\u00f3n de la Capilla de Lo Vicu\u00f1a por un monto de $900 millones y la construcci\u00f3n de alcantarillado para el sector de Granallas por $100 millones.<br \/>\nAdem\u00e1s se aprob\u00f3 un tercer proyecto presentado por el Servicio de Salud Aconcagua para el mejoramiento de las cuatro postas rurales de la comuna de Putaendo, por un monto de $135 millones.<br \/>\nMario Sottolichio asegur\u00f3 que estos proyectos son sumamente importantes para Puatendo, porque la reconstrucci\u00f3n de la Capilla de Lo Vicu\u00f1a viene a dar un importante respaldo al patrimonio de la comuna y tambi\u00e9n mediante la construcci\u00f3n del alcantarillado en Granallas se avanza considerablemente en mejorar la calidad de vida de los vecinos del sector, adem\u00e1s de las importantes mejoras que se realizar\u00e1n en las distintas postas de la comuna, por lo que se mostr\u00f3 feliz de haber apoyado algunos de estos proyectos desde sus inicios junto a las autoridades locales.<br \/>\nEl Consejero Regional expres\u00f3 adem\u00e1s que espera ayudar a conseguir el financiamiento por m\u00e1s de $250 millones para que los clubes deportivos de la comuna tengan peque\u00f1os tranques acumuladores de agua y riego tecnificado, con la finalidad de asegurar la mantenci\u00f3n de sus canchas, sobre todo en \u00e9poca de verano donde es habitual la falta de agua para los clubes deportivos de Putaendo.<br \/>\n<strong>Patricio Gallardo M.<\/strong><\/p>\n","protected":false},"excerpt":{"rendered":"<p>PUTAENDO.&#8211; El Gobierno Regional de Valpara\u00edso aprob\u00f3 m\u00e1s de $1.100 millones para tres proyectos que beneficiar\u00e1n a los vecinos. As\u00ed lo inform\u00f3 el Consejero Regional Mario Sottolichio, quien sostuvo que durante el&#8230;<\/p>\n","protected":false},"author":482,"featured_media":60028,"comment_status":"open","ping_status":"open","sticky":false,"template":"","format":"standard","meta":{"advanced_seo_description":"","jetpack_seo_html_title":"","jetpack_seo_noindex":false,"_jetpack_memberships_contains_paid_content":false,"footnotes":""},"categories":[15],"tags":[],"class_list":["post-60027","post","type-post","status-publish","format-standard","has-post-thumbnail","hentry","category-comunidad"],"jetpack_featured_media_url":"https:\/\/i0.wp.com\/eltrabajo.cl\/portal\/wp-content\/uploads\/2015\/07\/CAPILLA-LO-VICUNA.jpg?fit=530%2C348&ssl=1","jetpack_sharing_enabled":true,"jetpack_likes_enabled":true,"jetpack-related-posts":[],"_links":{"self":[{"href":"https:\/\/eltrabajo.cl\/portal\/wp-json\/wp\/v2\/posts\/60027","targetHints":{"allow":["GET"]}}],"collection":[{"href":"https:\/\/eltrabajo.cl\/portal\/wp-json\/wp\/v2\/posts"}],"about":[{"href":"https:\/\/eltrabajo.cl\/portal\/wp-json\/wp\/v2\/types\/post"}],"author":[{"embeddable":true,"href":"https:\/\/eltrabajo.cl\/portal\/wp-json\/wp\/v2\/users\/482"}],"replies":[{"embeddable":true,"href":"https:\/\/eltrabajo.cl\/portal\/wp-json\/wp\/v2\/comments?post=60027"}],"version-history":[{"count":0,"href":"https:\/\/eltrabajo.cl\/portal\/wp-json\/wp\/v2\/posts\/60027\/revisions"}],"wp:featuredmedia":[{"embeddable":true,"href":"https:\/\/eltrabajo.cl\/portal\/wp-json\/wp\/v2\/media\/60028"}],"wp:attachment":[{"href":"https:\/\/eltrabajo.cl\/portal\/wp-json\/wp\/v2\/media?parent=60027"}],"wp:term":[{"taxonomy":"category","embeddable":true,"href":"https:\/\/eltrabajo.cl\/portal\/wp-json\/wp\/v2\/categories?post=60027"},{"taxonomy":"post_tag","embeddable":true,"href":"https:\/\/eltrabajo.cl\/portal\/wp-json\/wp\/v2\/tags?post=60027"}],"curies":[{"name":"wp","href":"https:\/\/api.w.org\/{rel}","templated":true}]}}