{"id":60030,"date":"2015-07-15T09:35:04","date_gmt":"2015-07-15T12:35:04","guid":{"rendered":"http:\/\/www.eltrabajo.cl\/portal\/?p=60030"},"modified":"2015-07-15T09:35:04","modified_gmt":"2015-07-15T12:35:04","slug":"ambientalistas-critican-postura-de-siil-ante-posible-cierre-del-yacimiento","status":"publish","type":"post","link":"https:\/\/eltrabajo.cl\/portal\/ambientalistas-critican-postura-de-siil-ante-posible-cierre-del-yacimiento\/","title":{"rendered":"Ambientalistas critican postura de SIIL ante posible cierre del yacimiento"},"content":{"rendered":"<figure id=\"attachment_60032\" aria-describedby=\"caption-attachment-60032\" style=\"width: 300px\" class=\"wp-caption alignleft\"><a href=\"https:\/\/i0.wp.com\/www.eltrabajo.cl\/portal\/wp-content\/uploads\/2015\/07\/silvia-chavez-respuestasiil.jpg\"><img data-recalc-dims=\"1\" loading=\"lazy\" decoding=\"async\" class=\"wp-image-60032 size-medium\" src=\"https:\/\/i0.wp.com\/www.eltrabajo.cl\/portal\/wp-content\/uploads\/2015\/07\/silvia-chavez-respuestasiil-300x198.jpg?resize=300%2C198\" alt=\"Silvia Ch\u00e1vez, vocera de la Agrupaci\u00f3n Ecologista Aconcagua.\" width=\"300\" height=\"198\" srcset=\"https:\/\/i0.wp.com\/eltrabajo.cl\/portal\/wp-content\/uploads\/2015\/07\/silvia-chavez-respuestasiil.jpg?resize=300%2C198&amp;ssl=1 300w, https:\/\/i0.wp.com\/eltrabajo.cl\/portal\/wp-content\/uploads\/2015\/07\/silvia-chavez-respuestasiil.jpg?resize=200%2C132&amp;ssl=1 200w, https:\/\/i0.wp.com\/eltrabajo.cl\/portal\/wp-content\/uploads\/2015\/07\/silvia-chavez-respuestasiil.jpg?resize=228%2C150&amp;ssl=1 228w, https:\/\/i0.wp.com\/eltrabajo.cl\/portal\/wp-content\/uploads\/2015\/07\/silvia-chavez-respuestasiil.jpg?resize=400%2C263&amp;ssl=1 400w, https:\/\/i0.wp.com\/eltrabajo.cl\/portal\/wp-content\/uploads\/2015\/07\/silvia-chavez-respuestasiil.jpg?w=530&amp;ssl=1 530w\" sizes=\"auto, (max-width: 300px) 100vw, 300px\" \/><\/a><figcaption id=\"caption-attachment-60032\" class=\"wp-caption-text\">Silvia Ch\u00e1vez, vocera de la Agrupaci\u00f3n Ecologista Aconcagua.<\/figcaption><\/figure>\n<ul>\n<li><strong>Silvia Ch\u00e1vez asegur\u00f3 que defienden su trabajo, pero no el medioambiente y nuestras fuentes de agua como son los glaciares.<\/strong><\/li>\n<\/ul>\n<p><strong>LOS ANDES.<\/strong>&#8211; La vocera de la Agrupaci\u00f3n Ecologista Aconcagua, Silvia Ch\u00e1vez, critic\u00f3 duramente la declaraci\u00f3n hecha por los dirigentes del Sindicato de Integraci\u00f3n Laboral de Codelco Andina en orden a estar preocupados por un eventual cierre del yacimiento si se aprueba la ley de glaciares.<br \/>\nManifest\u00f3 que es entendible la postura de los trabajadores por cuanto se trata de su fuente laboral, \u00abpero en este pa\u00eds y en este valle hay muchas m\u00e1s personas que viven de otros trabajos distintos y que est\u00e1n siendo vulnerados solo para poner en valor la miner\u00eda, pues si nos destruyen el agua con el proyecto 244 nos destruyen todo emprendimiento econ\u00f3mico y estar\u00edamos vulnerando la agricultura y el turismo, y no todos tenemos una parcela de agrado donde poder irnos y tener agua garantizada\u00bb.<br \/>\nCh\u00e1vez dijo que ellos defienden el otro Chile, aquel que la gente de Codelco y sus trabajadores olvidaron por completo, \u00abporque los trabajadores de Codelco solo est\u00e1n pensando solo en su econom\u00eda, pero no la vida de todos los ecosistemas y las comunidades humanas hacia abajo\u00bb.<br \/>\nInsisti\u00f3 en que es una tremenda irresponsabilidad quitarle el valor a los glaciares de roca que son fundamentales para el clima y la permanencia del agua en las cuentas.<br \/>\nPor ello insisti\u00f3 en que los trabajadores de Codelco est\u00e1n velando solo por su bienestar econ\u00f3mico y no por la vida del resto de los ciudadanos, \u00aby nos parece aberrante lo que se\u00f1al\u00f3 este se\u00f1or Manr\u00edquez en cuanto a que solo se afectar\u00e1 una parte de los glaciares de roca, porque cuando se fractura un cuerpo de hielo y la luz solar penetra estos cuerpos, \u00e9stos se derriten y con ello se destruye el glaciar completo, as\u00ed como tambi\u00e9n hacer caminos sobre ellos\u00bb.<br \/>\nAfirm\u00f3 que el proyecto 244 destruir\u00e1 por completo 5 glaciares y ello significa destruir el clima de nuestro planeta, \u00abporque afectar\u00e1 a otros 25 cuerpos de hielo que est\u00e1n a su lado\u00bb.<\/p>\n","protected":false},"excerpt":{"rendered":"<p>Silvia Ch\u00e1vez asegur\u00f3 que defienden su trabajo, pero no el medioambiente y nuestras fuentes de agua como son los glaciares. LOS ANDES.&#8211; La vocera de la Agrupaci\u00f3n Ecologista Aconcagua, Silvia Ch\u00e1vez, critic\u00f3&#8230;<\/p>\n","protected":false},"author":482,"featured_media":60032,"comment_status":"open","ping_status":"open","sticky":false,"template":"","format":"standard","meta":{"advanced_seo_description":"","jetpack_seo_html_title":"","jetpack_seo_noindex":false,"_jetpack_memberships_contains_paid_content":false,"footnotes":""},"categories":[15],"tags":[],"class_list":["post-60030","post","type-post","status-publish","format-standard","has-post-thumbnail","hentry","category-comunidad"],"jetpack_featured_media_url":"https:\/\/i0.wp.com\/eltrabajo.cl\/portal\/wp-content\/uploads\/2015\/07\/silvia-chavez-respuestasiil.jpg?fit=530%2C349&ssl=1","jetpack_sharing_enabled":true,"jetpack_likes_enabled":true,"jetpack-related-posts":[],"_links":{"self":[{"href":"https:\/\/eltrabajo.cl\/portal\/wp-json\/wp\/v2\/posts\/60030","targetHints":{"allow":["GET"]}}],"collection":[{"href":"https:\/\/eltrabajo.cl\/portal\/wp-json\/wp\/v2\/posts"}],"about":[{"href":"https:\/\/eltrabajo.cl\/portal\/wp-json\/wp\/v2\/types\/post"}],"author":[{"embeddable":true,"href":"https:\/\/eltrabajo.cl\/portal\/wp-json\/wp\/v2\/users\/482"}],"replies":[{"embeddable":true,"href":"https:\/\/eltrabajo.cl\/portal\/wp-json\/wp\/v2\/comments?post=60030"}],"version-history":[{"count":0,"href":"https:\/\/eltrabajo.cl\/portal\/wp-json\/wp\/v2\/posts\/60030\/revisions"}],"wp:featuredmedia":[{"embeddable":true,"href":"https:\/\/eltrabajo.cl\/portal\/wp-json\/wp\/v2\/media\/60032"}],"wp:attachment":[{"href":"https:\/\/eltrabajo.cl\/portal\/wp-json\/wp\/v2\/media?parent=60030"}],"wp:term":[{"taxonomy":"category","embeddable":true,"href":"https:\/\/eltrabajo.cl\/portal\/wp-json\/wp\/v2\/categories?post=60030"},{"taxonomy":"post_tag","embeddable":true,"href":"https:\/\/eltrabajo.cl\/portal\/wp-json\/wp\/v2\/tags?post=60030"}],"curies":[{"name":"wp","href":"https:\/\/api.w.org\/{rel}","templated":true}]}}