{"id":60034,"date":"2015-07-15T09:36:10","date_gmt":"2015-07-15T12:36:10","guid":{"rendered":"http:\/\/www.eltrabajo.cl\/portal\/?p=60034"},"modified":"2015-07-15T09:36:10","modified_gmt":"2015-07-15T12:36:10","slug":"preocupacion-en-el-siil-por-declaraciones-de-gerente-de-andina-sobre-cierre-de-la-mina","status":"publish","type":"post","link":"https:\/\/eltrabajo.cl\/portal\/preocupacion-en-el-siil-por-declaraciones-de-gerente-de-andina-sobre-cierre-de-la-mina\/","title":{"rendered":"Preocupaci\u00f3n en el SIIL por declaraciones de Gerente de Andina sobre cierre de la mina"},"content":{"rendered":"<figure id=\"attachment_60031\" aria-describedby=\"caption-attachment-60031\" style=\"width: 300px\" class=\"wp-caption alignleft\"><a href=\"https:\/\/i0.wp.com\/www.eltrabajo.cl\/portal\/wp-content\/uploads\/2015\/07\/mmanriquez-preocupacionsiil1.jpg\"><img data-recalc-dims=\"1\" loading=\"lazy\" decoding=\"async\" class=\"wp-image-60031 size-medium\" src=\"https:\/\/i0.wp.com\/www.eltrabajo.cl\/portal\/wp-content\/uploads\/2015\/07\/mmanriquez-preocupacionsiil1-300x198.jpg?resize=300%2C198\" alt=\"Manuel Manr\u00edquez, presidente del Sindicato de Integraci\u00f3n Laboral (SIIL).\" width=\"300\" height=\"198\" srcset=\"https:\/\/i0.wp.com\/eltrabajo.cl\/portal\/wp-content\/uploads\/2015\/07\/mmanriquez-preocupacionsiil1.jpg?resize=300%2C198&amp;ssl=1 300w, https:\/\/i0.wp.com\/eltrabajo.cl\/portal\/wp-content\/uploads\/2015\/07\/mmanriquez-preocupacionsiil1.jpg?resize=200%2C132&amp;ssl=1 200w, https:\/\/i0.wp.com\/eltrabajo.cl\/portal\/wp-content\/uploads\/2015\/07\/mmanriquez-preocupacionsiil1.jpg?resize=228%2C150&amp;ssl=1 228w, https:\/\/i0.wp.com\/eltrabajo.cl\/portal\/wp-content\/uploads\/2015\/07\/mmanriquez-preocupacionsiil1.jpg?resize=400%2C263&amp;ssl=1 400w, https:\/\/i0.wp.com\/eltrabajo.cl\/portal\/wp-content\/uploads\/2015\/07\/mmanriquez-preocupacionsiil1.jpg?w=530&amp;ssl=1 530w\" sizes=\"auto, (max-width: 300px) 100vw, 300px\" \/><\/a><figcaption id=\"caption-attachment-60031\" class=\"wp-caption-text\">Manuel Manr\u00edquez, presidente del Sindicato de Integraci\u00f3n Laboral (SIIL).<\/figcaption><\/figure>\n<ul>\n<li><strong>El directorio sindical cree que una paralizaci\u00f3n de faena derivada de la aprobaci\u00f3n de la ley de glaciares, hipotecar\u00eda el futuro del valle.<\/strong><\/li>\n<\/ul>\n<p><strong>LOS ANDES<\/strong>&#8211; El directorio del Sindicato de Integraci\u00f3n Laboral (SIIL) de Codelco Andina manifest\u00f3 su incertidumbre y preocupaci\u00f3n por las declaraciones del Gerente General de la empresa, Ricardo Palma, con respecto a un posible cierre de la divisi\u00f3n Andina en 10 a\u00f1os m\u00e1s, esto debido a que los proyectos estructurales est\u00e1n sujetos a la aprobaci\u00f3n del estudio de impacto ambiental y tambi\u00e9n a la ley de Glaciares.<br \/>\nPara los dirigentes mineros, esta situaci\u00f3n, sin duda que pone en jaque el futuro de la divisi\u00f3n y tambi\u00e9n del Valle de Aconcagua, dado que la mirada sindical siempre ha estado en base a la ejecuci\u00f3n del proyecto Andina 244 y ello es lo que se ha trabajado en el \u00faltimo tiempo, teniendo en cuenta aspectos como el cumplimiento de las normas ambientales vigentes, asegurar la estabilidad laboral y el futuro de la Divisi\u00f3n. Adem\u00e1s este proyecto generar\u00eda gran parte de las fuentes laborales que mueven a la provincia y por ende se condicionar\u00eda el futuro de la zona. Sobretodo sabiendo que existen las reservas de mineral para explotarlo durante a lo menos unos 25 a\u00f1os m\u00e1s.<br \/>\nAl respecto, la directiva del Sindicato Industrial de Integraci\u00f3n Laboral de Codelco Divisi\u00f3n Andina a trav\u00e9s de su presidente Manuel Manr\u00edquez sostienen que \u00abSe han realizado gestiones a nivel pol\u00edtico, de la Federaci\u00f3n de Trabajadores del Cobre y con las autoridades superiores de Codelco, para obtener una respuesta ambiental al proyecto, cumpliendo con el compromiso de la presentaci\u00f3n de la Adenda N\u00b0 2, pactada para el 31 de julio, la cual deber\u00eda dar respuesta a todas las inquietudes que manifest\u00f3 la comunidad, en cuanto a disminuir impactos negativos que pudiese tener el proyecto en el Valle de Aconcagua\u00bb.<br \/>\nLa preocupaci\u00f3n pasa principalmente por la incertidumbre que existe en torno al futuro del proyecto, ya que una posible paralizaci\u00f3n afectar\u00eda, no s\u00f3lo a los trabajadores de la miner\u00eda, sino que a todo el valle, ya que este rubro mueve gran parte de la econom\u00eda de la zona y es all\u00ed donde radica la importancia que se desarrolle este proyecto estructural.<br \/>\n\u00abCreemos que en la medida que se pueda establecer una claridad de la informaci\u00f3n y el entendimiento de lo antes expuesto, estamos claros que la disyuntiva no es si se desarrollan o no los proyectos mineros, por el contrario, el tema es, que se desarrollen de manera sustentable y armoniosa. Como trabajadores y vecinos del Valle de Aconcagua estamos seguros que en la medida que se avance en las mesas de di\u00e1logo y participaci\u00f3n, con los antecedentes adecuados, podremos establecer un entendimiento que permita encontrar soluciones equilibradas y justas para todos los intereses que representa el Estado de Chile\u00bb, sostuvo Manuel Manr\u00edquez, presidente del Sindicato SIIL.<br \/>\nNo se descarta incluso movilizar a los trabajadores para defender la ejecuci\u00f3n de este proyecto, por lo que la idea es que se avance en cada uno de los pasos.<br \/>\nCabe mencionar que una paralizaci\u00f3n del proyecto implica para el valle de Aconcagua un serio problema, ya que la miner\u00eda genera el 16,8% de la econom\u00eda regional, en consecuencia que el resto de la industria incluida la agricultura aportan solamente el 3,3% del Producto Interno Bruto PIB de la econom\u00eda regional.<br \/>\nAnte estas informaciones la directiva del SIIL espera que se generan las instancias para la aprobaci\u00f3n del proyecto y de esta forma el futuro del valle sea prospero para toda su gente y en especial para los trabajadores de la miner\u00eda que son quienes le dan vida a este trozo de pa\u00eds.<\/p>\n","protected":false},"excerpt":{"rendered":"<p>El directorio sindical cree que una paralizaci\u00f3n de faena derivada de la aprobaci\u00f3n de la ley de glaciares, hipotecar\u00eda el futuro del valle. LOS ANDES&#8211; El directorio del Sindicato de Integraci\u00f3n Laboral&#8230;<\/p>\n","protected":false},"author":482,"featured_media":60031,"comment_status":"open","ping_status":"open","sticky":false,"template":"","format":"standard","meta":{"advanced_seo_description":"","jetpack_seo_html_title":"","jetpack_seo_noindex":false,"_jetpack_memberships_contains_paid_content":false,"footnotes":""},"categories":[15],"tags":[],"class_list":["post-60034","post","type-post","status-publish","format-standard","has-post-thumbnail","hentry","category-comunidad"],"jetpack_featured_media_url":"https:\/\/i0.wp.com\/eltrabajo.cl\/portal\/wp-content\/uploads\/2015\/07\/mmanriquez-preocupacionsiil1.jpg?fit=530%2C349&ssl=1","jetpack_sharing_enabled":true,"jetpack_likes_enabled":true,"jetpack-related-posts":[],"_links":{"self":[{"href":"https:\/\/eltrabajo.cl\/portal\/wp-json\/wp\/v2\/posts\/60034","targetHints":{"allow":["GET"]}}],"collection":[{"href":"https:\/\/eltrabajo.cl\/portal\/wp-json\/wp\/v2\/posts"}],"about":[{"href":"https:\/\/eltrabajo.cl\/portal\/wp-json\/wp\/v2\/types\/post"}],"author":[{"embeddable":true,"href":"https:\/\/eltrabajo.cl\/portal\/wp-json\/wp\/v2\/users\/482"}],"replies":[{"embeddable":true,"href":"https:\/\/eltrabajo.cl\/portal\/wp-json\/wp\/v2\/comments?post=60034"}],"version-history":[{"count":0,"href":"https:\/\/eltrabajo.cl\/portal\/wp-json\/wp\/v2\/posts\/60034\/revisions"}],"wp:featuredmedia":[{"embeddable":true,"href":"https:\/\/eltrabajo.cl\/portal\/wp-json\/wp\/v2\/media\/60031"}],"wp:attachment":[{"href":"https:\/\/eltrabajo.cl\/portal\/wp-json\/wp\/v2\/media?parent=60034"}],"wp:term":[{"taxonomy":"category","embeddable":true,"href":"https:\/\/eltrabajo.cl\/portal\/wp-json\/wp\/v2\/categories?post=60034"},{"taxonomy":"post_tag","embeddable":true,"href":"https:\/\/eltrabajo.cl\/portal\/wp-json\/wp\/v2\/tags?post=60034"}],"curies":[{"name":"wp","href":"https:\/\/api.w.org\/{rel}","templated":true}]}}