{"id":60045,"date":"2015-07-15T09:43:50","date_gmt":"2015-07-15T12:43:50","guid":{"rendered":"http:\/\/www.eltrabajo.cl\/portal\/?p=60045"},"modified":"2015-07-15T09:43:50","modified_gmt":"2015-07-15T12:43:50","slug":"inicia-juicio-oral-contra-antisociales-que-dieron-muerte-a-trabajador-en-asalto-a-minimarket","status":"publish","type":"post","link":"https:\/\/eltrabajo.cl\/portal\/inicia-juicio-oral-contra-antisociales-que-dieron-muerte-a-trabajador-en-asalto-a-minimarket\/","title":{"rendered":"Inicia juicio oral contra antisociales que dieron muerte a trabajador en asalto a minimarket"},"content":{"rendered":"<figure id=\"attachment_60046\" aria-describedby=\"caption-attachment-60046\" style=\"width: 300px\" class=\"wp-caption alignleft\"><a href=\"https:\/\/i0.wp.com\/www.eltrabajo.cl\/portal\/wp-content\/uploads\/2015\/07\/juicio-enzo2.jpg\"><img data-recalc-dims=\"1\" loading=\"lazy\" decoding=\"async\" class=\"wp-image-60046 size-medium\" src=\"https:\/\/i0.wp.com\/www.eltrabajo.cl\/portal\/wp-content\/uploads\/2015\/07\/juicio-enzo2-300x198.jpg?resize=300%2C198\" alt=\"La fiscal\u00eda pide presidio perpetuo calificado para los adultos, es decir, 40 a\u00f1os de c\u00e1rcel y 10 a\u00f1os de libertad asistida para el menor.\" width=\"300\" height=\"198\" srcset=\"https:\/\/i0.wp.com\/eltrabajo.cl\/portal\/wp-content\/uploads\/2015\/07\/juicio-enzo2.jpg?resize=300%2C198&amp;ssl=1 300w, https:\/\/i0.wp.com\/eltrabajo.cl\/portal\/wp-content\/uploads\/2015\/07\/juicio-enzo2.jpg?resize=200%2C132&amp;ssl=1 200w, https:\/\/i0.wp.com\/eltrabajo.cl\/portal\/wp-content\/uploads\/2015\/07\/juicio-enzo2.jpg?resize=228%2C150&amp;ssl=1 228w, https:\/\/i0.wp.com\/eltrabajo.cl\/portal\/wp-content\/uploads\/2015\/07\/juicio-enzo2.jpg?resize=400%2C263&amp;ssl=1 400w, https:\/\/i0.wp.com\/eltrabajo.cl\/portal\/wp-content\/uploads\/2015\/07\/juicio-enzo2.jpg?w=530&amp;ssl=1 530w\" sizes=\"auto, (max-width: 300px) 100vw, 300px\" \/><\/a><figcaption id=\"caption-attachment-60046\" class=\"wp-caption-text\">La fiscal\u00eda pide presidio perpetuo calificado para los adultos, es decir, 40 a\u00f1os de c\u00e1rcel y 10 a\u00f1os de libertad asistida para el menor.<\/figcaption><\/figure>\n<ul>\n<li><strong>Solo dos de los cinco imputados pidieron disculpas a la familia. \u2018Cara de Tuto\u2019 se\u00f1al\u00f3 que se le escap\u00f3 un tiro cuando la v\u00edctima supuestamente lo atac\u00f3 con un cuchillo.<\/strong><\/li>\n<\/ul>\n<p><strong>LOS ANDES.<\/strong>&#8211; Versiones contradictorias entre los imputados que declararon marcaron el inicio del juicio oral por el asalto a un almac\u00e9n en la villa El Mirador donde result\u00f3 muerto el hijo de la due\u00f1a del local, el trabajador de la Divisi\u00f3n Andina de Codelco Enzo Ram\u00edrez Tapia, hecho ocurrido en el mes de octubre de 2014.<br \/>\nLuego de casi 9 meses de investigaci\u00f3n el Ministerio P\u00fablico de Los Andes representado por su fiscal Jefe Ricardo Reinoso llev\u00f3 a juicio a los imputados Marcelo Ignacio Delgado Olgu\u00edn (18), alias \u2018El Cara de Tuto\u2019, Luis Francisco Hern\u00e1ndez Ot\u00e1rola (18), Sebasti\u00e1n Andr\u00e9s Santander Rojas (18) Francis Bryan Arredondo Torrej\u00f3n (20) y el menor de J.L.R., de 16 a\u00f1os, por los delitos de robo con homicidio y porte ilegal de armas de fuego.<\/p>\n<p><strong>VIOLENTO ATRACO<\/strong><br \/>\nComo se recordar\u00e1, el crimen ocurri\u00f3 la tarde del 22 de octubre de 2014 cuando tres sujetos ingresaron al almac\u00e9n \u2018El Mirador\u2019 ubicado en avenida Hermano Clark n\u00ba 399 y mientras los otros dos se quedaron fuera prestando cobertura.<br \/>\nEl fiscal Reinoso relat\u00f3 que \u201clos que entran lo hacen de una manera bastante violenta, ya que hab\u00edan menores de edad, incluso la v\u00edctima ten\u00eda un menor en sus brazos cuando uno de ellos le dispara en el pecho y la v\u00edctima fallece una hora despu\u00e9s en el hospital de Los Andes\u201d.<br \/>\nEl persecutor se\u00f1al\u00f3 que conforme a las primeras diligencias efectuadas por la Labocar, el autor del disparo que mat\u00f3 al trabajador es Marcelo Delgado Olgu\u00edn, quien al momento de ser detenido llevaba consigo una pistola Beretta de calibre 6,5.<br \/>\nPrecis\u00f3 que los antisociales tras huir del local efectuaron al menos tres disparos al aire y luego abordaron el autom\u00f3vil Mazda para escapar a gran velocidad por la autopista CH 60 hacia la ciudad de San Felipe, siendo seguidos en todo momento por una testigo que fue avisando a Carabineros la ubicaci\u00f3n de los antisociales.<\/p>\n<p><strong>AUTOR DEL DISPARO<\/strong><br \/>\nUna de las tesis que se pretende demostrar durante el juicio por parte del Ministerio P\u00fablico se relaciona con Marcelo Delgado como autor del disparo que dio muerte al trabajador.<br \/>\nEllo porque la bala calibre 6,5 extra\u00edda del cuerpo de la v\u00edctima corresponde a la pistola Beretta que portaba el \u2018Cara de Tuto\u2019 cuando ingres\u00f3 al local.<br \/>\nAdem\u00e1s, la abogada de la Caja de Vecina de Banco Estado, Catalina Navarro, se uni\u00f3 al proceso como querellante por la sustracci\u00f3n de m\u00e1s de 800 mil pesos que hab\u00eda en el almac\u00e9n el d\u00eda del atraco y que habr\u00edan sido robados por los antisociales, algo que ellos desmienten.<\/p>\n<p><strong>DECLARACI\u00d3N DE LOS IMPUTADOS<\/strong><br \/>\nTras los alegatos de apertura y lectura de la acusaci\u00f3n hecha por la Juez Presidente del Tribunal, Pamela Peralta Ferrugia, se dio a la posibilidad a que los imputados declararan, subiendo al estrado solo tres de ellos.<br \/>\nEn primer t\u00e9rmino lo hizo el menor J.L.R., quien pidi\u00f3 disculpas a la familia de la v\u00edctima y se\u00f1al\u00f3 que el asalto a un local en Los Andes estuvo planificado y que \u00e9l solo actu\u00f3 como conductor del m\u00f3vil, nunca habiendo ingresado a local.<br \/>\nPrecis\u00f3 que el grupo siempre tuvo en mente perpetrar un asalto a un local en Los Andes, pero no matar a nadie, asegurando que el d\u00eda de los hechos recibi\u00f3 un llamado de Luis Hern\u00e1ndez Ot\u00e1rola para \u2018hacer algo\u2019 que en rigor significaba obtener dinero f\u00e1cil mediante un asalto<br \/>\nAsimismo, dijo que la intenci\u00f3n inicial del grupo era asaltar la estaci\u00f3n de servicio Shell ubicada en la misma avenida Hermanos Clark, pero al encontrarse con mucha gente vio como sus compa\u00f1eros se dirigieron hasta el almac\u00e9n.<br \/>\nEsta versi\u00f3n difiere en parte a la declaraci\u00f3n del segundo de los imputados, Francis Arredondo Torrej\u00f3n, quien no pidi\u00f3 disculpas a la familia ni tampoco mostr\u00f3 arrepentimiento del crimen, el cual dijo que la banda no quer\u00eda asaltar el servicentro y s\u00f3lo cuando estaban estacionados en avenida Argentina drog\u00e1ndose despu\u00e9s de haber comprado marihuana en la villa Alto Aconcagua decidieron ir a asaltar el almac\u00e9n.<br \/>\nArredondo dijo que fue el menor quien habr\u00eda propuesto asaltar la caja vecina y en ese momento partieron al lugar, estacionado el auto unos metros m\u00e1s al norte del almac\u00e9n y luego \u00e9l se baj\u00f3 y cruz\u00f3 hacia la vereda poniente de Hermanos Clark para quedar como vig\u00eda para alertar la llegada de Carabineros, mientras que Hern\u00e1ndez, Santander y Delgado se dirigieron al local.<br \/>\nFinalmente, Marcelo Delgado Olgu\u00edn, alias \u2018El cara de Tuto\u2019, reconoci\u00f3 que fue \u00e9l uno de los que ingres\u00f3 al local y apunt\u00f3 a la cabeza a la due\u00f1a exigi\u00e9ndole el dinero.<br \/>\nEn ese momento Santander le habr\u00eda dicho que se retirar\u00e1n, momento en el cual asegur\u00f3 que la v\u00edctima Enzo Ram\u00edrez tom\u00f3 un cuchillo y trat\u00f3 de agredirlo, pero al esquivar el corte se fue hacia atr\u00e1s y se le escap\u00f3 un tiro que le dio al trabajador a la altura del coraz\u00f3n.<br \/>\nEl \u2018Cara de Tuto\u2019 manifest\u00f3 que Enzo Ram\u00edrez no ten\u00eda a su hija lactante en brazos, ya que cuando entraron e intimidaron al grupo que all\u00ed se encontraba \u00e9ste le pas\u00f3 a la ni\u00f1a a su esposa quien se retir\u00f3 a una dependencia interior.<br \/>\nFinalmente el imputado pidi\u00f3 disculpas a la familia, \u201cporque yo nunca quise hacer eso\u201d.<br \/>\nAnte las contradictorias versiones de los imputados el Tribunal deber\u00e1 resolver conforme a las pruebas presentadas por el Ministerio P\u00fablico si su tesis es la correcta y los declara culpables de robo con homicidio u otra figura legal como tratar\u00e1n de demostrar las defensas.<br \/>\nCabe recordar que la fiscal\u00eda est\u00e1 pidiendo presidio perpetuo calificado para los adultos, es decir un cumplimiento efectivo de 40 a\u00f1os de reclusi\u00f3n antes de poder acceder a alg\u00fan beneficio y para el menor, 10 a\u00f1os de libertad asistida especial.<br \/>\nDe acuerdo a la cantidad de testigos y prueba documental que rendir se espera que el juicio tenga una duraci\u00f3n aproximada de cuatro d\u00edas.<\/p>\n","protected":false},"excerpt":{"rendered":"<p>Solo dos de los cinco imputados pidieron disculpas a la familia. \u2018Cara de Tuto\u2019 se\u00f1al\u00f3 que se le escap\u00f3 un tiro cuando la v\u00edctima supuestamente lo atac\u00f3 con un cuchillo. LOS ANDES.&#8211;&#8230;<\/p>\n","protected":false},"author":482,"featured_media":60046,"comment_status":"open","ping_status":"open","sticky":false,"template":"","format":"standard","meta":{"advanced_seo_description":"","jetpack_seo_html_title":"","jetpack_seo_noindex":false,"_jetpack_memberships_contains_paid_content":false,"footnotes":""},"categories":[21],"tags":[],"class_list":["post-60045","post","type-post","status-publish","format-standard","has-post-thumbnail","hentry","category-policial"],"jetpack_featured_media_url":"https:\/\/i0.wp.com\/eltrabajo.cl\/portal\/wp-content\/uploads\/2015\/07\/juicio-enzo2.jpg?fit=530%2C349&ssl=1","jetpack_sharing_enabled":true,"jetpack_likes_enabled":true,"jetpack-related-posts":[],"_links":{"self":[{"href":"https:\/\/eltrabajo.cl\/portal\/wp-json\/wp\/v2\/posts\/60045","targetHints":{"allow":["GET"]}}],"collection":[{"href":"https:\/\/eltrabajo.cl\/portal\/wp-json\/wp\/v2\/posts"}],"about":[{"href":"https:\/\/eltrabajo.cl\/portal\/wp-json\/wp\/v2\/types\/post"}],"author":[{"embeddable":true,"href":"https:\/\/eltrabajo.cl\/portal\/wp-json\/wp\/v2\/users\/482"}],"replies":[{"embeddable":true,"href":"https:\/\/eltrabajo.cl\/portal\/wp-json\/wp\/v2\/comments?post=60045"}],"version-history":[{"count":0,"href":"https:\/\/eltrabajo.cl\/portal\/wp-json\/wp\/v2\/posts\/60045\/revisions"}],"wp:featuredmedia":[{"embeddable":true,"href":"https:\/\/eltrabajo.cl\/portal\/wp-json\/wp\/v2\/media\/60046"}],"wp:attachment":[{"href":"https:\/\/eltrabajo.cl\/portal\/wp-json\/wp\/v2\/media?parent=60045"}],"wp:term":[{"taxonomy":"category","embeddable":true,"href":"https:\/\/eltrabajo.cl\/portal\/wp-json\/wp\/v2\/categories?post=60045"},{"taxonomy":"post_tag","embeddable":true,"href":"https:\/\/eltrabajo.cl\/portal\/wp-json\/wp\/v2\/tags?post=60045"}],"curies":[{"name":"wp","href":"https:\/\/api.w.org\/{rel}","templated":true}]}}