{"id":60048,"date":"2015-07-15T09:46:48","date_gmt":"2015-07-15T12:46:48","guid":{"rendered":"http:\/\/www.eltrabajo.cl\/portal\/?p=60048"},"modified":"2015-07-15T09:46:48","modified_gmt":"2015-07-15T12:46:48","slug":"solo-un-golpe-le-basto-al-conejo-para-quitarle-la-vida-al-monona","status":"publish","type":"post","link":"https:\/\/eltrabajo.cl\/portal\/solo-un-golpe-le-basto-al-conejo-para-quitarle-la-vida-al-monona\/","title":{"rendered":"Solo un golpe le bast\u00f3 al &#8216;Conejo&#8217; para quitarle la vida al &#8216;Monona&#8217;"},"content":{"rendered":"<figure id=\"attachment_60049\" aria-describedby=\"caption-attachment-60049\" style=\"width: 300px\" class=\"wp-caption alignleft\"><a href=\"https:\/\/i0.wp.com\/www.eltrabajo.cl\/portal\/wp-content\/uploads\/2015\/07\/homicida-monona2.jpg\"><img data-recalc-dims=\"1\" loading=\"lazy\" decoding=\"async\" class=\"wp-image-60049 size-medium\" src=\"https:\/\/i0.wp.com\/www.eltrabajo.cl\/portal\/wp-content\/uploads\/2015\/07\/homicida-monona2-300x198.jpg?resize=300%2C198\" alt=\"El homicida fue identificado como Kevin Lester Villablanca Le\u00f3n, quien cuenta con un nutrido prontuario delictual. \" width=\"300\" height=\"198\" srcset=\"https:\/\/i0.wp.com\/eltrabajo.cl\/portal\/wp-content\/uploads\/2015\/07\/homicida-monona2.jpg?resize=300%2C198&amp;ssl=1 300w, https:\/\/i0.wp.com\/eltrabajo.cl\/portal\/wp-content\/uploads\/2015\/07\/homicida-monona2.jpg?resize=200%2C132&amp;ssl=1 200w, https:\/\/i0.wp.com\/eltrabajo.cl\/portal\/wp-content\/uploads\/2015\/07\/homicida-monona2.jpg?resize=227%2C150&amp;ssl=1 227w, https:\/\/i0.wp.com\/eltrabajo.cl\/portal\/wp-content\/uploads\/2015\/07\/homicida-monona2.jpg?resize=400%2C264&amp;ssl=1 400w, https:\/\/i0.wp.com\/eltrabajo.cl\/portal\/wp-content\/uploads\/2015\/07\/homicida-monona2.jpg?w=530&amp;ssl=1 530w\" sizes=\"auto, (max-width: 300px) 100vw, 300px\" \/><\/a><figcaption id=\"caption-attachment-60049\" class=\"wp-caption-text\">El homicida fue identificado como Kevin Lester Villablanca Le\u00f3n, quien cuenta con un nutrido prontuario delictual.<\/figcaption><\/figure>\n<ul>\n<li><strong>Kevin Villablanca Le\u00f3n fue arrestado en las inmediaciones del campamento de bicicross.<\/strong><\/li>\n<\/ul>\n<p><strong>LOS ANDES.<\/strong>&#8211; Tras una orden ampliada entregada por el fiscal jefe Ricardo Reinoso, detectives de la Brigada de Homicidios de la PDI de Los Andes detuvieron en las \u00faltimas horas a Kevin Lester Villablanca Le\u00f3n (25), alias \u2018El Conejo\u2019, sindicado como autor de las graves lesiones que terminaron con la vida de Jos\u00e9 Armando Gonz\u00e1lez Saavedra, conocido popularmente como \u2018El Monona\u2019.<br \/>\nAs\u00ed lo confirm\u00f3 a Diario El Trabajo el Jefe de Homicidios, Comisario Gino Guti\u00e9rrez, quien declar\u00f3 que conforme a las primeras indagaciones los hechos ocurrieron la tarde del s\u00e1bado en medio de la ingesta de bebidas alcoh\u00f3licas y consumo de drogas, espec\u00edficamente pasta base, \u201cdonde v\u00edctima y victimario compartieron en horas de la ma\u00f1ana del d\u00eda s\u00e1bado y en un momento se genera esta situaci\u00f3n que deriv\u00f3 en la muerte de esta persona\u201d.<br \/>\nEl oficial dijo que elemento contundente usado para causar las lesiones ser\u00eda un madero grueso usado en obras de construcci\u00f3n, agregando que hab\u00eda un grupo de personas compartiendo alcohol y luego se gener\u00f3 una discusi\u00f3n \u201cdonde el victimario acomete contra la v\u00edctima caus\u00e1ndole lesiones en su cr\u00e1neo\u201d.<br \/>\n\u201cTenemos establecido un solo golpe que le caus\u00f3 la fractura y el informe del servicio m\u00e9dico legal establece que la causa de muerte es un traumatismo enc\u00e9falo craneano y elemento usado para ello lo cual est\u00e1 a disposici\u00f3n del Ministerio P\u00fablico\u201d, expres\u00f3.<br \/>\nPrecis\u00f3 que a\u00fan se sigue trabajando en el esclarecimiento del crimen, tanto la evidencia material como la declaraci\u00f3n aportada por testigos del hecho.<br \/>\nNutrido prontuario policial.<br \/>\nCabe consignar que Kevin Villablanca Le\u00f3n registra un nutrido prontuario policial por diversos delitos contra las personas y la propiedad.<br \/>\n\u2018El Conejo\u2019 hab\u00eda sido detenido en mayo reci\u00e9n pasado por robar un equipo de amplificaci\u00f3n desde el \u2018Golden Circus\u2019 que por esos d\u00edas ten\u00eda montado su espect\u00e1culo en los terrenos de la ex aduana de Hermanos Clark.<br \/>\nAnteriormente en abril hab\u00eda sido arrestado por robar especies desde una casa en la villa Hermanos Maristas y en febrero fue detenido por hurtar especies desde la ferreter\u00eda \u2018Andina\u2019.<br \/>\nSu historial delictual registra tambi\u00e9n una agresi\u00f3n en contra de otro sujeto a quien golpe\u00f3 con un fierro en el rostro en diciembre de 2013, caus\u00e1ndole lesiones graves.<br \/>\nAdem\u00e1s, en 2008 fue condenado a 5 a\u00f1os y un d\u00eda de c\u00e1rcel por haber asaltado a un funcionario de la PDI que transitaba por calle Maip\u00fa junto a su polola.<br \/>\nEl \u2018Conejo\u2019 pas\u00f3 a disposici\u00f3n del Tribunal de Garant\u00eda para su respectiva formalizaci\u00f3n por este brutal crimen.<\/p>\n","protected":false},"excerpt":{"rendered":"<p>Kevin Villablanca Le\u00f3n fue arrestado en las inmediaciones del campamento de bicicross. LOS ANDES.&#8211; Tras una orden ampliada entregada por el fiscal jefe Ricardo Reinoso, detectives de la Brigada de Homicidios de&#8230;<\/p>\n","protected":false},"author":482,"featured_media":60049,"comment_status":"open","ping_status":"open","sticky":false,"template":"","format":"standard","meta":{"advanced_seo_description":"","jetpack_seo_html_title":"","jetpack_seo_noindex":false,"_jetpack_memberships_contains_paid_content":false,"footnotes":""},"categories":[21],"tags":[],"class_list":["post-60048","post","type-post","status-publish","format-standard","has-post-thumbnail","hentry","category-policial"],"jetpack_featured_media_url":"https:\/\/i0.wp.com\/eltrabajo.cl\/portal\/wp-content\/uploads\/2015\/07\/homicida-monona2.jpg?fit=530%2C350&ssl=1","jetpack_sharing_enabled":true,"jetpack_likes_enabled":true,"jetpack-related-posts":[],"_links":{"self":[{"href":"https:\/\/eltrabajo.cl\/portal\/wp-json\/wp\/v2\/posts\/60048","targetHints":{"allow":["GET"]}}],"collection":[{"href":"https:\/\/eltrabajo.cl\/portal\/wp-json\/wp\/v2\/posts"}],"about":[{"href":"https:\/\/eltrabajo.cl\/portal\/wp-json\/wp\/v2\/types\/post"}],"author":[{"embeddable":true,"href":"https:\/\/eltrabajo.cl\/portal\/wp-json\/wp\/v2\/users\/482"}],"replies":[{"embeddable":true,"href":"https:\/\/eltrabajo.cl\/portal\/wp-json\/wp\/v2\/comments?post=60048"}],"version-history":[{"count":0,"href":"https:\/\/eltrabajo.cl\/portal\/wp-json\/wp\/v2\/posts\/60048\/revisions"}],"wp:featuredmedia":[{"embeddable":true,"href":"https:\/\/eltrabajo.cl\/portal\/wp-json\/wp\/v2\/media\/60049"}],"wp:attachment":[{"href":"https:\/\/eltrabajo.cl\/portal\/wp-json\/wp\/v2\/media?parent=60048"}],"wp:term":[{"taxonomy":"category","embeddable":true,"href":"https:\/\/eltrabajo.cl\/portal\/wp-json\/wp\/v2\/categories?post=60048"},{"taxonomy":"post_tag","embeddable":true,"href":"https:\/\/eltrabajo.cl\/portal\/wp-json\/wp\/v2\/tags?post=60048"}],"curies":[{"name":"wp","href":"https:\/\/api.w.org\/{rel}","templated":true}]}}