{"id":60051,"date":"2015-07-15T09:49:57","date_gmt":"2015-07-15T12:49:57","guid":{"rendered":"http:\/\/www.eltrabajo.cl\/portal\/?p=60051"},"modified":"2015-07-15T09:49:57","modified_gmt":"2015-07-15T12:49:57","slug":"gope-de-carabineros-retiro-proyectiles-de-uso-belico-desde-una-vivienda","status":"publish","type":"post","link":"https:\/\/eltrabajo.cl\/portal\/gope-de-carabineros-retiro-proyectiles-de-uso-belico-desde-una-vivienda\/","title":{"rendered":"Gope de Carabineros retir\u00f3 proyectiles de uso b\u00e9lico desde una vivienda"},"content":{"rendered":"<figure id=\"attachment_60052\" aria-describedby=\"caption-attachment-60052\" style=\"width: 300px\" class=\"wp-caption alignleft\"><a href=\"https:\/\/i0.wp.com\/www.eltrabajo.cl\/portal\/wp-content\/uploads\/2015\/07\/MORTEROS-2.jpg\"><img data-recalc-dims=\"1\" loading=\"lazy\" decoding=\"async\" class=\"wp-image-60052 size-medium\" src=\"https:\/\/i0.wp.com\/www.eltrabajo.cl\/portal\/wp-content\/uploads\/2015\/07\/MORTEROS-2-300x197.jpg?resize=300%2C197\" alt=\"El material b\u00e9lico se encontraba en una vivienda en la poblaci\u00f3n Pedro Aguirre Cerda en San Felipe. \" width=\"300\" height=\"197\" srcset=\"https:\/\/i0.wp.com\/eltrabajo.cl\/portal\/wp-content\/uploads\/2015\/07\/MORTEROS-2.jpg?resize=300%2C197&amp;ssl=1 300w, https:\/\/i0.wp.com\/eltrabajo.cl\/portal\/wp-content\/uploads\/2015\/07\/MORTEROS-2.jpg?resize=200%2C131&amp;ssl=1 200w, https:\/\/i0.wp.com\/eltrabajo.cl\/portal\/wp-content\/uploads\/2015\/07\/MORTEROS-2.jpg?resize=228%2C150&amp;ssl=1 228w, https:\/\/i0.wp.com\/eltrabajo.cl\/portal\/wp-content\/uploads\/2015\/07\/MORTEROS-2.jpg?resize=400%2C263&amp;ssl=1 400w, https:\/\/i0.wp.com\/eltrabajo.cl\/portal\/wp-content\/uploads\/2015\/07\/MORTEROS-2.jpg?w=530&amp;ssl=1 530w\" sizes=\"auto, (max-width: 300px) 100vw, 300px\" \/><\/a><figcaption id=\"caption-attachment-60052\" class=\"wp-caption-text\">El material b\u00e9lico se encontraba en una vivienda en la poblaci\u00f3n Pedro Aguirre Cerda en San Felipe.<\/figcaption><\/figure>\n<ul>\n<li><strong>Procedimiento rutinario de autoridad fiscalizadora de armamentos de Carabineros de Los Andes, termin\u00f3 con hallazgo de dos proyectiles de mortero de uso b\u00e9lico en vivienda de un vecino en poblaci\u00f3n Pedro Aguirre Cerda, lo que deriv\u00f3 en el despliegue de peritos del Gope de Carabineros de Valpara\u00edso, incautando la munici\u00f3n para ser periciada.<\/strong><\/li>\n<\/ul>\n<p>Un intenso operativo despleg\u00f3 personal del Grupo de Operaciones Policiales Especiales (Gope) de Carabineros de Valpara\u00edso, incautando dos cartuchos de mortero que manten\u00eda un vecino de la poblaci\u00f3n Pedro Aguirre Cerda en San Felipe y que habr\u00edan sido obsequiados por un hermano de \u00e9ste hace 20 a\u00f1os.<br \/>\nLa existencia de los proyectiles qued\u00f3 al descubierto a ra\u00edz de diligencias que efectuaba la autoridad fiscalizadora de armamentos de Carabineros en la vivienda del propietario en San Felipe la tarde de este lunes.<br \/>\nDe acuerdo a la informaci\u00f3n proporcionada por la polic\u00eda uniformada a Diario El Trabajo, al interior de un taller mec\u00e1nico en dicho inmueble se manten\u00edan las municiones a modo de trofeo que fueron ense\u00f1adas por el mismo vecino a la comitiva fiscalizadora de armamentos.<br \/>\nAs\u00ed lo inform\u00f3 la Comisario (S) de Carabineros, Capit\u00e1n Carolina Fern\u00e1ndez, quien detall\u00f3 que la comisi\u00f3n andina inform\u00f3 los hechos a la Segunda Comisar\u00eda de San Felipe, debiendo concurrir hasta ese domicilio para iniciar las respectivas diligencias a fin de evitar alg\u00fan tipo de detonaci\u00f3n que podr\u00eda resultar peligrosa.<br \/>\n\u201cMientras la autoridad fiscalizadora de armamentos realizaba labores de su especialidad en ese domicilio, el propietario les hizo presente que dentro de un taller de estructuras met\u00e1licas que mantiene en el mismo inmueble, pose\u00eda dos municiones adquiridas por medio de su hermano con una data de 20 a\u00f1os atr\u00e1s\u201d.<br \/>\nLos hechos fueron de conocimiento del Fiscal de turno, quien instruy\u00f3 las pericias al personal del Gope de Carabineros de Valpara\u00edso para la manipulaci\u00f3n e incautaci\u00f3n del armamento de uso b\u00e9lico.<br \/>\n\u201cAl llegar al lugar el Gope observ\u00f3 la vivienda, retirando las municiones para ser periciadas en la ciudad de Valpara\u00edso. Lo que pudieron se\u00f1alar en primera instancia es que se trata de dos cartuchos de munici\u00f3n para uso b\u00e9lico de caracter\u00edsticas a determinar\u201d.<br \/>\nLa oficial sostuvo que hasta el momento se desconoce si los proyectiles manten\u00edan caracter\u00edsticas activas o inactivas y el tipo de calibre, toda vez que el personal especializado del Gope de Carabineros deber\u00e1 emitir un informe de investigaci\u00f3n a la Fiscal\u00eda sobre el hallazgo.<br \/>\nAsimismo la instituci\u00f3n hizo un llamado a la comunidad a informar de inmediato sobre el hallazgo de este tipo de municiones de alta peligrosidad y evitar su manipulaci\u00f3n.<br \/>\n<strong>Pablo Salinas Sald\u00edas<\/strong><\/p>\n","protected":false},"excerpt":{"rendered":"<p>Procedimiento rutinario de autoridad fiscalizadora de armamentos de Carabineros de Los Andes, termin\u00f3 con hallazgo de dos proyectiles de mortero de uso b\u00e9lico en vivienda de un vecino en poblaci\u00f3n Pedro Aguirre&#8230;<\/p>\n","protected":false},"author":482,"featured_media":60052,"comment_status":"open","ping_status":"open","sticky":false,"template":"","format":"standard","meta":{"advanced_seo_description":"","jetpack_seo_html_title":"","jetpack_seo_noindex":false,"_jetpack_memberships_contains_paid_content":false,"footnotes":""},"categories":[21],"tags":[],"class_list":["post-60051","post","type-post","status-publish","format-standard","has-post-thumbnail","hentry","category-policial"],"jetpack_featured_media_url":"https:\/\/i0.wp.com\/eltrabajo.cl\/portal\/wp-content\/uploads\/2015\/07\/MORTEROS-2.jpg?fit=530%2C348&ssl=1","jetpack_sharing_enabled":true,"jetpack_likes_enabled":true,"jetpack-related-posts":[],"_links":{"self":[{"href":"https:\/\/eltrabajo.cl\/portal\/wp-json\/wp\/v2\/posts\/60051","targetHints":{"allow":["GET"]}}],"collection":[{"href":"https:\/\/eltrabajo.cl\/portal\/wp-json\/wp\/v2\/posts"}],"about":[{"href":"https:\/\/eltrabajo.cl\/portal\/wp-json\/wp\/v2\/types\/post"}],"author":[{"embeddable":true,"href":"https:\/\/eltrabajo.cl\/portal\/wp-json\/wp\/v2\/users\/482"}],"replies":[{"embeddable":true,"href":"https:\/\/eltrabajo.cl\/portal\/wp-json\/wp\/v2\/comments?post=60051"}],"version-history":[{"count":0,"href":"https:\/\/eltrabajo.cl\/portal\/wp-json\/wp\/v2\/posts\/60051\/revisions"}],"wp:featuredmedia":[{"embeddable":true,"href":"https:\/\/eltrabajo.cl\/portal\/wp-json\/wp\/v2\/media\/60052"}],"wp:attachment":[{"href":"https:\/\/eltrabajo.cl\/portal\/wp-json\/wp\/v2\/media?parent=60051"}],"wp:term":[{"taxonomy":"category","embeddable":true,"href":"https:\/\/eltrabajo.cl\/portal\/wp-json\/wp\/v2\/categories?post=60051"},{"taxonomy":"post_tag","embeddable":true,"href":"https:\/\/eltrabajo.cl\/portal\/wp-json\/wp\/v2\/tags?post=60051"}],"curies":[{"name":"wp","href":"https:\/\/api.w.org\/{rel}","templated":true}]}}