{"id":60054,"date":"2015-07-15T09:58:25","date_gmt":"2015-07-15T12:58:25","guid":{"rendered":"http:\/\/www.eltrabajo.cl\/portal\/?p=60054"},"modified":"2015-07-15T09:58:25","modified_gmt":"2015-07-15T12:58:25","slug":"ximena-rossat-lo-daria-todo-por-crear-una-clinica-regional-del-dolor","status":"publish","type":"post","link":"https:\/\/eltrabajo.cl\/portal\/ximena-rossat-lo-daria-todo-por-crear-una-clinica-regional-del-dolor\/","title":{"rendered":"Ximena Rossat lo dar\u00eda todo por crear una cl\u00ednica regional del dolor"},"content":{"rendered":"<figure id=\"attachment_60055\" aria-describedby=\"caption-attachment-60055\" style=\"width: 300px\" class=\"wp-caption alignleft\"><a href=\"https:\/\/i0.wp.com\/www.eltrabajo.cl\/portal\/wp-content\/uploads\/2015\/07\/Ximena-Rossat.jpg\"><img data-recalc-dims=\"1\" loading=\"lazy\" decoding=\"async\" class=\"wp-image-60055 size-medium\" src=\"https:\/\/i0.wp.com\/www.eltrabajo.cl\/portal\/wp-content\/uploads\/2015\/07\/Ximena-Rossat-300x198.jpg?resize=300%2C198\" alt=\"Doctora Ximena Rossat, Ciudadana Benem\u00e9rita de nuestra \u2018Tres veces Heroica Ciudad\u2019.\" width=\"300\" height=\"198\" srcset=\"https:\/\/i0.wp.com\/eltrabajo.cl\/portal\/wp-content\/uploads\/2015\/07\/Ximena-Rossat.jpg?resize=300%2C198&amp;ssl=1 300w, https:\/\/i0.wp.com\/eltrabajo.cl\/portal\/wp-content\/uploads\/2015\/07\/Ximena-Rossat.jpg?resize=200%2C132&amp;ssl=1 200w, https:\/\/i0.wp.com\/eltrabajo.cl\/portal\/wp-content\/uploads\/2015\/07\/Ximena-Rossat.jpg?resize=227%2C150&amp;ssl=1 227w, https:\/\/i0.wp.com\/eltrabajo.cl\/portal\/wp-content\/uploads\/2015\/07\/Ximena-Rossat.jpg?resize=400%2C264&amp;ssl=1 400w, https:\/\/i0.wp.com\/eltrabajo.cl\/portal\/wp-content\/uploads\/2015\/07\/Ximena-Rossat.jpg?w=530&amp;ssl=1 530w\" sizes=\"auto, (max-width: 300px) 100vw, 300px\" \/><\/a><figcaption id=\"caption-attachment-60055\" class=\"wp-caption-text\">Doctora Ximena Rossat, Ciudadana Benem\u00e9rita de nuestra \u2018Tres veces Heroica Ciudad\u2019.<\/figcaption><\/figure>\n<ul>\n<li><strong>Ciudadana Benem\u00e9rita 2015 comparte su vida con Diario El Trabajo.<\/strong><\/li>\n<\/ul>\n<p>Es una mujer muy sensible; c\u00e1lida en su trato con los dem\u00e1s y con una capacidad impresionante para \u2018ponerse en los zapatos\u2019 de los pacientes que atiende en sus m\u00faltiples labores como profesional de la Medicina, se llama Ximena Isabel Rossat Arriagada y es la sanfelipe\u00f1a a quien el viernes 31 de julio a las 19:00 horas en el teatro del Liceo Roberto Humeres, las autoridades municipales entregar\u00e1n el reconocimiento de \u2018Ciudadano Benem\u00e9rito\u2019, t\u00edtulo que llevar\u00e1 consigo hasta el d\u00eda que muera.<\/p>\n<p><strong>A SOLAS CON LA DRA. ROSSAT<\/strong><br \/>\nEs por sus cualidades humanistas y gran entrega a sus pacientes, que en Diario El Trabajo hoy publicamos una amplia entrevista sobre su carrera profesional, su familia y sus anhelos personales.<br \/>\n<strong>&#8211; \u00bfC\u00f3mo te describes en 48 palabras?<\/strong><br \/>\n<strong>&#8211;<\/strong> Soy la segunda de cinco hermanos. Curs\u00e9 mi educaci\u00f3n B\u00e1sica y Media en el Colegio Religioso de las Hermanas Carmelitas (actual Colegio Vedruna). Mis estudios en Medicina los realic\u00e9 en la U. de Concepci\u00f3n; soy casada con el m\u00e9dico cirujano Daniel \u00c1lvarez, con quien tengo tres hijos, Carolina, Felipe y Francisco.<br \/>\n<strong>&#8211; \u00bfCu\u00e1l ha sido su recorrido en el campo profesional en Aconcagua?<\/strong><br \/>\n<strong>&#8211;<\/strong> He trabajado en varios centros m\u00e9dicos de Aconcagua. En Putaendo me desempe\u00f1\u00e9 como m\u00e9dico general y directora del consultorio de esa comuna; actualmente mi especialidad es neurolog\u00eda general de adultos; realizo los informes de los ex\u00e1menes de electroencefalogramas y tambi\u00e9n hago electromiograf\u00eda en el Hospital San Camilo.<br \/>\n<strong>&#8211; \u00bfC\u00f3mo te relacionas con el dolor ajeno y qu\u00e9 haces para enfrentarlo?<\/strong><br \/>\n<strong>&#8211;<\/strong> Me intereso por llevar alivio a los seres humanos con quienes trato, por eso me involucr\u00e9 tambi\u00e9n con la creaci\u00f3n del grupo Damas de Lila, que son valientes mujeres que est\u00e1n ah\u00ed, en esos momentos de angustia de los pacientes. Me desempe\u00f1o tambi\u00e9n desde 1996 como jefa del Policl\u00ednico del Dolor y de Cuidados paliativos de pacientes con c\u00e1ncer terminal en el Hospital San Camilo. Soy neur\u00f3loga porque me interesan y me preocupo por las personas.<br \/>\n<strong>&#8211; \u00bfCu\u00e1ndo y d\u00f3nde te casaste?<\/strong><br \/>\n<strong>&#8211;<\/strong> Me cas\u00e9 por el Registro Civil el 9 de enero de 1988, y por La Iglesia el 23 del mismo mes aqu\u00ed la iglesia de El Buen Pastor de San Felipe.<br \/>\n<strong>&#8211; \u00bfC\u00f3mo est\u00e1n y qu\u00e9 hacen sus hijos actualmente?<\/strong><br \/>\n<strong>&#8211;<\/strong> Dos de mis hijos est\u00e1n estudiando. Carolina ya es periodista; Felipe estudia bioqu\u00edmica y Francisco est\u00e1 terminando Ingenier\u00eda Civil, ambos en la U. Chile.<br \/>\n<strong>&#8211; \u00bfTienes alg\u00fan sue\u00f1o que a\u00fan anhele usted cumplir?<\/strong><br \/>\n<strong>&#8211;<\/strong> S\u00ed, claro que tengo sue\u00f1os por cumplir. Sue\u00f1o con poder instaurar una cl\u00ednica o fundaci\u00f3n que d\u00e9 atenciones integrales similares, aquellas que tanto dolor genera a quienes las sufren, y a quienes les rodean. Ser\u00eda yo la mujer m\u00e1s feliz del mundo, si lograra reunir un equipo humano y t\u00e9cnico y que nos encarg\u00e1ramos de un proyecto as\u00ed, a nivel regional o nacional.<br \/>\n<strong>&#8211; \u00bfQu\u00e9 pasatiempos y gustos personales tienes?<\/strong><br \/>\n<strong>&#8211;<\/strong> Mis pasatiempos son viajar en moto con mi esposo. Disfrutar al aire libre de la naturaleza; como de todo; me encanta bailar cueca; la m\u00fasica de Andr\u00e9 Rieu y tengo dos perros, Rex y Zeus.<\/p>\n<p><strong>HIJA DEL VALLE<\/strong><br \/>\nBien sea que sus sue\u00f1os se cumplan o no en el campo de la medicina paliativa, a decir verdad ya muchas de sus metas las ha superado, llenando de orgullo a todos los sanfelipe\u00f1os y por supuesto que a su familia y amistades, es por ello que quienes laboramos en Diario El Trabajo hoy le felicitamos p\u00fablicamente, para agradecerle tambi\u00e9n el haber dedicado su vida a los aconcag\u00fcinos, y tambi\u00e9n por no haber marchado a otros pa\u00edses y olvidarse de la ciudad que le vio nacer y crecer, para convertirse en una Hija de Aconcagua.<br \/>\n<strong>Roberto Gonz\u00e1lez Short<\/strong><br \/>\n<strong>rgonzalez@eltrabajo.cl<\/strong><\/p>\n<div class=\"tiled-gallery type-rectangular tiled-gallery-unresized\" data-original-width=\"640\" data-carousel-extra='null' itemscope itemtype=\"http:\/\/schema.org\/ImageGallery\" > <div class=\"gallery-row\" style=\"width: 640px; height: 284px;\" data-original-width=\"640\" data-original-height=\"284\" > <div class=\"gallery-group images-1\" style=\"width: 426px; height: 284px;\" data-original-width=\"426\" data-original-height=\"284\" > <div class=\"tiled-gallery-item tiled-gallery-item-large\" itemprop=\"associatedMedia\" itemscope itemtype=\"http:\/\/schema.org\/ImageObject\"> <a href=\"https:\/\/eltrabajo.cl\/portal\/ximena-rossat-lo-daria-todo-por-crear-una-clinica-regional-del-dolor\/pareja1-5\/\" border=\"0\" itemprop=\"url\"> <meta itemprop=\"width\" content=\"422\"> <meta itemprop=\"height\" content=\"280\"> <img decoding=\"async\" class=\"\" data-attachment-id=\"60059\" data-orig-file=\"https:\/\/eltrabajo.cl\/portal\/wp-content\/uploads\/2015\/07\/Pareja1.jpg\" data-orig-size=\"528,350\" data-comments-opened=\"1\" data-image-meta=\"{&quot;aperture&quot;:&quot;0&quot;,&quot;credit&quot;:&quot;&quot;,&quot;camera&quot;:&quot;&quot;,&quot;caption&quot;:&quot;&quot;,&quot;created_timestamp&quot;:&quot;0&quot;,&quot;copyright&quot;:&quot;&quot;,&quot;focal_length&quot;:&quot;0&quot;,&quot;iso&quot;:&quot;0&quot;,&quot;shutter_speed&quot;:&quot;0&quot;,&quot;title&quot;:&quot;&quot;,&quot;orientation&quot;:&quot;0&quot;}\" data-image-title=\"Pareja1\" data-image-description=\"&lt;p&gt;PAREJA DE BLANCO.- As\u00ed lucen actualmente este par de galenos, el m\u00e9dico cirujano Daniel \u00c1lvarez, y su esposa Ximena Rossat.&lt;\/p&gt; \" data-medium-file=\"https:\/\/i0.wp.com\/eltrabajo.cl\/portal\/wp-content\/uploads\/2015\/07\/Pareja1.jpg?fit=300%2C199&#038;ssl=1\" data-large-file=\"https:\/\/i0.wp.com\/eltrabajo.cl\/portal\/wp-content\/uploads\/2015\/07\/Pareja1.jpg?fit=528%2C350&#038;ssl=1\" src=\"https:\/\/i0.wp.com\/eltrabajo.cl\/portal\/wp-content\/uploads\/2015\/07\/Pareja1.jpg?w=422&#038;h=280&#038;ssl=1\" srcset=\"https:\/\/i0.wp.com\/eltrabajo.cl\/portal\/wp-content\/uploads\/2015\/07\/Pareja1.jpg?w=528&amp;ssl=1 528w, https:\/\/i0.wp.com\/eltrabajo.cl\/portal\/wp-content\/uploads\/2015\/07\/Pareja1.jpg?resize=200%2C133&amp;ssl=1 200w, https:\/\/i0.wp.com\/eltrabajo.cl\/portal\/wp-content\/uploads\/2015\/07\/Pareja1.jpg?resize=300%2C199&amp;ssl=1 300w, https:\/\/i0.wp.com\/eltrabajo.cl\/portal\/wp-content\/uploads\/2015\/07\/Pareja1.jpg?resize=226%2C150&amp;ssl=1 226w, https:\/\/i0.wp.com\/eltrabajo.cl\/portal\/wp-content\/uploads\/2015\/07\/Pareja1.jpg?resize=400%2C265&amp;ssl=1 400w\" width=\"422\" height=\"280\" loading=\"lazy\" data-original-width=\"422\" data-original-height=\"280\" itemprop=\"http:\/\/schema.org\/image\" title=\"Pareja1\" alt=\"PAREJA DE BLANCO.- As\u00ed lucen actualmente este par de galenos, el m\u00e9dico cirujano Daniel \u00c1lvarez, y su esposa Ximena Rossat.\" style=\"width: 422px; height: 280px;\" \/> <\/a> <div class=\"tiled-gallery-caption\" itemprop=\"caption description\"> PAREJA DE BLANCO.- As\u00ed lucen actualmente este par de galenos, el m\u00e9dico cirujano Daniel \u00c1lvarez, y su esposa Ximena Rossat. <\/div> <\/div> <\/div> <!-- close group --> <div class=\"gallery-group images-2\" style=\"width: 214px; height: 284px;\" data-original-width=\"214\" data-original-height=\"284\" > <div class=\"tiled-gallery-item tiled-gallery-item-small\" itemprop=\"associatedMedia\" itemscope itemtype=\"http:\/\/schema.org\/ImageObject\"> <a href=\"https:\/\/eltrabajo.cl\/portal\/ximena-rossat-lo-daria-todo-por-crear-una-clinica-regional-del-dolor\/familiar1-9\/\" border=\"0\" itemprop=\"url\"> <meta itemprop=\"width\" content=\"210\"> <meta itemprop=\"height\" content=\"138\"> <img decoding=\"async\" class=\"\" data-attachment-id=\"60057\" data-orig-file=\"https:\/\/eltrabajo.cl\/portal\/wp-content\/uploads\/2015\/07\/Familiar11.jpg\" data-orig-size=\"530,349\" data-comments-opened=\"1\" data-image-meta=\"{&quot;aperture&quot;:&quot;0&quot;,&quot;credit&quot;:&quot;&quot;,&quot;camera&quot;:&quot;&quot;,&quot;caption&quot;:&quot;&quot;,&quot;created_timestamp&quot;:&quot;0&quot;,&quot;copyright&quot;:&quot;&quot;,&quot;focal_length&quot;:&quot;0&quot;,&quot;iso&quot;:&quot;0&quot;,&quot;shutter_speed&quot;:&quot;0&quot;,&quot;title&quot;:&quot;&quot;,&quot;orientation&quot;:&quot;0&quot;}\" data-image-title=\"Familiar1\" data-image-description=\"&lt;p&gt;CON SUS HIJOS.- Ellos son Carolina, la Dra. Ximena Rossat, Felipe y Francisco. Una ejemplar familia sanfelipe\u00f1a.&lt;\/p&gt; \" data-medium-file=\"https:\/\/i0.wp.com\/eltrabajo.cl\/portal\/wp-content\/uploads\/2015\/07\/Familiar11.jpg?fit=300%2C198&#038;ssl=1\" data-large-file=\"https:\/\/i0.wp.com\/eltrabajo.cl\/portal\/wp-content\/uploads\/2015\/07\/Familiar11.jpg?fit=530%2C349&#038;ssl=1\" src=\"https:\/\/i0.wp.com\/eltrabajo.cl\/portal\/wp-content\/uploads\/2015\/07\/Familiar11.jpg?w=210&#038;h=138&#038;ssl=1\" srcset=\"https:\/\/i0.wp.com\/eltrabajo.cl\/portal\/wp-content\/uploads\/2015\/07\/Familiar11.jpg?w=530&amp;ssl=1 530w, https:\/\/i0.wp.com\/eltrabajo.cl\/portal\/wp-content\/uploads\/2015\/07\/Familiar11.jpg?resize=200%2C132&amp;ssl=1 200w, https:\/\/i0.wp.com\/eltrabajo.cl\/portal\/wp-content\/uploads\/2015\/07\/Familiar11.jpg?resize=300%2C198&amp;ssl=1 300w, https:\/\/i0.wp.com\/eltrabajo.cl\/portal\/wp-content\/uploads\/2015\/07\/Familiar11.jpg?resize=228%2C150&amp;ssl=1 228w, https:\/\/i0.wp.com\/eltrabajo.cl\/portal\/wp-content\/uploads\/2015\/07\/Familiar11.jpg?resize=400%2C263&amp;ssl=1 400w\" width=\"210\" height=\"138\" loading=\"lazy\" data-original-width=\"210\" data-original-height=\"138\" itemprop=\"http:\/\/schema.org\/image\" title=\"Familiar1\" alt=\"CON SUS HIJOS.- Ellos son Carolina, la Dra. Ximena Rossat, Felipe y Francisco. Una ejemplar familia sanfelipe\u00f1a.\" style=\"width: 210px; height: 138px;\" \/> <\/a> <div class=\"tiled-gallery-caption\" itemprop=\"caption description\"> CON SUS HIJOS.- Ellos son Carolina, la Dra. Ximena Rossat, Felipe y Francisco. Una ejemplar familia sanfelipe\u00f1a. <\/div> <\/div> <div class=\"tiled-gallery-item tiled-gallery-item-small\" itemprop=\"associatedMedia\" itemscope itemtype=\"http:\/\/schema.org\/ImageObject\"> <a href=\"https:\/\/eltrabajo.cl\/portal\/ximena-rossat-lo-daria-todo-por-crear-una-clinica-regional-del-dolor\/motoquera1-2\/\" border=\"0\" itemprop=\"url\"> <meta itemprop=\"width\" content=\"210\"> <meta itemprop=\"height\" content=\"138\"> <img decoding=\"async\" class=\"\" data-attachment-id=\"60058\" data-orig-file=\"https:\/\/eltrabajo.cl\/portal\/wp-content\/uploads\/2015\/07\/Motoquera1.jpg\" data-orig-size=\"530,348\" data-comments-opened=\"1\" data-image-meta=\"{&quot;aperture&quot;:&quot;0&quot;,&quot;credit&quot;:&quot;&quot;,&quot;camera&quot;:&quot;&quot;,&quot;caption&quot;:&quot;&quot;,&quot;created_timestamp&quot;:&quot;0&quot;,&quot;copyright&quot;:&quot;&quot;,&quot;focal_length&quot;:&quot;0&quot;,&quot;iso&quot;:&quot;0&quot;,&quot;shutter_speed&quot;:&quot;0&quot;,&quot;title&quot;:&quot;&quot;,&quot;orientation&quot;:&quot;0&quot;}\" data-image-title=\"Motoquera1\" data-image-description=\"&lt;p&gt;DOCTORA MOTOQUERA.- As\u00ed luce esta bella doctora cuando no est\u00e1 atendiendo a sus pacientes, locura sobre ruedas y aventura pura en esta motocicleta.&lt;\/p&gt; \" data-medium-file=\"https:\/\/i0.wp.com\/eltrabajo.cl\/portal\/wp-content\/uploads\/2015\/07\/Motoquera1.jpg?fit=300%2C197&#038;ssl=1\" data-large-file=\"https:\/\/i0.wp.com\/eltrabajo.cl\/portal\/wp-content\/uploads\/2015\/07\/Motoquera1.jpg?fit=530%2C348&#038;ssl=1\" src=\"https:\/\/i0.wp.com\/eltrabajo.cl\/portal\/wp-content\/uploads\/2015\/07\/Motoquera1.jpg?w=210&#038;h=138&#038;ssl=1\" srcset=\"https:\/\/i0.wp.com\/eltrabajo.cl\/portal\/wp-content\/uploads\/2015\/07\/Motoquera1.jpg?w=530&amp;ssl=1 530w, https:\/\/i0.wp.com\/eltrabajo.cl\/portal\/wp-content\/uploads\/2015\/07\/Motoquera1.jpg?resize=200%2C131&amp;ssl=1 200w, https:\/\/i0.wp.com\/eltrabajo.cl\/portal\/wp-content\/uploads\/2015\/07\/Motoquera1.jpg?resize=300%2C197&amp;ssl=1 300w, https:\/\/i0.wp.com\/eltrabajo.cl\/portal\/wp-content\/uploads\/2015\/07\/Motoquera1.jpg?resize=228%2C150&amp;ssl=1 228w, https:\/\/i0.wp.com\/eltrabajo.cl\/portal\/wp-content\/uploads\/2015\/07\/Motoquera1.jpg?resize=400%2C263&amp;ssl=1 400w\" width=\"210\" height=\"138\" loading=\"lazy\" data-original-width=\"210\" data-original-height=\"138\" itemprop=\"http:\/\/schema.org\/image\" title=\"Motoquera1\" alt=\"DOCTORA MOTOQUERA.- As\u00ed luce esta bella doctora cuando no est\u00e1 atendiendo a sus pacientes, locura sobre ruedas y aventura pura en esta motocicleta.\" style=\"width: 210px; height: 138px;\" \/> <\/a> <div class=\"tiled-gallery-caption\" itemprop=\"caption description\"> DOCTORA MOTOQUERA.- As\u00ed luce esta bella doctora cuando no est\u00e1 atendiendo a sus pacientes, locura sobre ruedas y aventura pura en esta motocicleta. <\/div> <\/div> <\/div> <!-- close group --> <\/div> <!-- close row --> <div class=\"gallery-row\" style=\"width: 640px; height: 422px;\" data-original-width=\"640\" data-original-height=\"422\" > <div class=\"gallery-group images-1\" style=\"width: 640px; height: 422px;\" data-original-width=\"640\" data-original-height=\"422\" > <div class=\"tiled-gallery-item tiled-gallery-item-large\" itemprop=\"associatedMedia\" itemscope itemtype=\"http:\/\/schema.org\/ImageObject\"> <a href=\"https:\/\/eltrabajo.cl\/portal\/ximena-rossat-lo-daria-todo-por-crear-una-clinica-regional-del-dolor\/boda1-4\/\" border=\"0\" itemprop=\"url\"> <meta itemprop=\"width\" content=\"636\"> <meta itemprop=\"height\" content=\"418\"> <img decoding=\"async\" class=\"\" data-attachment-id=\"60056\" data-orig-file=\"https:\/\/eltrabajo.cl\/portal\/wp-content\/uploads\/2015\/07\/Boda1.jpg\" data-orig-size=\"530,348\" data-comments-opened=\"1\" data-image-meta=\"{&quot;aperture&quot;:&quot;0&quot;,&quot;credit&quot;:&quot;&quot;,&quot;camera&quot;:&quot;&quot;,&quot;caption&quot;:&quot;&quot;,&quot;created_timestamp&quot;:&quot;0&quot;,&quot;copyright&quot;:&quot;&quot;,&quot;focal_length&quot;:&quot;0&quot;,&quot;iso&quot;:&quot;0&quot;,&quot;shutter_speed&quot;:&quot;0&quot;,&quot;title&quot;:&quot;&quot;,&quot;orientation&quot;:&quot;0&quot;}\" data-image-title=\"Boda1\" data-image-description=\"&lt;p&gt;AQUELLA BODA.- As\u00ed luc\u00eda con sus padres Carlos Rossat y Laura Arriagada la doctora, le acompa\u00f1a su esposo Daniel \u00c1lvarez y otros familiares cercanos.&lt;\/p&gt; \" data-medium-file=\"https:\/\/i0.wp.com\/eltrabajo.cl\/portal\/wp-content\/uploads\/2015\/07\/Boda1.jpg?fit=300%2C197&#038;ssl=1\" data-large-file=\"https:\/\/i0.wp.com\/eltrabajo.cl\/portal\/wp-content\/uploads\/2015\/07\/Boda1.jpg?fit=530%2C348&#038;ssl=1\" src=\"https:\/\/i0.wp.com\/eltrabajo.cl\/portal\/wp-content\/uploads\/2015\/07\/Boda1.jpg?w=636&#038;h=418&#038;ssl=1\" srcset=\"https:\/\/i0.wp.com\/eltrabajo.cl\/portal\/wp-content\/uploads\/2015\/07\/Boda1.jpg?w=530&amp;ssl=1 530w, https:\/\/i0.wp.com\/eltrabajo.cl\/portal\/wp-content\/uploads\/2015\/07\/Boda1.jpg?resize=200%2C131&amp;ssl=1 200w, https:\/\/i0.wp.com\/eltrabajo.cl\/portal\/wp-content\/uploads\/2015\/07\/Boda1.jpg?resize=300%2C197&amp;ssl=1 300w, https:\/\/i0.wp.com\/eltrabajo.cl\/portal\/wp-content\/uploads\/2015\/07\/Boda1.jpg?resize=228%2C150&amp;ssl=1 228w, https:\/\/i0.wp.com\/eltrabajo.cl\/portal\/wp-content\/uploads\/2015\/07\/Boda1.jpg?resize=400%2C263&amp;ssl=1 400w\" width=\"636\" height=\"418\" loading=\"lazy\" data-original-width=\"636\" data-original-height=\"418\" itemprop=\"http:\/\/schema.org\/image\" title=\"Boda1\" alt=\"AQUELLA BODA.- As\u00ed luc\u00eda con sus padres Carlos Rossat y Laura Arriagada la doctora, le acompa\u00f1a su esposo Daniel \u00c1lvarez y otros familiares cercanos.\" style=\"width: 636px; height: 418px;\" \/> <\/a> <div class=\"tiled-gallery-caption\" itemprop=\"caption description\"> AQUELLA BODA.- As\u00ed luc\u00eda con sus padres Carlos Rossat y Laura Arriagada la doctora, le acompa\u00f1a su esposo Daniel \u00c1lvarez y otros familiares cercanos. <\/div> <\/div> <\/div> <!-- close group --> <\/div> <!-- close row --> <\/div>\n","protected":false},"excerpt":{"rendered":"<p>Ciudadana Benem\u00e9rita 2015 comparte su vida con Diario El Trabajo. Es una mujer muy sensible; c\u00e1lida en su trato con los dem\u00e1s y con una capacidad impresionante para \u2018ponerse en los zapatos\u2019&#8230;<\/p>\n","protected":false},"author":482,"featured_media":60055,"comment_status":"open","ping_status":"open","sticky":false,"template":"","format":"standard","meta":{"advanced_seo_description":"","jetpack_seo_html_title":"","jetpack_seo_noindex":false,"_jetpack_memberships_contains_paid_content":false,"footnotes":""},"categories":[15],"tags":[],"class_list":["post-60054","post","type-post","status-publish","format-standard","has-post-thumbnail","hentry","category-comunidad"],"jetpack_featured_media_url":"https:\/\/i0.wp.com\/eltrabajo.cl\/portal\/wp-content\/uploads\/2015\/07\/Ximena-Rossat.jpg?fit=530%2C350&ssl=1","jetpack_sharing_enabled":true,"jetpack_likes_enabled":true,"jetpack-related-posts":[],"_links":{"self":[{"href":"https:\/\/eltrabajo.cl\/portal\/wp-json\/wp\/v2\/posts\/60054","targetHints":{"allow":["GET"]}}],"collection":[{"href":"https:\/\/eltrabajo.cl\/portal\/wp-json\/wp\/v2\/posts"}],"about":[{"href":"https:\/\/eltrabajo.cl\/portal\/wp-json\/wp\/v2\/types\/post"}],"author":[{"embeddable":true,"href":"https:\/\/eltrabajo.cl\/portal\/wp-json\/wp\/v2\/users\/482"}],"replies":[{"embeddable":true,"href":"https:\/\/eltrabajo.cl\/portal\/wp-json\/wp\/v2\/comments?post=60054"}],"version-history":[{"count":0,"href":"https:\/\/eltrabajo.cl\/portal\/wp-json\/wp\/v2\/posts\/60054\/revisions"}],"wp:featuredmedia":[{"embeddable":true,"href":"https:\/\/eltrabajo.cl\/portal\/wp-json\/wp\/v2\/media\/60055"}],"wp:attachment":[{"href":"https:\/\/eltrabajo.cl\/portal\/wp-json\/wp\/v2\/media?parent=60054"}],"wp:term":[{"taxonomy":"category","embeddable":true,"href":"https:\/\/eltrabajo.cl\/portal\/wp-json\/wp\/v2\/categories?post=60054"},{"taxonomy":"post_tag","embeddable":true,"href":"https:\/\/eltrabajo.cl\/portal\/wp-json\/wp\/v2\/tags?post=60054"}],"curies":[{"name":"wp","href":"https:\/\/api.w.org\/{rel}","templated":true}]}}