{"id":60068,"date":"2015-07-17T09:32:02","date_gmt":"2015-07-17T12:32:02","guid":{"rendered":"http:\/\/www.eltrabajo.cl\/portal\/?p=60068"},"modified":"2015-07-17T09:32:02","modified_gmt":"2015-07-17T12:32:02","slug":"entregan-catre-clinico-a-mujer-paraplejica-de-llay-llay","status":"publish","type":"post","link":"https:\/\/eltrabajo.cl\/portal\/entregan-catre-clinico-a-mujer-paraplejica-de-llay-llay\/","title":{"rendered":"Entregan catre cl\u00ednico a mujer parapl\u00e9jica de Llay Llay"},"content":{"rendered":"<figure id=\"attachment_60069\" aria-describedby=\"caption-attachment-60069\" style=\"width: 300px\" class=\"wp-caption alignleft\"><a href=\"https:\/\/i0.wp.com\/www.eltrabajo.cl\/portal\/wp-content\/uploads\/2015\/07\/Entrega-catre.jpg\"><img data-recalc-dims=\"1\" loading=\"lazy\" decoding=\"async\" class=\"wp-image-60069 size-medium\" src=\"https:\/\/i0.wp.com\/www.eltrabajo.cl\/portal\/wp-content\/uploads\/2015\/07\/Entrega-catre-300x198.jpg?resize=300%2C198\" alt=\"El gobernador Eduardo Le\u00f3n visit\u00f3 a Roxana Nu\u00f1ez, quien padece paraplejia producto un accidente, para hacer entrega de su nuevo catre cl\u00ednico.\" width=\"300\" height=\"198\" srcset=\"https:\/\/i0.wp.com\/eltrabajo.cl\/portal\/wp-content\/uploads\/2015\/07\/Entrega-catre.jpg?resize=300%2C198&amp;ssl=1 300w, https:\/\/i0.wp.com\/eltrabajo.cl\/portal\/wp-content\/uploads\/2015\/07\/Entrega-catre.jpg?resize=200%2C132&amp;ssl=1 200w, https:\/\/i0.wp.com\/eltrabajo.cl\/portal\/wp-content\/uploads\/2015\/07\/Entrega-catre.jpg?resize=228%2C150&amp;ssl=1 228w, https:\/\/i0.wp.com\/eltrabajo.cl\/portal\/wp-content\/uploads\/2015\/07\/Entrega-catre.jpg?resize=400%2C263&amp;ssl=1 400w, https:\/\/i0.wp.com\/eltrabajo.cl\/portal\/wp-content\/uploads\/2015\/07\/Entrega-catre.jpg?w=530&amp;ssl=1 530w\" sizes=\"auto, (max-width: 300px) 100vw, 300px\" \/><\/a><figcaption id=\"caption-attachment-60069\" class=\"wp-caption-text\">El gobernador Eduardo Le\u00f3n visit\u00f3 a Roxana Nu\u00f1ez, quien padece paraplejia producto un accidente, para hacer entrega de su nuevo catre cl\u00ednico.<\/figcaption><\/figure>\n<ul>\n<li><strong>Gobernador Eduardo Le\u00f3n visit\u00f3 a la mujer, quien sufri\u00f3 un lamentable accidente durante el a\u00f1o pasado y que gracias a este aporte de la Gobernaci\u00f3n y el Depto. Social del Ministerio del Interior, podr\u00e1 mejorar su calidad de vida.<\/strong><\/li>\n<\/ul>\n<p><strong>LLAY LLAY<\/strong>.- Un importante beneficio obtuvo Roxana N\u00fa\u00f1ez, mujer que padece paraplejia, debido a sufrir un lamentable accidente durante el a\u00f1o pasado tras volcar el microb\u00fas en el que se desplazaba por la ruta 60 CH se volcara.<br \/>\nSe trata de un catre cl\u00ednico otorgado por el Gobernador Eduardo Le\u00f3n, quien durante el pasado martes arrib\u00f3 hasta las viviendas de la beneficiada, en Llay Llay, para hacerle entrega de esta importante ayuda, que tuvo un costo de $790.410 y que fue cofinanciado entre el departamento Social del Ministerio del Interior y la Gobernaci\u00f3n de San Felipe.<br \/>\nEn la ocasi\u00f3n, Roxana se mostr\u00f3 muy agradecida, ya que no contaba con los recursos para poder adquirir un catre de estas condiciones, que mejorar\u00e1n significativamente su calidad de vida. \u201cEste es un regalado so\u00f1ado. No ten\u00eda c\u00f3mo adquirirlo. Estoy muy feliz, muy contenta. Yo no me pod\u00eda bajar y en casa s\u00f3lo vivo con una adulto mayor, as\u00ed que esto es lo mejor que he recibido\u201d.<br \/>\nPor su parte, el Gobernador Eduardo Le\u00f3n, manifest\u00f3 que este beneficio Orasmi permite ayudar a las personas, \u201cestamos contentos con la respuesta que se le dio a la se\u00f1ora Roxana. Ha habido una buena coordinaci\u00f3n entre los distintos estamentos, el departamento social del municipio de Catemu, del Hospital y la Gobernaci\u00f3n y estamos abiertos a seguir apoy\u00e1ndola\u201d, se\u00f1al\u00f3 la autoridad.<\/p>\n","protected":false},"excerpt":{"rendered":"<p>Gobernador Eduardo Le\u00f3n visit\u00f3 a la mujer, quien sufri\u00f3 un lamentable accidente durante el a\u00f1o pasado y que gracias a este aporte de la Gobernaci\u00f3n y el Depto. Social del Ministerio del&#8230;<\/p>\n","protected":false},"author":482,"featured_media":60069,"comment_status":"open","ping_status":"open","sticky":false,"template":"","format":"standard","meta":{"advanced_seo_description":"","jetpack_seo_html_title":"","jetpack_seo_noindex":false,"_jetpack_memberships_contains_paid_content":false,"footnotes":""},"categories":[15],"tags":[],"class_list":["post-60068","post","type-post","status-publish","format-standard","has-post-thumbnail","hentry","category-comunidad"],"jetpack_featured_media_url":"https:\/\/i0.wp.com\/eltrabajo.cl\/portal\/wp-content\/uploads\/2015\/07\/Entrega-catre.jpg?fit=530%2C349&ssl=1","jetpack_sharing_enabled":true,"jetpack_likes_enabled":true,"jetpack-related-posts":[],"_links":{"self":[{"href":"https:\/\/eltrabajo.cl\/portal\/wp-json\/wp\/v2\/posts\/60068","targetHints":{"allow":["GET"]}}],"collection":[{"href":"https:\/\/eltrabajo.cl\/portal\/wp-json\/wp\/v2\/posts"}],"about":[{"href":"https:\/\/eltrabajo.cl\/portal\/wp-json\/wp\/v2\/types\/post"}],"author":[{"embeddable":true,"href":"https:\/\/eltrabajo.cl\/portal\/wp-json\/wp\/v2\/users\/482"}],"replies":[{"embeddable":true,"href":"https:\/\/eltrabajo.cl\/portal\/wp-json\/wp\/v2\/comments?post=60068"}],"version-history":[{"count":0,"href":"https:\/\/eltrabajo.cl\/portal\/wp-json\/wp\/v2\/posts\/60068\/revisions"}],"wp:featuredmedia":[{"embeddable":true,"href":"https:\/\/eltrabajo.cl\/portal\/wp-json\/wp\/v2\/media\/60069"}],"wp:attachment":[{"href":"https:\/\/eltrabajo.cl\/portal\/wp-json\/wp\/v2\/media?parent=60068"}],"wp:term":[{"taxonomy":"category","embeddable":true,"href":"https:\/\/eltrabajo.cl\/portal\/wp-json\/wp\/v2\/categories?post=60068"},{"taxonomy":"post_tag","embeddable":true,"href":"https:\/\/eltrabajo.cl\/portal\/wp-json\/wp\/v2\/tags?post=60068"}],"curies":[{"name":"wp","href":"https:\/\/api.w.org\/{rel}","templated":true}]}}