{"id":60079,"date":"2015-07-17T09:50:25","date_gmt":"2015-07-17T12:50:25","guid":{"rendered":"http:\/\/www.eltrabajo.cl\/portal\/?p=60079"},"modified":"2015-07-17T09:50:25","modified_gmt":"2015-07-17T12:50:25","slug":"invierten-mas-de-2-000-millones-para-red-de-alcantarillado-en-sector-rural","status":"publish","type":"post","link":"https:\/\/eltrabajo.cl\/portal\/invierten-mas-de-2-000-millones-para-red-de-alcantarillado-en-sector-rural\/","title":{"rendered":"Invierten m\u00e1s de $2.000 millones para Red de Alcantarillado en sector rural"},"content":{"rendered":"<figure id=\"attachment_60080\" aria-describedby=\"caption-attachment-60080\" style=\"width: 300px\" class=\"wp-caption alignleft\"><a href=\"https:\/\/i0.wp.com\/www.eltrabajo.cl\/portal\/wp-content\/uploads\/2015\/07\/alcalde-mario-marillanca.jpg\"><img data-recalc-dims=\"1\" loading=\"lazy\" decoding=\"async\" class=\"wp-image-60080 size-medium\" src=\"https:\/\/i0.wp.com\/www.eltrabajo.cl\/portal\/wp-content\/uploads\/2015\/07\/alcalde-mario-marillanca-300x198.jpg?resize=300%2C198\" alt=\"El Alcalde Mario Marillanca agradeci\u00f3 a todos quienes tuvieron alguna participaci\u00f3n, tanto en la elaboraci\u00f3n como en la adjudicaci\u00f3n del proyecto. (Archivo).\" width=\"300\" height=\"198\" srcset=\"https:\/\/i0.wp.com\/eltrabajo.cl\/portal\/wp-content\/uploads\/2015\/07\/alcalde-mario-marillanca.jpg?resize=300%2C198&amp;ssl=1 300w, https:\/\/i0.wp.com\/eltrabajo.cl\/portal\/wp-content\/uploads\/2015\/07\/alcalde-mario-marillanca.jpg?resize=200%2C132&amp;ssl=1 200w, https:\/\/i0.wp.com\/eltrabajo.cl\/portal\/wp-content\/uploads\/2015\/07\/alcalde-mario-marillanca.jpg?resize=228%2C150&amp;ssl=1 228w, https:\/\/i0.wp.com\/eltrabajo.cl\/portal\/wp-content\/uploads\/2015\/07\/alcalde-mario-marillanca.jpg?resize=400%2C263&amp;ssl=1 400w, https:\/\/i0.wp.com\/eltrabajo.cl\/portal\/wp-content\/uploads\/2015\/07\/alcalde-mario-marillanca.jpg?w=530&amp;ssl=1 530w\" sizes=\"auto, (max-width: 300px) 100vw, 300px\" \/><\/a><figcaption id=\"caption-attachment-60080\" class=\"wp-caption-text\">El Alcalde Mario Marillanca agradeci\u00f3 a todos quienes tuvieron alguna participaci\u00f3n, tanto en la elaboraci\u00f3n como en la adjudicaci\u00f3n del proyecto. (Archivo).<\/figcaption><\/figure>\n<p><strong>LLAY LLAY<\/strong>.- El alcalde Mario Marillanca socializ\u00f3 una importante noticia con la comunidad: la aprobaci\u00f3n por parte del Consejo Regional, del proyecto de construcci\u00f3n de una Red de Alcantarillado para el sector rural. Obra que beneficiar\u00e1 a los vecinos y vecinas del sector Los Loros-Mina El Sauce-Santa Teresa.<br \/>\nEl monto de inversi\u00f3n asciende a $ 2.073.167.000.<br \/>\n\u201cQuiero agradecer al Intendente de Valpara\u00edso, a los Consejeros Regionales, a la Directora de la Secplac y su equipo; por haber logrado este importante proyecto para un sector muy amplio de la ciudad\u201d, manifest\u00f3 el alcalde, Mario Marillanca.<br \/>\nLa Ficha IDI (Iniciativas de Inversi\u00f3n), detalla en su ITEM destinado al desarrollo de las actividades que \u201cel proyecto consiste en extender las redes recolectoras en m\u00e1s de 12 mil metros cuadrados. Implementaci\u00f3n de un sistema de tratamiento de aguas servidas, para la depuraci\u00f3n mediante un tratamiento biol\u00f3gico\u201d.<br \/>\nAdem\u00e1s este proyecto, explic\u00f3 el alcalde Mario Marillanca, va seguido de una gran oportunidad: \u201csignificar\u00eda que el sectorialista, Leonel Torres, nos apruebe el dise\u00f1o de pavimentaci\u00f3n de las calles El Salitre y El Porvenir. Con una inversi\u00f3n total que superar\u00eda los 360 millones de pesos\u201d.<br \/>\nEste proyecto, asimismo, va a gatillar la ampliaci\u00f3n del APR (Agua Potable Rural) \u201cpara 100 familias de este sector\u201d, a\u00f1adi\u00f3 el Alcalde<br \/>\nLos recursos fueron adjudicados al Gobierno Regional en modalidad Fondo Nacional de Desarrollo Regional (FNDR). El proyecto figura en portal www.gorevalparaiso.cl, con el c\u00f3digo BIP 30103829-0.<\/p>\n","protected":false},"excerpt":{"rendered":"<p>LLAY LLAY.- El alcalde Mario Marillanca socializ\u00f3 una importante noticia con la comunidad: la aprobaci\u00f3n por parte del Consejo Regional, del proyecto de construcci\u00f3n de una Red de Alcantarillado para el sector&#8230;<\/p>\n","protected":false},"author":482,"featured_media":60080,"comment_status":"open","ping_status":"open","sticky":false,"template":"","format":"standard","meta":{"advanced_seo_description":"","jetpack_seo_html_title":"","jetpack_seo_noindex":false,"_jetpack_memberships_contains_paid_content":false,"footnotes":""},"categories":[15],"tags":[],"class_list":["post-60079","post","type-post","status-publish","format-standard","has-post-thumbnail","hentry","category-comunidad"],"jetpack_featured_media_url":"https:\/\/i0.wp.com\/eltrabajo.cl\/portal\/wp-content\/uploads\/2015\/07\/alcalde-mario-marillanca.jpg?fit=530%2C349&ssl=1","jetpack_sharing_enabled":true,"jetpack_likes_enabled":true,"jetpack-related-posts":[],"_links":{"self":[{"href":"https:\/\/eltrabajo.cl\/portal\/wp-json\/wp\/v2\/posts\/60079","targetHints":{"allow":["GET"]}}],"collection":[{"href":"https:\/\/eltrabajo.cl\/portal\/wp-json\/wp\/v2\/posts"}],"about":[{"href":"https:\/\/eltrabajo.cl\/portal\/wp-json\/wp\/v2\/types\/post"}],"author":[{"embeddable":true,"href":"https:\/\/eltrabajo.cl\/portal\/wp-json\/wp\/v2\/users\/482"}],"replies":[{"embeddable":true,"href":"https:\/\/eltrabajo.cl\/portal\/wp-json\/wp\/v2\/comments?post=60079"}],"version-history":[{"count":0,"href":"https:\/\/eltrabajo.cl\/portal\/wp-json\/wp\/v2\/posts\/60079\/revisions"}],"wp:featuredmedia":[{"embeddable":true,"href":"https:\/\/eltrabajo.cl\/portal\/wp-json\/wp\/v2\/media\/60080"}],"wp:attachment":[{"href":"https:\/\/eltrabajo.cl\/portal\/wp-json\/wp\/v2\/media?parent=60079"}],"wp:term":[{"taxonomy":"category","embeddable":true,"href":"https:\/\/eltrabajo.cl\/portal\/wp-json\/wp\/v2\/categories?post=60079"},{"taxonomy":"post_tag","embeddable":true,"href":"https:\/\/eltrabajo.cl\/portal\/wp-json\/wp\/v2\/tags?post=60079"}],"curies":[{"name":"wp","href":"https:\/\/api.w.org\/{rel}","templated":true}]}}