{"id":60093,"date":"2015-07-17T10:02:51","date_gmt":"2015-07-17T13:02:51","guid":{"rendered":"http:\/\/www.eltrabajo.cl\/portal\/?p=60093"},"modified":"2015-07-17T10:02:51","modified_gmt":"2015-07-17T13:02:51","slug":"caen-autores-de-brutal-y-despiadado-asalto-a-anciano-de-72-anos","status":"publish","type":"post","link":"https:\/\/eltrabajo.cl\/portal\/caen-autores-de-brutal-y-despiadado-asalto-a-anciano-de-72-anos\/","title":{"rendered":"Caen autores de brutal y despiadado asalto a anciano de 72 a\u00f1os"},"content":{"rendered":"<figure id=\"attachment_60094\" aria-describedby=\"caption-attachment-60094\" style=\"width: 300px\" class=\"wp-caption alignleft\"><a href=\"https:\/\/i0.wp.com\/www.eltrabajo.cl\/portal\/wp-content\/uploads\/2015\/07\/escopeta_asaltante3.jpg\"><img data-recalc-dims=\"1\" loading=\"lazy\" decoding=\"async\" class=\"wp-image-60094 size-medium\" src=\"https:\/\/i0.wp.com\/www.eltrabajo.cl\/portal\/wp-content\/uploads\/2015\/07\/escopeta_asaltante3-300x198.jpg?resize=300%2C198\" alt=\"Dos de los antisociales fueron detenidos por la PDI, siendo formalizados por robo con violencia, quedando en prisi\u00f3n preventiva.\" width=\"300\" height=\"198\" srcset=\"https:\/\/i0.wp.com\/eltrabajo.cl\/portal\/wp-content\/uploads\/2015\/07\/escopeta_asaltante3.jpg?resize=300%2C198&amp;ssl=1 300w, https:\/\/i0.wp.com\/eltrabajo.cl\/portal\/wp-content\/uploads\/2015\/07\/escopeta_asaltante3.jpg?resize=200%2C132&amp;ssl=1 200w, https:\/\/i0.wp.com\/eltrabajo.cl\/portal\/wp-content\/uploads\/2015\/07\/escopeta_asaltante3.jpg?resize=228%2C150&amp;ssl=1 228w, https:\/\/i0.wp.com\/eltrabajo.cl\/portal\/wp-content\/uploads\/2015\/07\/escopeta_asaltante3.jpg?resize=400%2C263&amp;ssl=1 400w, https:\/\/i0.wp.com\/eltrabajo.cl\/portal\/wp-content\/uploads\/2015\/07\/escopeta_asaltante3.jpg?w=530&amp;ssl=1 530w\" sizes=\"auto, (max-width: 300px) 100vw, 300px\" \/><\/a><figcaption id=\"caption-attachment-60094\" class=\"wp-caption-text\">Dos de los antisociales fueron detenidos por la PDI, siendo formalizados por robo con violencia, quedando en prisi\u00f3n preventiva.<\/figcaption><\/figure>\n<ul>\n<li><strong>A dos meses del hecho la PDI pudo dar con dos de los autores materiales del atraco<\/strong>.<\/li>\n<\/ul>\n<p><strong>LOS ANDES<\/strong>.- Un hecho fortuito permiti\u00f3 al Grupo Especial de Bienes Robados de la PDI dar con dos de los autores de un violento asalto a mano armada que sufri\u00f3 un anciano agricultor en la comuna de Calle Larga y recuperar una escopeta que le fue sustra\u00edda.<br \/>\nEl atraco se produjo la tarde del pasado 2 mayo, cuando tres sujetos a bordo de una camioneta Dodge Dakota de color blanco llegaron hasta la casa del agricultor P.P.A.A., de 72 a\u00f1os, ubicado en el sector de calle La Palma haciendo pasar por clientes que quer\u00edan comprar unos fardos de pasto.<br \/>\nEn momentos en que proced\u00edan a cargar los fardos en el veh\u00edculo se abalanzaron sobre el anciano y lo tiraron al piso, para luego uno de ellos amarrarle las manos y pies con una piola, sustray\u00e9ndole 106 mil pesos en dinero en efectivo que guardaba en su pantal\u00f3n.<br \/>\nActo seguido lo arrastraron hasta la casa y lo dejaron en la cocina, poni\u00e9ndole un pa\u00f1o en la boca y envolvi\u00e9ndole la cabeza con un pantal\u00f3n de buzo para que no los pudiera observar.<br \/>\nCon el adulto mayor completamente reducido, los delincuentes procedieron a registrar todo el inmueble apoder\u00e1ndose de medio mill\u00f3n de pesos que estaban guardados en unos cuadernos, 200 mil pesos en monedas de 500 pesos, fardos de pasto, una escopeta Maverik calibre 12 y una caja con 25 cartuchos, todo avaluado en la suma de $ 1.066.000.<br \/>\nActo seguido se dieron a la fuga dejando al abuelo en el lugar, quien pudo librarse de sus amarras y dar cuenta del hecho a la polic\u00eda.<br \/>\nSin bien en su momento hizo la denuncia no se pudo dar con el paradero de los asaltantes.<\/p>\n<p><strong>PIEZA CLAVE<\/strong><br \/>\nSin embargo, a ra\u00edz del robo de una escopeta, el Ministerio P\u00fablico orden\u00f3 a la Gebro concurrir hasta la casa del administrador de un fundo en el sector de calle Las Juntas donde se presum\u00eda que hab\u00eda sido vendida esta arma.<br \/>\nLos detectives llegaron hasta el lugar y se entrevistaron con el administrador de iniciales L.P.P.R. (51), quien reconoci\u00f3 haber adquiri\u00f3 una escopeta a un amigo en la suma de 250 mil pesos, sabiendo que esta era robada, adem\u00e1s de 22 cartuchos.<br \/>\nAl cotejar su n\u00famero de serie los polic\u00edas se dieron cuenta que no era la escopeta que hab\u00eda sido denunciada en el Ministerio P\u00fablico, sino que otra que correspond\u00eda a la que le sustrajeron al anciano durante el atraco.<br \/>\nEl Jefe de la Gebro, Subcomisario Humberto Cortes, se\u00f1al\u00f3 que el administrador fue detenido por el delito de tenencia ilegal de armas de fuego, ya que no contaba con la documentaci\u00f3n y los permisos correspondientes, adem\u00e1s de receptaci\u00f3n.<br \/>\nEl mismo imputado dio el nombre de la persona que se la hab\u00eda vendido, resultando ser M.I.N.H. (26), uno de los sujetos que particip\u00f3 en el violento atraco.<br \/>\nDe esta forma los detectives dieron con su paradero y lo arrestaron reconociendo que hab\u00eda participando en el atraco junto a otros dos sujetos, uno apodado \u2018El Cuta\u2019 y otro conocido como \u2018El Bobby\u2019.<br \/>\nGracias a esta delaci\u00f3n los detectives pudieron ubicar a C.L.A.V. (33), alias \u2018El Cuta\u2019, el cual fue reconocido por el agricultor como uno de los sujetos que lo asalt\u00f3 el 2 de mayo en su hogar.<br \/>\nTanto el administrador como los dos asaltantes pasaron a control de detenci\u00f3n en el Tribunal de Garant\u00eda de Los Andes.<br \/>\nEn el caso del administrador fue formalizado por tenencia ilegal de armas de fuego y receptaci\u00f3n, quedando en libertad, pero con las medidas cautelares de arraigo nacional y firma mensual en el Ministerio P\u00fablico.<br \/>\nEn tanto, los dos asaltantes fueron formalizados por el delito de robo con violencia, agravado por el hecho que la v\u00edctima es una persona de la tercera edad y por ser considerados un peligro para la seguridad de la sociedad quedaron en prisi\u00f3n preventiva.<br \/>\nAsimismo, la polic\u00eda sigue tras la pista del tercer asaltante que estar\u00eda plenamente identificado.<\/p>\n","protected":false},"excerpt":{"rendered":"<p>A dos meses del hecho la PDI pudo dar con dos de los autores materiales del atraco. LOS ANDES.- Un hecho fortuito permiti\u00f3 al Grupo Especial de Bienes Robados de la PDI&#8230;<\/p>\n","protected":false},"author":482,"featured_media":60094,"comment_status":"open","ping_status":"open","sticky":false,"template":"","format":"standard","meta":{"advanced_seo_description":"","jetpack_seo_html_title":"","jetpack_seo_noindex":false,"_jetpack_memberships_contains_paid_content":false,"footnotes":""},"categories":[21],"tags":[],"class_list":["post-60093","post","type-post","status-publish","format-standard","has-post-thumbnail","hentry","category-policial"],"jetpack_featured_media_url":"https:\/\/i0.wp.com\/eltrabajo.cl\/portal\/wp-content\/uploads\/2015\/07\/escopeta_asaltante3.jpg?fit=530%2C349&ssl=1","jetpack_sharing_enabled":true,"jetpack_likes_enabled":true,"jetpack-related-posts":[],"_links":{"self":[{"href":"https:\/\/eltrabajo.cl\/portal\/wp-json\/wp\/v2\/posts\/60093","targetHints":{"allow":["GET"]}}],"collection":[{"href":"https:\/\/eltrabajo.cl\/portal\/wp-json\/wp\/v2\/posts"}],"about":[{"href":"https:\/\/eltrabajo.cl\/portal\/wp-json\/wp\/v2\/types\/post"}],"author":[{"embeddable":true,"href":"https:\/\/eltrabajo.cl\/portal\/wp-json\/wp\/v2\/users\/482"}],"replies":[{"embeddable":true,"href":"https:\/\/eltrabajo.cl\/portal\/wp-json\/wp\/v2\/comments?post=60093"}],"version-history":[{"count":0,"href":"https:\/\/eltrabajo.cl\/portal\/wp-json\/wp\/v2\/posts\/60093\/revisions"}],"wp:featuredmedia":[{"embeddable":true,"href":"https:\/\/eltrabajo.cl\/portal\/wp-json\/wp\/v2\/media\/60094"}],"wp:attachment":[{"href":"https:\/\/eltrabajo.cl\/portal\/wp-json\/wp\/v2\/media?parent=60093"}],"wp:term":[{"taxonomy":"category","embeddable":true,"href":"https:\/\/eltrabajo.cl\/portal\/wp-json\/wp\/v2\/categories?post=60093"},{"taxonomy":"post_tag","embeddable":true,"href":"https:\/\/eltrabajo.cl\/portal\/wp-json\/wp\/v2\/tags?post=60093"}],"curies":[{"name":"wp","href":"https:\/\/api.w.org\/{rel}","templated":true}]}}