{"id":60096,"date":"2015-07-17T10:05:02","date_gmt":"2015-07-17T13:05:02","guid":{"rendered":"http:\/\/www.eltrabajo.cl\/portal\/?p=60096"},"modified":"2015-07-17T10:05:02","modified_gmt":"2015-07-17T13:05:02","slug":"desalmado-pretendia-robar-vestuario-y-manguera-de-bomberos-en-llay-llay","status":"publish","type":"post","link":"https:\/\/eltrabajo.cl\/portal\/desalmado-pretendia-robar-vestuario-y-manguera-de-bomberos-en-llay-llay\/","title":{"rendered":"Desalmado pretend\u00eda robar vestuario y manguera de Bomberos en Llay Llay"},"content":{"rendered":"<figure id=\"attachment_60097\" aria-describedby=\"caption-attachment-60097\" style=\"width: 300px\" class=\"wp-caption alignleft\"><a href=\"https:\/\/i0.wp.com\/www.eltrabajo.cl\/portal\/wp-content\/uploads\/2015\/07\/LADRON-BOMBEROS.jpg\"><img data-recalc-dims=\"1\" loading=\"lazy\" decoding=\"async\" class=\"wp-image-60097 size-medium\" src=\"https:\/\/i0.wp.com\/www.eltrabajo.cl\/portal\/wp-content\/uploads\/2015\/07\/LADRON-BOMBEROS-300x198.jpg?resize=300%2C198\" alt=\"El delincuente identificado como Luis Leiva Gonz\u00e1lez fue detenido por Carabineros y trasladado hasta Tribunales para ser requerido por la Fiscal\u00eda por el delito de robo en lugar no habitado.\" width=\"300\" height=\"198\" srcset=\"https:\/\/i0.wp.com\/eltrabajo.cl\/portal\/wp-content\/uploads\/2015\/07\/LADRON-BOMBEROS.jpg?resize=300%2C198&amp;ssl=1 300w, https:\/\/i0.wp.com\/eltrabajo.cl\/portal\/wp-content\/uploads\/2015\/07\/LADRON-BOMBEROS.jpg?resize=200%2C132&amp;ssl=1 200w, https:\/\/i0.wp.com\/eltrabajo.cl\/portal\/wp-content\/uploads\/2015\/07\/LADRON-BOMBEROS.jpg?resize=228%2C150&amp;ssl=1 228w, https:\/\/i0.wp.com\/eltrabajo.cl\/portal\/wp-content\/uploads\/2015\/07\/LADRON-BOMBEROS.jpg?resize=400%2C263&amp;ssl=1 400w, https:\/\/i0.wp.com\/eltrabajo.cl\/portal\/wp-content\/uploads\/2015\/07\/LADRON-BOMBEROS.jpg?w=530&amp;ssl=1 530w\" sizes=\"auto, (max-width: 300px) 100vw, 300px\" \/><\/a><figcaption id=\"caption-attachment-60097\" class=\"wp-caption-text\">El delincuente identificado como Luis Leiva Gonz\u00e1lez fue detenido por Carabineros y trasladado hasta Tribunales para ser requerido por la Fiscal\u00eda por el delito de robo en lugar no habitado.<\/figcaption><\/figure>\n<p>El delincuente se introdujo al interior de la Segunda Compa\u00f1\u00eda de Bomberos de Llay Llay, intentando apoderarse de vestuarios bomberiles, una manguera y una copla, las que pretend\u00eda trasladar en una carretilla siendo reducido por los voluntarios de bomberos que se percataron del robo.<\/p>\n<p>Pasada la medianoche de este mi\u00e9rcoles, funcionarios de bomberos de la Segunda Compa\u00f1\u00eda de Llay Llay que se encontraban acuartelados, sorprendieron a un intruso que se encontraba al interior del edificio queriendo apoderarse de vestuario bomberil y de una manguera junto con sus coplas, las que pretend\u00eda transportar en una carretilla de la instituci\u00f3n.<br \/>\nEste ins\u00f3lito hecho pudo ser frustrado luego que los bomberos escucharon ruidos en el patio posterior de la compa\u00f1\u00eda donde fue sorprendido el antisocial, quien al advertir su presencia intent\u00f3 escapar, pero fueron los mismos voluntarios los que redujeron al sujeto para dar cuenta de los hechos v\u00eda telef\u00f3nica al plan cuadrante de Carabineros quienes debieron trasladarse hasta el cuartel.<br \/>\nLos efectivos policiales, al realizar una inspecci\u00f3n al interior de las dependencias, encontraron una bolsa con vestimentas de bomberos, adem\u00e1s de la manguera con su respectiva copla, utilizadas por los voluntarios en emergencias de incendio que se producen en la comuna.<br \/>\nEl antisocial fue individualizado como Luis Leiva Gonz\u00e1lez de 38 a\u00f1os de edad, quien mantiene un amplio prontuario delictivo y fue trasladado hasta el Juzgado de Garant\u00eda de San Felipe para ser requerido por la Fiscal\u00eda por el delito de robo en lugar no habitado.<br \/>\n<strong>Pablo Salinas Sald\u00edas<\/strong><\/p>\n","protected":false},"excerpt":{"rendered":"<p>El delincuente se introdujo al interior de la Segunda Compa\u00f1\u00eda de Bomberos de Llay Llay, intentando apoderarse de vestuarios bomberiles, una manguera y una copla, las que pretend\u00eda trasladar en una carretilla&#8230;<\/p>\n","protected":false},"author":482,"featured_media":60097,"comment_status":"open","ping_status":"open","sticky":false,"template":"","format":"standard","meta":{"advanced_seo_description":"","jetpack_seo_html_title":"","jetpack_seo_noindex":false,"_jetpack_memberships_contains_paid_content":false,"footnotes":""},"categories":[21],"tags":[],"class_list":["post-60096","post","type-post","status-publish","format-standard","has-post-thumbnail","hentry","category-policial"],"jetpack_featured_media_url":"https:\/\/i0.wp.com\/eltrabajo.cl\/portal\/wp-content\/uploads\/2015\/07\/LADRON-BOMBEROS.jpg?fit=530%2C349&ssl=1","jetpack_sharing_enabled":true,"jetpack_likes_enabled":true,"jetpack-related-posts":[],"_links":{"self":[{"href":"https:\/\/eltrabajo.cl\/portal\/wp-json\/wp\/v2\/posts\/60096","targetHints":{"allow":["GET"]}}],"collection":[{"href":"https:\/\/eltrabajo.cl\/portal\/wp-json\/wp\/v2\/posts"}],"about":[{"href":"https:\/\/eltrabajo.cl\/portal\/wp-json\/wp\/v2\/types\/post"}],"author":[{"embeddable":true,"href":"https:\/\/eltrabajo.cl\/portal\/wp-json\/wp\/v2\/users\/482"}],"replies":[{"embeddable":true,"href":"https:\/\/eltrabajo.cl\/portal\/wp-json\/wp\/v2\/comments?post=60096"}],"version-history":[{"count":0,"href":"https:\/\/eltrabajo.cl\/portal\/wp-json\/wp\/v2\/posts\/60096\/revisions"}],"wp:featuredmedia":[{"embeddable":true,"href":"https:\/\/eltrabajo.cl\/portal\/wp-json\/wp\/v2\/media\/60097"}],"wp:attachment":[{"href":"https:\/\/eltrabajo.cl\/portal\/wp-json\/wp\/v2\/media?parent=60096"}],"wp:term":[{"taxonomy":"category","embeddable":true,"href":"https:\/\/eltrabajo.cl\/portal\/wp-json\/wp\/v2\/categories?post=60096"},{"taxonomy":"post_tag","embeddable":true,"href":"https:\/\/eltrabajo.cl\/portal\/wp-json\/wp\/v2\/tags?post=60096"}],"curies":[{"name":"wp","href":"https:\/\/api.w.org\/{rel}","templated":true}]}}