{"id":60099,"date":"2015-07-17T10:13:55","date_gmt":"2015-07-17T13:13:55","guid":{"rendered":"http:\/\/www.eltrabajo.cl\/portal\/?p=60099"},"modified":"2015-07-17T10:13:55","modified_gmt":"2015-07-17T13:13:55","slug":"vencio-el-bullying-escolar-y-ahora-brilla-en-el-orfeon-aconcagua","status":"publish","type":"post","link":"https:\/\/eltrabajo.cl\/portal\/vencio-el-bullying-escolar-y-ahora-brilla-en-el-orfeon-aconcagua\/","title":{"rendered":"Venci\u00f3 el bullying escolar y ahora brilla en el Orfe\u00f3n Aconcagua"},"content":{"rendered":"<figure id=\"attachment_60100\" aria-describedby=\"caption-attachment-60100\" style=\"width: 300px\" class=\"wp-caption alignleft\"><a href=\"https:\/\/i0.wp.com\/www.eltrabajo.cl\/portal\/wp-content\/uploads\/2015\/07\/Tuba1.jpg\"><img data-recalc-dims=\"1\" loading=\"lazy\" decoding=\"async\" class=\"wp-image-60100 size-medium\" src=\"https:\/\/i0.wp.com\/www.eltrabajo.cl\/portal\/wp-content\/uploads\/2015\/07\/Tuba1-300x198.jpg?resize=300%2C198\" alt=\"EXPERTO EN TUBA.- Joaqu\u00edn Gallegos Iturriaga es el miembro m\u00e1s joven del Orfe\u00f3n Aconcagua, ingres\u00f3 a esa cofrad\u00eda musical a los doce a\u00f1os, y ahora \u00e9l tiene catorce, lo logr\u00f3, luego de superar amargas experiencias de bullying. Este a\u00f1o gan\u00f3 la Beca Presidente de la Rep\u00fablica.\" width=\"300\" height=\"198\" srcset=\"https:\/\/i0.wp.com\/eltrabajo.cl\/portal\/wp-content\/uploads\/2015\/07\/Tuba1.jpg?resize=300%2C198&amp;ssl=1 300w, https:\/\/i0.wp.com\/eltrabajo.cl\/portal\/wp-content\/uploads\/2015\/07\/Tuba1.jpg?resize=200%2C132&amp;ssl=1 200w, https:\/\/i0.wp.com\/eltrabajo.cl\/portal\/wp-content\/uploads\/2015\/07\/Tuba1.jpg?resize=227%2C150&amp;ssl=1 227w, https:\/\/i0.wp.com\/eltrabajo.cl\/portal\/wp-content\/uploads\/2015\/07\/Tuba1.jpg?resize=400%2C264&amp;ssl=1 400w, https:\/\/i0.wp.com\/eltrabajo.cl\/portal\/wp-content\/uploads\/2015\/07\/Tuba1.jpg?w=530&amp;ssl=1 530w\" sizes=\"auto, (max-width: 300px) 100vw, 300px\" \/><\/a><figcaption id=\"caption-attachment-60100\" class=\"wp-caption-text\">EXPERTO EN TUBA.- Joaqu\u00edn Gallegos Iturriaga es el miembro m\u00e1s joven del Orfe\u00f3n Aconcagua, ingres\u00f3 a esa cofrad\u00eda musical a los doce a\u00f1os, y ahora \u00e9l tiene catorce, lo logr\u00f3, luego de superar amargas experiencias de bullying. Este a\u00f1o gan\u00f3 la Beca Presidente de la Rep\u00fablica.<\/figcaption><\/figure>\n<p>No ha sido una, ni dos ni diez veces que en Diario El Trabajo hemos tenido que publicar lastimosamente, noticias sobre los estragos que el bullying causa a las personas que son v\u00edctimas de este fen\u00f3meno social tan negativo, especialmente en el mundo escolar y entre adolescentes.<br \/>\nSin embargo hoy podemos compartir con nuestros lectores una historia en la que el principal protagonista es un ni\u00f1o sanfelipe\u00f1o que sufri\u00f3 estos ataques durante a\u00f1os en el mundo escolar, el que casi sucumbe abatido por la angustia e impotencia que las burlas de sus compa\u00f1eros de escuela le causaban cuando se re\u00edan de su peso y estatura. Hoy \u00e9l nos demuestra c\u00f3mo logr\u00f3 superar, con la ayuda de profesores y de su amorosa familia, este mal social que carcome las relaciones humanas en todas las clases sociales de nuestro pa\u00eds.<\/p>\n<p><strong>EL BUYLLING S\u00cd\u00a0ES SUPERABLE<\/strong><br \/>\nSe trata del miembro m\u00e1s joven que conforma el Orfe\u00f3n Aconcagua, Joaqu\u00edn Gallegos Iturriaga, promesa art\u00edstica de apenas catorce a\u00f1os de edad, quien con el permiso de sus padres, Roberto Gallegos y Sandra Iturriaga, hoy comparte su historia con nuestros lectores, a fin de que su amarga experiencia le pueda servir de ejemplo a seguir por aquellas familias en donde uno o varios de sus miembros, sufran de los taques de bullying por parte de quienes se relacionan con ellos.<br \/>\n<strong>&#8211; Joaqu\u00edn, \u00bfdesde cu\u00e1ndo empezaste a sufrir bullying?<\/strong><br \/>\n<strong>&#8211;<\/strong> El problema lo sufr\u00ed desde mis siete a\u00f1os, desde que estaba en prekinder hasta tercero b\u00e1sico. Fue una experiencia muy agobiante, se burlaban de mi tama\u00f1o, ya que soy alto y un poco gordito desde chico.<br \/>\n<strong>&#8211; \u00bfQu\u00e9 generaba en tu opini\u00f3n que se burlaran de ti?<\/strong><br \/>\n<strong>&#8211;<\/strong> Lo que generaba que mis compa\u00f1eros de clases me hicieran bullying, era mi tama\u00f1o y que yo siempre participaba, yo siempre buscaba tener las respuestas, lo que generaba que me pusieran muchos apodos muy desagradables.<br \/>\n<strong>&#8211; \u00bfEn qu\u00e9 consist\u00edan las burlas de tus compa\u00f1eros?<\/strong><br \/>\n<strong>&#8211;<\/strong> Bueno, por ejemplo si yo llegaba a clases con camisa azul, ese d\u00eda me llamaban \u2018la ballena azul\u2019; si era con ropa roja, \u2018la ballena roja\u2019, s\u00f3lo por citar algunas de las formas del bullying que me hac\u00edan en la escuela.<br \/>\n<strong>&#8211; \u00bfC\u00f3mo te afectaban estos ataques en tu vida personal y estudiantil?<\/strong><br \/>\n<strong>&#8211;<\/strong> Yo lloraba mucho, mis pap\u00e1s no sab\u00edan qu\u00e9 hacer conmigo; yo estaba muy angustiado. En las ma\u00f1anas, ya cuando el bullying era insoportable y los maestros nada hac\u00edan para impedirlo, yo no quer\u00eda asistir m\u00e1s a clases, mi madre se enfrent\u00f3 varias veces a los profesores y mi pap\u00e1 tambi\u00e9n, mi caso parec\u00eda una causa perdida.<br \/>\n<strong>&#8211; \u00bfC\u00f3mo cambi\u00f3 esta inc\u00f3moda situaci\u00f3n?<\/strong><br \/>\n<strong>&#8211;<\/strong> Cuando por fin me sacaron de la \u00faltima escuela, porque ya hab\u00eda estado en varias, mis pap\u00e1s me llevaron a la Escuela JFK, ah\u00ed el panorama para mi vida cambi\u00f3 mucho, pues los profesores y la directora de ese entonces, me recibieron con cari\u00f1o y respeto, pasaron los d\u00edas y termin\u00e9 ah\u00ed mis estudios, y nunca me hicieron bullying, aprend\u00ed que, aunque todo pueda parecer perdido y que hay que pagar a veces un alto precio por ser diferente, eso puede tambi\u00e9n ser una ventaja en este mundo tan competitivo.<br \/>\n<strong>&#8211; \u00bfMejor\u00f3 entonces tu vida al llegar a esa escuela?<\/strong><br \/>\n<strong>&#8211;<\/strong> Bueno, lo que pas\u00f3 es que como yo sab\u00eda tocar saxof\u00f3n, un vecino m\u00edo me hab\u00eda ense\u00f1ado bastante desde chico, mis profesores en la JFK me dieron espacio en la banda de guerra del Liceo de Hombres, ah\u00ed pronto di de qu\u00e9 hablar, pero esta vez de forma muy positiva, mi vida estaba mejorando mucho. Luego form\u00e9 parte de la banda de la Daem, ah\u00ed tambi\u00e9n segu\u00ed descollando, lejos de las burlas de otros ni\u00f1os sobre mi tama\u00f1o.<br \/>\n<strong>&#8211; \u00bfEntonces empezaste a codearte con otros m\u00fasicos?<\/strong><br \/>\n<strong>&#8211;<\/strong> S\u00ed. Ya como miembro de esa banda, pude participar en varios eventos p\u00fablicos; esquinazos importantes, en colegios distintos y en actividades de la comuna.<br \/>\n<strong>&#8211; \u00bfC\u00f3mo te conectaste con el Orfe\u00f3n Aconcagua?<\/strong><br \/>\n<strong>&#8211;<\/strong> Bueno llegu\u00e9 a la media al Liceo Bicentenario Cordillera, en donde actualmente estudio, ah\u00ed r\u00e1pidamente el profesor Nelson Mu\u00f1oz Contreras se interes\u00f3 en mis habilidades como m\u00fasico, y empez\u00f3 a ense\u00f1arme a leer y entender la m\u00fasica, as\u00ed como muchas otras cosas, mis pap\u00e1s al mismo tiempo se interesaban mucho en mis talentos, hasta que al poco tiempo, fui invitado a formar parte del Orfe\u00f3n Aconcagua.<br \/>\n<strong>&#8211; \u00bfEres feliz ahora que ya no te atacan y ven con asombro tus talentos?<\/strong><br \/>\n<strong>&#8211;<\/strong> Me siento muy bien, he aprendido a tocar lira, trompeta, saxof\u00f3n, tromb\u00f3n y tuba, se hab\u00eda desatado una fiebre loca por la m\u00fasica en mi casa, pues hasta mi hermanita Daniela de ocho a\u00f1os, ahora toca viol\u00edn. Tambi\u00e9n estoy muy agradecido con los m\u00fasicos del Orfe\u00f3n Aconcagua, pues ellos me recibieron con respeto y cari\u00f1o, sabr\u00e9 corresponder de la mejor manera.<\/p>\n<p><strong>PADRES AFECTADOS<\/strong><br \/>\nDiario El Trabajo tambi\u00e9n habl\u00f3 con los padres de Joaqu\u00edn, \u00abfueron amargos a\u00f1os de angustia y frustraciones a todo nivel. Recuerdo que en una ocasi\u00f3n una madre de un compa\u00f1erito de mi hijo, me par\u00f3 a la salida de la escuela y me dijo \u2018oiga se\u00f1ora, d\u00edgale a su hijo que se calle, que no d\u00e9 las respuestas siempre cuando la profesora pregunta\u2019, no lo pod\u00eda creer, que mi hijo fuera atacado por ser inteligente y participativo, el bullying nos ha hecho efecto no s\u00f3lo a Joaqu\u00edn, nos afect\u00f3 a todos, simplemente es una pr\u00e1ctica de conducta muy destructiva que se vive en muchos colegios de la comuna y creo que de todo el pa\u00eds\u00bb, coment\u00f3 do\u00f1a Andrea Iturriaga, mam\u00e1 de Joaqu\u00edn.<br \/>\nSeg\u00fan esta madre sanfelipe\u00f1a, \u00abnosotros tuvimos que cambiar a nuestro hijo varias veces de escuela, era muy duro verlo llorar, sufriendo porque le dec\u00edan \u2018ballena azul\u2019 y otras frases hirientes, no quer\u00eda ya ir a la escuela, dec\u00eda que se quer\u00eda morir, nosotros tem\u00edamos lo peor y est\u00e1bamos siempre en alerta con \u00e9l\u00bb, agreg\u00f3 Andrea.<br \/>\nEl pap\u00e1 de Joaqu\u00edn, Roberto Gallegos, tambi\u00e9n tuvo que enfrentarse a profesores y centros de padres, quienes poco o nada hicieron para evitar estos ataques contra su hijo, \u00abvarias veces tuve que enfrentarme a los profesores y centros de padres, pues supe que los profesores no daban aviso a sus directores, sacamos al ni\u00f1o de esas escuelas para que \u00e9l fuera feliz, objetivo que se logr\u00f3 en la Escuela JFK y ahora en el Cordillera, centros educativos en donde no s\u00f3lo detectan el bullying, sino que hacen algo para contrarrestarlo, tambi\u00e9n recibimos apoyo de profesores como don Nelson Mu\u00f1oz y otros m\u00fasicos, seguiremos haciendo lo que sea para que nuestros dos hijos sean felices, y no tengan que sufrir ataques como el bullying. Este a\u00f1o gan\u00f3 la Beca Presidente de la Rep\u00fablica, gracias a sus logros acad\u00e9micos y constancia en sus estudios\u00bb, dijo Roberto Gallegos a Diario El Trabajo.<\/p>\n<p><strong>TIENE FUTURO<\/strong><br \/>\nDos de las personas que tuvieron que ver en el desarrollo art\u00edstico de Joaqu\u00edn a nivel musical, fueron don Oscar Leiva y el profesor del Cordillera, Nelson Mu\u00f1oz.<br \/>\n\u00abYo conoc\u00ed a Joaqu\u00edn cuando \u00e9l ten\u00eda apenas cinco a\u00f1os, jugaba frente a mi casa con otros ni\u00f1os, una vez lo invit\u00e9 a escuchar mi saxof\u00f3n, \u00e9l se qued\u00f3 y se mostr\u00f3 tambi\u00e9n muy interesado, poco a poco le ense\u00f1\u00e9 sus primeros contactos con la m\u00fasica, as\u00ed aprendi\u00f3 r\u00e1pidamente a tocar ese y otros instrumentos. Tiene mucho talento y deseo que logre llegar muy lejos\u00bb, coment\u00f3 don Oscar, vecino de El Se\u00f1orial.<br \/>\nPor su parte el profesor Mu\u00f1oz, quien ha tenido a Joaqu\u00edn muy de cerca, explic\u00f3 que \u00abson muy, pero muy pocas las personas que tocan la Tuba, Joaqu\u00edn es una de ellas en el Valle de Aconcagua. En la universidad nos dec\u00edan que ten\u00edamos que apoyar a un ni\u00f1o si logr\u00e1bamos toparnos con uno de las caracter\u00edsticas de Joaqu\u00edn, \u00e9l de seguro que llegar\u00e1 muy lejos, todo es que no pierda el inter\u00e9s y de que contin\u00fae tocando, es un orgullo para San Felipe\u00bb.<br \/>\nLa experiencia vivida por este ni\u00f1o-adolescente sanfelipe\u00f1o y su familia, nos ense\u00f1a muchas cosas dignas de nuestra atenci\u00f3n, varios ni\u00f1os se han quitado la vida a causa de los traumas generados por el bullying en las escuelas; otros se a\u00edslan del mundo escolar; algunos buscan falso refugio en las drogas y malos caminos, pero en el caso puntual de Joaqu\u00edn, \u00e9l y su familia nos ense\u00f1an que \u2018hacer una limonada si la vida nos da un lim\u00f3n\u2019, es posible.<br \/>\n<strong>Roberto Gonz\u00e1lez Short<\/strong><br \/>\n<strong>rgonzalez@eltrabajo.cl<\/strong><\/p>\n<div class=\"tiled-gallery type-rectangular tiled-gallery-unresized\" data-original-width=\"640\" data-carousel-extra='null' itemscope itemtype=\"http:\/\/schema.org\/ImageGallery\" > <div class=\"gallery-row\" style=\"width: 640px; height: 283px;\" data-original-width=\"640\" data-original-height=\"283\" > <div class=\"gallery-group images-1\" style=\"width: 427px; height: 283px;\" data-original-width=\"427\" data-original-height=\"283\" > <div class=\"tiled-gallery-item tiled-gallery-item-large\" itemprop=\"associatedMedia\" itemscope itemtype=\"http:\/\/schema.org\/ImageObject\"> <a href=\"https:\/\/eltrabajo.cl\/portal\/vencio-el-bullying-escolar-y-ahora-brilla-en-el-orfeon-aconcagua\/familiar1-10\/\" border=\"0\" itemprop=\"url\"> <meta itemprop=\"width\" content=\"423\"> <meta itemprop=\"height\" content=\"279\"> <img decoding=\"async\" class=\"\" data-attachment-id=\"60102\" data-orig-file=\"https:\/\/eltrabajo.cl\/portal\/wp-content\/uploads\/2015\/07\/Familiar12.jpg\" data-orig-size=\"530,350\" data-comments-opened=\"1\" data-image-meta=\"{&quot;aperture&quot;:&quot;0&quot;,&quot;credit&quot;:&quot;&quot;,&quot;camera&quot;:&quot;&quot;,&quot;caption&quot;:&quot;&quot;,&quot;created_timestamp&quot;:&quot;0&quot;,&quot;copyright&quot;:&quot;&quot;,&quot;focal_length&quot;:&quot;0&quot;,&quot;iso&quot;:&quot;0&quot;,&quot;shutter_speed&quot;:&quot;0&quot;,&quot;title&quot;:&quot;&quot;,&quot;orientation&quot;:&quot;0&quot;}\" data-image-title=\"Familiar1\" data-image-description=\"&lt;p&gt;FAMILIA IMPARABLE.- La familia de Joaqu\u00edn nunca le dieron la espalda, le respaldan y hasta tiene una fan de primera, su hermanita Daniela, quien tambi\u00e9n toca el viol\u00edn.&lt;\/p&gt; \" data-medium-file=\"https:\/\/i0.wp.com\/eltrabajo.cl\/portal\/wp-content\/uploads\/2015\/07\/Familiar12.jpg?fit=300%2C198&#038;ssl=1\" data-large-file=\"https:\/\/i0.wp.com\/eltrabajo.cl\/portal\/wp-content\/uploads\/2015\/07\/Familiar12.jpg?fit=530%2C350&#038;ssl=1\" src=\"https:\/\/i0.wp.com\/eltrabajo.cl\/portal\/wp-content\/uploads\/2015\/07\/Familiar12.jpg?w=423&#038;h=279&#038;ssl=1\" srcset=\"https:\/\/i0.wp.com\/eltrabajo.cl\/portal\/wp-content\/uploads\/2015\/07\/Familiar12.jpg?w=530&amp;ssl=1 530w, https:\/\/i0.wp.com\/eltrabajo.cl\/portal\/wp-content\/uploads\/2015\/07\/Familiar12.jpg?resize=200%2C132&amp;ssl=1 200w, https:\/\/i0.wp.com\/eltrabajo.cl\/portal\/wp-content\/uploads\/2015\/07\/Familiar12.jpg?resize=300%2C198&amp;ssl=1 300w, https:\/\/i0.wp.com\/eltrabajo.cl\/portal\/wp-content\/uploads\/2015\/07\/Familiar12.jpg?resize=227%2C150&amp;ssl=1 227w, https:\/\/i0.wp.com\/eltrabajo.cl\/portal\/wp-content\/uploads\/2015\/07\/Familiar12.jpg?resize=400%2C264&amp;ssl=1 400w\" width=\"423\" height=\"279\" loading=\"lazy\" data-original-width=\"423\" data-original-height=\"279\" itemprop=\"http:\/\/schema.org\/image\" title=\"Familiar1\" alt=\"FAMILIA IMPARABLE.- La familia de Joaqu\u00edn nunca le dieron la espalda, le respaldan y hasta tiene una fan de primera, su hermanita Daniela, quien tambi\u00e9n toca el viol\u00edn.\" style=\"width: 423px; height: 279px;\" \/> <\/a> <div class=\"tiled-gallery-caption\" itemprop=\"caption description\"> FAMILIA IMPARABLE.- La familia de Joaqu\u00edn nunca le dieron la espalda, le respaldan y hasta tiene una fan de primera, su hermanita Daniela, quien tambi\u00e9n toca el viol\u00edn. <\/div> <\/div> <\/div> <!-- close group --> <div class=\"gallery-group images-2\" style=\"width: 213px; height: 283px;\" data-original-width=\"213\" data-original-height=\"283\" > <div class=\"tiled-gallery-item tiled-gallery-item-small\" itemprop=\"associatedMedia\" itemscope itemtype=\"http:\/\/schema.org\/ImageObject\"> <a href=\"https:\/\/eltrabajo.cl\/portal\/vencio-el-bullying-escolar-y-ahora-brilla-en-el-orfeon-aconcagua\/orfeon1-4\/\" border=\"0\" itemprop=\"url\"> <meta itemprop=\"width\" content=\"209\"> <meta itemprop=\"height\" content=\"138\"> <img decoding=\"async\" class=\"\" data-attachment-id=\"60103\" data-orig-file=\"https:\/\/eltrabajo.cl\/portal\/wp-content\/uploads\/2015\/07\/Orfeon1.jpg\" data-orig-size=\"530,349\" data-comments-opened=\"1\" data-image-meta=\"{&quot;aperture&quot;:&quot;0&quot;,&quot;credit&quot;:&quot;&quot;,&quot;camera&quot;:&quot;&quot;,&quot;caption&quot;:&quot;&quot;,&quot;created_timestamp&quot;:&quot;0&quot;,&quot;copyright&quot;:&quot;&quot;,&quot;focal_length&quot;:&quot;0&quot;,&quot;iso&quot;:&quot;0&quot;,&quot;shutter_speed&quot;:&quot;0&quot;,&quot;title&quot;:&quot;&quot;,&quot;orientation&quot;:&quot;0&quot;}\" data-image-title=\"Orfeon1\" data-image-description=\"&lt;p&gt;EN ESCENA.- As\u00ed luce Joaqu\u00edn en esta instituci\u00f3n musical de nuestro valle, seguro de s\u00ed mismo y respaldado por el resto de experimentados m\u00fasicos.&lt;\/p&gt; \" data-medium-file=\"https:\/\/i0.wp.com\/eltrabajo.cl\/portal\/wp-content\/uploads\/2015\/07\/Orfeon1.jpg?fit=300%2C198&#038;ssl=1\" data-large-file=\"https:\/\/i0.wp.com\/eltrabajo.cl\/portal\/wp-content\/uploads\/2015\/07\/Orfeon1.jpg?fit=530%2C349&#038;ssl=1\" src=\"https:\/\/i0.wp.com\/eltrabajo.cl\/portal\/wp-content\/uploads\/2015\/07\/Orfeon1.jpg?w=209&#038;h=138&#038;ssl=1\" srcset=\"https:\/\/i0.wp.com\/eltrabajo.cl\/portal\/wp-content\/uploads\/2015\/07\/Orfeon1.jpg?w=530&amp;ssl=1 530w, https:\/\/i0.wp.com\/eltrabajo.cl\/portal\/wp-content\/uploads\/2015\/07\/Orfeon1.jpg?resize=200%2C132&amp;ssl=1 200w, https:\/\/i0.wp.com\/eltrabajo.cl\/portal\/wp-content\/uploads\/2015\/07\/Orfeon1.jpg?resize=300%2C198&amp;ssl=1 300w, https:\/\/i0.wp.com\/eltrabajo.cl\/portal\/wp-content\/uploads\/2015\/07\/Orfeon1.jpg?resize=228%2C150&amp;ssl=1 228w, https:\/\/i0.wp.com\/eltrabajo.cl\/portal\/wp-content\/uploads\/2015\/07\/Orfeon1.jpg?resize=400%2C263&amp;ssl=1 400w\" width=\"209\" height=\"138\" loading=\"lazy\" data-original-width=\"209\" data-original-height=\"138\" itemprop=\"http:\/\/schema.org\/image\" title=\"Orfeon1\" alt=\"EN ESCENA.- As\u00ed luce Joaqu\u00edn en esta instituci\u00f3n musical de nuestro valle, seguro de s\u00ed mismo y respaldado por el resto de experimentados m\u00fasicos.\" style=\"width: 209px; height: 138px;\" \/> <\/a> <div class=\"tiled-gallery-caption\" itemprop=\"caption description\"> EN ESCENA.- As\u00ed luce Joaqu\u00edn en esta instituci\u00f3n musical de nuestro valle, seguro de s\u00ed mismo y respaldado por el resto de experimentados m\u00fasicos. <\/div> <\/div> <div class=\"tiled-gallery-item tiled-gallery-item-small\" itemprop=\"associatedMedia\" itemscope itemtype=\"http:\/\/schema.org\/ImageObject\"> <a href=\"https:\/\/eltrabajo.cl\/portal\/vencio-el-bullying-escolar-y-ahora-brilla-en-el-orfeon-aconcagua\/nelson-munoz\/\" border=\"0\" itemprop=\"url\"> <meta itemprop=\"width\" content=\"209\"> <meta itemprop=\"height\" content=\"137\"> <img decoding=\"async\" class=\"\" data-attachment-id=\"60105\" data-orig-file=\"https:\/\/eltrabajo.cl\/portal\/wp-content\/uploads\/2015\/07\/Nelson-Munoz.jpg\" data-orig-size=\"530,349\" data-comments-opened=\"1\" data-image-meta=\"{&quot;aperture&quot;:&quot;0&quot;,&quot;credit&quot;:&quot;&quot;,&quot;camera&quot;:&quot;&quot;,&quot;caption&quot;:&quot;&quot;,&quot;created_timestamp&quot;:&quot;0&quot;,&quot;copyright&quot;:&quot;&quot;,&quot;focal_length&quot;:&quot;0&quot;,&quot;iso&quot;:&quot;0&quot;,&quot;shutter_speed&quot;:&quot;0&quot;,&quot;title&quot;:&quot;&quot;,&quot;orientation&quot;:&quot;0&quot;}\" data-image-title=\"Nelson Munoz\" data-image-description=\"&lt;p&gt;Nelson Mu\u00f1oz, profesor del Cordillera, quien sigue de cerca el proceso educativo de Joaqu\u00edn, lejos del bullying.&lt;\/p&gt; \" data-medium-file=\"https:\/\/i0.wp.com\/eltrabajo.cl\/portal\/wp-content\/uploads\/2015\/07\/Nelson-Munoz.jpg?fit=300%2C198&#038;ssl=1\" data-large-file=\"https:\/\/i0.wp.com\/eltrabajo.cl\/portal\/wp-content\/uploads\/2015\/07\/Nelson-Munoz.jpg?fit=530%2C349&#038;ssl=1\" src=\"https:\/\/i0.wp.com\/eltrabajo.cl\/portal\/wp-content\/uploads\/2015\/07\/Nelson-Munoz.jpg?w=209&#038;h=137&#038;ssl=1\" srcset=\"https:\/\/i0.wp.com\/eltrabajo.cl\/portal\/wp-content\/uploads\/2015\/07\/Nelson-Munoz.jpg?w=530&amp;ssl=1 530w, https:\/\/i0.wp.com\/eltrabajo.cl\/portal\/wp-content\/uploads\/2015\/07\/Nelson-Munoz.jpg?resize=200%2C132&amp;ssl=1 200w, https:\/\/i0.wp.com\/eltrabajo.cl\/portal\/wp-content\/uploads\/2015\/07\/Nelson-Munoz.jpg?resize=300%2C198&amp;ssl=1 300w, https:\/\/i0.wp.com\/eltrabajo.cl\/portal\/wp-content\/uploads\/2015\/07\/Nelson-Munoz.jpg?resize=228%2C150&amp;ssl=1 228w, https:\/\/i0.wp.com\/eltrabajo.cl\/portal\/wp-content\/uploads\/2015\/07\/Nelson-Munoz.jpg?resize=400%2C263&amp;ssl=1 400w\" width=\"209\" height=\"137\" loading=\"lazy\" data-original-width=\"209\" data-original-height=\"137\" itemprop=\"http:\/\/schema.org\/image\" title=\"Nelson Munoz\" alt=\"Nelson Mu\u00f1oz, profesor del Cordillera, quien sigue de cerca el proceso educativo de Joaqu\u00edn, lejos del bullying.\" style=\"width: 209px; height: 137px;\" \/> <\/a> <div class=\"tiled-gallery-caption\" itemprop=\"caption description\"> Nelson Mu\u00f1oz, profesor del Cordillera, quien sigue de cerca el proceso educativo de Joaqu\u00edn, lejos del bullying. <\/div> <\/div> <\/div> <!-- close group --> <\/div> <!-- close row --> <div class=\"gallery-row\" style=\"width: 640px; height: 212px;\" data-original-width=\"640\" data-original-height=\"212\" > <div class=\"gallery-group images-1\" style=\"width: 320px; height: 212px;\" data-original-width=\"320\" data-original-height=\"212\" > <div class=\"tiled-gallery-item tiled-gallery-item-large\" itemprop=\"associatedMedia\" itemscope itemtype=\"http:\/\/schema.org\/ImageObject\"> <a href=\"https:\/\/eltrabajo.cl\/portal\/vencio-el-bullying-escolar-y-ahora-brilla-en-el-orfeon-aconcagua\/oscar-leiva\/\" border=\"0\" itemprop=\"url\"> <meta itemprop=\"width\" content=\"316\"> <meta itemprop=\"height\" content=\"208\"> <img decoding=\"async\" class=\"\" data-attachment-id=\"60104\" data-orig-file=\"https:\/\/eltrabajo.cl\/portal\/wp-content\/uploads\/2015\/07\/Oscar-Leiva.jpg\" data-orig-size=\"530,349\" data-comments-opened=\"1\" data-image-meta=\"{&quot;aperture&quot;:&quot;0&quot;,&quot;credit&quot;:&quot;&quot;,&quot;camera&quot;:&quot;&quot;,&quot;caption&quot;:&quot;&quot;,&quot;created_timestamp&quot;:&quot;0&quot;,&quot;copyright&quot;:&quot;&quot;,&quot;focal_length&quot;:&quot;0&quot;,&quot;iso&quot;:&quot;0&quot;,&quot;shutter_speed&quot;:&quot;0&quot;,&quot;title&quot;:&quot;&quot;,&quot;orientation&quot;:&quot;0&quot;}\" data-image-title=\"Oscar Leiva\" data-image-description=\"&lt;p&gt;Oscar Leiva, m\u00fasico y vecino de Joaqu\u00edn, le ense\u00f1\u00f3 a tocar saxof\u00f3n cuando \u00e9l era apenas un ni\u00f1o chico.&lt;\/p&gt; \" data-medium-file=\"https:\/\/i0.wp.com\/eltrabajo.cl\/portal\/wp-content\/uploads\/2015\/07\/Oscar-Leiva.jpg?fit=300%2C198&#038;ssl=1\" data-large-file=\"https:\/\/i0.wp.com\/eltrabajo.cl\/portal\/wp-content\/uploads\/2015\/07\/Oscar-Leiva.jpg?fit=530%2C349&#038;ssl=1\" src=\"https:\/\/i0.wp.com\/eltrabajo.cl\/portal\/wp-content\/uploads\/2015\/07\/Oscar-Leiva.jpg?w=316&#038;h=208&#038;ssl=1\" srcset=\"https:\/\/i0.wp.com\/eltrabajo.cl\/portal\/wp-content\/uploads\/2015\/07\/Oscar-Leiva.jpg?w=530&amp;ssl=1 530w, https:\/\/i0.wp.com\/eltrabajo.cl\/portal\/wp-content\/uploads\/2015\/07\/Oscar-Leiva.jpg?resize=200%2C132&amp;ssl=1 200w, https:\/\/i0.wp.com\/eltrabajo.cl\/portal\/wp-content\/uploads\/2015\/07\/Oscar-Leiva.jpg?resize=300%2C198&amp;ssl=1 300w, https:\/\/i0.wp.com\/eltrabajo.cl\/portal\/wp-content\/uploads\/2015\/07\/Oscar-Leiva.jpg?resize=228%2C150&amp;ssl=1 228w, https:\/\/i0.wp.com\/eltrabajo.cl\/portal\/wp-content\/uploads\/2015\/07\/Oscar-Leiva.jpg?resize=400%2C263&amp;ssl=1 400w\" width=\"316\" height=\"208\" loading=\"lazy\" data-original-width=\"316\" data-original-height=\"208\" itemprop=\"http:\/\/schema.org\/image\" title=\"Oscar Leiva\" alt=\"Oscar Leiva, m\u00fasico y vecino de Joaqu\u00edn, le ense\u00f1\u00f3 a tocar saxof\u00f3n cuando \u00e9l era apenas un ni\u00f1o chico.\" style=\"width: 316px; height: 208px;\" \/> <\/a> <div class=\"tiled-gallery-caption\" itemprop=\"caption description\"> Oscar Leiva, m\u00fasico y vecino de Joaqu\u00edn, le ense\u00f1\u00f3 a tocar saxof\u00f3n cuando \u00e9l era apenas un ni\u00f1o chico. <\/div> <\/div> <\/div> <!-- close group --> <div class=\"gallery-group images-1\" style=\"width: 320px; height: 212px;\" data-original-width=\"320\" data-original-height=\"212\" > <div class=\"tiled-gallery-item tiled-gallery-item-large\" itemprop=\"associatedMedia\" itemscope itemtype=\"http:\/\/schema.org\/ImageObject\"> <a href=\"https:\/\/eltrabajo.cl\/portal\/vencio-el-bullying-escolar-y-ahora-brilla-en-el-orfeon-aconcagua\/danielita1\/\" border=\"0\" itemprop=\"url\"> <meta itemprop=\"width\" content=\"316\"> <meta itemprop=\"height\" content=\"208\"> <img decoding=\"async\" class=\"\" data-attachment-id=\"60101\" data-orig-file=\"https:\/\/eltrabajo.cl\/portal\/wp-content\/uploads\/2015\/07\/Danielita1.jpg\" data-orig-size=\"530,349\" data-comments-opened=\"1\" data-image-meta=\"{&quot;aperture&quot;:&quot;0&quot;,&quot;credit&quot;:&quot;&quot;,&quot;camera&quot;:&quot;&quot;,&quot;caption&quot;:&quot;&quot;,&quot;created_timestamp&quot;:&quot;0&quot;,&quot;copyright&quot;:&quot;&quot;,&quot;focal_length&quot;:&quot;0&quot;,&quot;iso&quot;:&quot;0&quot;,&quot;shutter_speed&quot;:&quot;0&quot;,&quot;title&quot;:&quot;&quot;,&quot;orientation&quot;:&quot;0&quot;}\" data-image-title=\"Danielita1\" data-image-description=\"&lt;p&gt;PEQUE\u00d1A VIOLINISTA.- Siguiendo los pasos art\u00edsticos de su hermano Joaqu\u00edn, la peque\u00f1a Danielita ya emula este positivo ejemplo, pues ya aprendi\u00f3 a tocar el viol\u00edn, sorprendiendo a muchos en la escuela.&lt;\/p&gt; \" data-medium-file=\"https:\/\/i0.wp.com\/eltrabajo.cl\/portal\/wp-content\/uploads\/2015\/07\/Danielita1.jpg?fit=300%2C198&#038;ssl=1\" data-large-file=\"https:\/\/i0.wp.com\/eltrabajo.cl\/portal\/wp-content\/uploads\/2015\/07\/Danielita1.jpg?fit=530%2C349&#038;ssl=1\" src=\"https:\/\/i0.wp.com\/eltrabajo.cl\/portal\/wp-content\/uploads\/2015\/07\/Danielita1.jpg?w=316&#038;h=208&#038;ssl=1\" srcset=\"https:\/\/i0.wp.com\/eltrabajo.cl\/portal\/wp-content\/uploads\/2015\/07\/Danielita1.jpg?w=530&amp;ssl=1 530w, https:\/\/i0.wp.com\/eltrabajo.cl\/portal\/wp-content\/uploads\/2015\/07\/Danielita1.jpg?resize=200%2C132&amp;ssl=1 200w, https:\/\/i0.wp.com\/eltrabajo.cl\/portal\/wp-content\/uploads\/2015\/07\/Danielita1.jpg?resize=300%2C198&amp;ssl=1 300w, https:\/\/i0.wp.com\/eltrabajo.cl\/portal\/wp-content\/uploads\/2015\/07\/Danielita1.jpg?resize=228%2C150&amp;ssl=1 228w, https:\/\/i0.wp.com\/eltrabajo.cl\/portal\/wp-content\/uploads\/2015\/07\/Danielita1.jpg?resize=400%2C263&amp;ssl=1 400w\" width=\"316\" height=\"208\" loading=\"lazy\" data-original-width=\"316\" data-original-height=\"208\" itemprop=\"http:\/\/schema.org\/image\" title=\"Danielita1\" alt=\"PEQUE\u00d1A VIOLINISTA.- Siguiendo los pasos art\u00edsticos de su hermano Joaqu\u00edn, la peque\u00f1a Danielita ya emula este positivo ejemplo, pues ya aprendi\u00f3 a tocar el viol\u00edn, sorprendiendo a muchos en la escuela.\" style=\"width: 316px; height: 208px;\" \/> <\/a> <div class=\"tiled-gallery-caption\" itemprop=\"caption description\"> PEQUE\u00d1A VIOLINISTA.- Siguiendo los pasos art\u00edsticos de su hermano Joaqu\u00edn, la peque\u00f1a Danielita ya emula este positivo ejemplo, pues ya aprendi\u00f3 a tocar el viol\u00edn, sorprendiendo a muchos en la escuela. <\/div> <\/div> <\/div> <!-- close group --> <\/div> <!-- close row --> <\/div>\n","protected":false},"excerpt":{"rendered":"<p>No ha sido una, ni dos ni diez veces que en Diario El Trabajo hemos tenido que publicar lastimosamente, noticias sobre los estragos que el bullying causa a las personas que son&#8230;<\/p>\n","protected":false},"author":482,"featured_media":60100,"comment_status":"open","ping_status":"open","sticky":false,"template":"","format":"standard","meta":{"advanced_seo_description":"","jetpack_seo_html_title":"","jetpack_seo_noindex":false,"_jetpack_memberships_contains_paid_content":false,"footnotes":""},"categories":[15],"tags":[],"class_list":["post-60099","post","type-post","status-publish","format-standard","has-post-thumbnail","hentry","category-comunidad"],"jetpack_featured_media_url":"https:\/\/i0.wp.com\/eltrabajo.cl\/portal\/wp-content\/uploads\/2015\/07\/Tuba1.jpg?fit=530%2C350&ssl=1","jetpack_sharing_enabled":true,"jetpack_likes_enabled":true,"jetpack-related-posts":[],"_links":{"self":[{"href":"https:\/\/eltrabajo.cl\/portal\/wp-json\/wp\/v2\/posts\/60099","targetHints":{"allow":["GET"]}}],"collection":[{"href":"https:\/\/eltrabajo.cl\/portal\/wp-json\/wp\/v2\/posts"}],"about":[{"href":"https:\/\/eltrabajo.cl\/portal\/wp-json\/wp\/v2\/types\/post"}],"author":[{"embeddable":true,"href":"https:\/\/eltrabajo.cl\/portal\/wp-json\/wp\/v2\/users\/482"}],"replies":[{"embeddable":true,"href":"https:\/\/eltrabajo.cl\/portal\/wp-json\/wp\/v2\/comments?post=60099"}],"version-history":[{"count":0,"href":"https:\/\/eltrabajo.cl\/portal\/wp-json\/wp\/v2\/posts\/60099\/revisions"}],"wp:featuredmedia":[{"embeddable":true,"href":"https:\/\/eltrabajo.cl\/portal\/wp-json\/wp\/v2\/media\/60100"}],"wp:attachment":[{"href":"https:\/\/eltrabajo.cl\/portal\/wp-json\/wp\/v2\/media?parent=60099"}],"wp:term":[{"taxonomy":"category","embeddable":true,"href":"https:\/\/eltrabajo.cl\/portal\/wp-json\/wp\/v2\/categories?post=60099"},{"taxonomy":"post_tag","embeddable":true,"href":"https:\/\/eltrabajo.cl\/portal\/wp-json\/wp\/v2\/tags?post=60099"}],"curies":[{"name":"wp","href":"https:\/\/api.w.org\/{rel}","templated":true}]}}