{"id":60113,"date":"2015-07-20T09:28:38","date_gmt":"2015-07-20T12:28:38","guid":{"rendered":"http:\/\/www.eltrabajo.cl\/portal\/?p=60113"},"modified":"2015-07-20T09:28:38","modified_gmt":"2015-07-20T12:28:38","slug":"usuarios-del-psiquiatrico-pintaron-mural-para-bomberos-de-putaendo","status":"publish","type":"post","link":"https:\/\/eltrabajo.cl\/portal\/usuarios-del-psiquiatrico-pintaron-mural-para-bomberos-de-putaendo\/","title":{"rendered":"Usuarios del Psiqui\u00e1trico pintaron mural para Bomberos de Putaendo"},"content":{"rendered":"<figure id=\"attachment_60114\" aria-describedby=\"caption-attachment-60114\" style=\"width: 300px\" class=\"wp-caption alignleft\"><a href=\"https:\/\/i0.wp.com\/www.eltrabajo.cl\/portal\/wp-content\/uploads\/2015\/07\/Inauguracion-Mural-2.jpg\"><img data-recalc-dims=\"1\" loading=\"lazy\" decoding=\"async\" class=\"wp-image-60114 size-medium\" src=\"https:\/\/i0.wp.com\/www.eltrabajo.cl\/portal\/wp-content\/uploads\/2015\/07\/Inauguracion-Mural-2-300x198.jpg?resize=300%2C198\" alt=\"A la inauguraci\u00f3n asisti\u00f3 el alcalde Guillermo Reyes junto al director del Hospital Psiqui\u00e1trico Dr. Philippe Pinel, Dr. Jaime Retamal Garrido.\" width=\"300\" height=\"198\" srcset=\"https:\/\/i0.wp.com\/eltrabajo.cl\/portal\/wp-content\/uploads\/2015\/07\/Inauguracion-Mural-2.jpg?resize=300%2C198&amp;ssl=1 300w, https:\/\/i0.wp.com\/eltrabajo.cl\/portal\/wp-content\/uploads\/2015\/07\/Inauguracion-Mural-2.jpg?resize=200%2C132&amp;ssl=1 200w, https:\/\/i0.wp.com\/eltrabajo.cl\/portal\/wp-content\/uploads\/2015\/07\/Inauguracion-Mural-2.jpg?resize=227%2C150&amp;ssl=1 227w, https:\/\/i0.wp.com\/eltrabajo.cl\/portal\/wp-content\/uploads\/2015\/07\/Inauguracion-Mural-2.jpg?resize=400%2C264&amp;ssl=1 400w, https:\/\/i0.wp.com\/eltrabajo.cl\/portal\/wp-content\/uploads\/2015\/07\/Inauguracion-Mural-2.jpg?w=530&amp;ssl=1 530w\" sizes=\"auto, (max-width: 300px) 100vw, 300px\" \/><\/a><figcaption id=\"caption-attachment-60114\" class=\"wp-caption-text\">A la inauguraci\u00f3n asisti\u00f3 el alcalde Guillermo Reyes junto al director del Hospital Psiqui\u00e1trico Dr. Philippe Pinel, Dr. Jaime Retamal Garrido.<\/figcaption><\/figure>\n<p><strong>PUTAENDO.-<\/strong> Una hermosa obra realizaron los usuarios del Hospital Psiqui\u00e1trico Dr. Philippe Pinel en el frontis del Cuerpo de Bomberos de Putaendo, donde retrataron la abnegada labor de los voluntarios putaendinos y parte de la historia de esta importante instituci\u00f3n comunal.<br \/>\nLa realizaci\u00f3n de este hermoso mural forma parte de las actividades desarrolladas por el Centro Diurno de Rehabilitaci\u00f3n, proyecto financiado por el Servicio Nacional de la Discapacidad y ejecutado por el Hospital Psiqui\u00e1trico Dr. Philippe Pinel.<br \/>\nLa semana pasada, en una emotiva ceremonia encabezada por el Dr. Jaime Retamal Garrido, Director del Hospital Psiqui\u00e1trico Dr. Philippe Pinel y que cont\u00f3 con la presencia del alcalde Guillermo Reyes y el Concejo Municipal de Putaendo, oficiales y voluntarios del Cuerpo de Bomberos de Putaendo funcionarios del Hospital Psiqui\u00e1trico y usuarios del establecimiento, se procedi\u00f3 a inaugurar este mural, fruto del esfuerzo, dedicaci\u00f3n y cari\u00f1o de los usuarios, que plasmaron en esta obra el desarrollo de diversas potencialidades art\u00edsticas que han adquirido.<\/p>\n<figure id=\"attachment_60115\" aria-describedby=\"caption-attachment-60115\" style=\"width: 300px\" class=\"wp-caption alignright\"><a href=\"https:\/\/i0.wp.com\/www.eltrabajo.cl\/portal\/wp-content\/uploads\/2015\/07\/Inauguracion-Mural-1.jpg\"><img data-recalc-dims=\"1\" loading=\"lazy\" decoding=\"async\" class=\"wp-image-60115 size-medium\" src=\"https:\/\/i0.wp.com\/www.eltrabajo.cl\/portal\/wp-content\/uploads\/2015\/07\/Inauguracion-Mural-1-300x198.jpg?resize=300%2C198\" alt=\"Usuarios del Centro Diurno de Rehabilitaci\u00f3n pintaron un mural en el frontis del Cuerpo de Bomberos de Putaendo, que retrata la esforzada labor que realizan los voluntarios.\" width=\"300\" height=\"198\" srcset=\"https:\/\/i0.wp.com\/eltrabajo.cl\/portal\/wp-content\/uploads\/2015\/07\/Inauguracion-Mural-1.jpg?resize=300%2C198&amp;ssl=1 300w, https:\/\/i0.wp.com\/eltrabajo.cl\/portal\/wp-content\/uploads\/2015\/07\/Inauguracion-Mural-1.jpg?resize=200%2C132&amp;ssl=1 200w, https:\/\/i0.wp.com\/eltrabajo.cl\/portal\/wp-content\/uploads\/2015\/07\/Inauguracion-Mural-1.jpg?resize=227%2C150&amp;ssl=1 227w, https:\/\/i0.wp.com\/eltrabajo.cl\/portal\/wp-content\/uploads\/2015\/07\/Inauguracion-Mural-1.jpg?resize=400%2C264&amp;ssl=1 400w, https:\/\/i0.wp.com\/eltrabajo.cl\/portal\/wp-content\/uploads\/2015\/07\/Inauguracion-Mural-1.jpg?w=530&amp;ssl=1 530w\" sizes=\"auto, (max-width: 300px) 100vw, 300px\" \/><\/a><figcaption id=\"caption-attachment-60115\" class=\"wp-caption-text\">Usuarios del Centro Diurno de Rehabilitaci\u00f3n pintaron un mural en el frontis del Cuerpo de Bomberos de Putaendo, que retrata la esforzada labor que realizan los voluntarios.<\/figcaption><\/figure>\n<p>Para el Vicesuperintendente del Cuerpo de Bomberos de Putaendo, C\u00e9sar Olivares, la realizaci\u00f3n de este mural es un paso importante para la integraci\u00f3n de los usuarios del Hospital Psiqui\u00e1trico Dr. Philippe Pinel, e indic\u00f3 que como instituci\u00f3n est\u00e1n y estar\u00e1n siempre dispuestos a colaborar en este tipo de iniciativas \u201cY es algo que hemos ido desarrollando constantemente, por lo que haber podido dar las facilidades para que los usuarios del Hospital Psiqui\u00e1trico nos hayan regalado este hermoso mural es un motivo de orgullo para el Cuerpo de Bomberos de Putaendo\u201d, sostuvo el oficial bomberil.<br \/>\nEn tanto, el Dr. Jaime Retamal Garrido, Director del Hospital Psiqui\u00e1trico Dr. Philippe Pinel, expres\u00f3 que la vinculaci\u00f3n de los usuarios con la comunidad es un \u00e1rea sumamente importante para la instituci\u00f3n y que se ha venido desarrollando con bastante \u00e9nfasis \u201cPrincipalmente porque como instituci\u00f3n queremos que cada vez m\u00e1s nuestros usuarios salgan a la comunidad y se vinculen con nuestro entorno directo, que es la comuna de Putaendo, la cual los ha acogido amablemente brindando espacios de integraci\u00f3n que para nosotros son necesarios e importantes, motivo por el cual queremos seguir proyectando y darle continuidad a espacios tan importantes como el Centro Diurno de Rehabilitaci\u00f3n\u201d, recalc\u00f3 el profesional.<br \/>\nFinalmente, Rafael Gallardo Alvarado, Monitor del Centro Diurno de Rehabilitaci\u00f3n, mostr\u00f3 su alegr\u00eda y orgullo por el trabajo realizado por los usuarios del Hospital \u201cYa que para ellos la integraci\u00f3n es s\u00faper importante, tienen las ganas de realizar muchas cosas y ojala podamos seguir pintando murales y llenar Putaendo de colores, tal como se hizo en el Cuerpo de Bomberos, lo que para nosotros como integrantes del Centro Diurno es una gran felicidad\u201d, concluy\u00f3.<\/p>\n","protected":false},"excerpt":{"rendered":"<p>PUTAENDO.- Una hermosa obra realizaron los usuarios del Hospital Psiqui\u00e1trico Dr. Philippe Pinel en el frontis del Cuerpo de Bomberos de Putaendo, donde retrataron la abnegada labor de los voluntarios putaendinos y&#8230;<\/p>\n","protected":false},"author":482,"featured_media":60114,"comment_status":"open","ping_status":"open","sticky":false,"template":"","format":"standard","meta":{"advanced_seo_description":"","jetpack_seo_html_title":"","jetpack_seo_noindex":false,"_jetpack_memberships_contains_paid_content":false,"footnotes":""},"categories":[15],"tags":[],"class_list":["post-60113","post","type-post","status-publish","format-standard","has-post-thumbnail","hentry","category-comunidad"],"jetpack_featured_media_url":"https:\/\/i0.wp.com\/eltrabajo.cl\/portal\/wp-content\/uploads\/2015\/07\/Inauguracion-Mural-2.jpg?fit=530%2C350&ssl=1","jetpack_sharing_enabled":true,"jetpack_likes_enabled":true,"jetpack-related-posts":[],"_links":{"self":[{"href":"https:\/\/eltrabajo.cl\/portal\/wp-json\/wp\/v2\/posts\/60113","targetHints":{"allow":["GET"]}}],"collection":[{"href":"https:\/\/eltrabajo.cl\/portal\/wp-json\/wp\/v2\/posts"}],"about":[{"href":"https:\/\/eltrabajo.cl\/portal\/wp-json\/wp\/v2\/types\/post"}],"author":[{"embeddable":true,"href":"https:\/\/eltrabajo.cl\/portal\/wp-json\/wp\/v2\/users\/482"}],"replies":[{"embeddable":true,"href":"https:\/\/eltrabajo.cl\/portal\/wp-json\/wp\/v2\/comments?post=60113"}],"version-history":[{"count":0,"href":"https:\/\/eltrabajo.cl\/portal\/wp-json\/wp\/v2\/posts\/60113\/revisions"}],"wp:featuredmedia":[{"embeddable":true,"href":"https:\/\/eltrabajo.cl\/portal\/wp-json\/wp\/v2\/media\/60114"}],"wp:attachment":[{"href":"https:\/\/eltrabajo.cl\/portal\/wp-json\/wp\/v2\/media?parent=60113"}],"wp:term":[{"taxonomy":"category","embeddable":true,"href":"https:\/\/eltrabajo.cl\/portal\/wp-json\/wp\/v2\/categories?post=60113"},{"taxonomy":"post_tag","embeddable":true,"href":"https:\/\/eltrabajo.cl\/portal\/wp-json\/wp\/v2\/tags?post=60113"}],"curies":[{"name":"wp","href":"https:\/\/api.w.org\/{rel}","templated":true}]}}