{"id":60127,"date":"2015-07-20T09:34:25","date_gmt":"2015-07-20T12:34:25","guid":{"rendered":"http:\/\/www.eltrabajo.cl\/portal\/?p=60127"},"modified":"2015-07-20T09:34:25","modified_gmt":"2015-07-20T12:34:25","slug":"esposos-se-ganan-la-vida-produciendo-y-vendiendo-pan-integral","status":"publish","type":"post","link":"https:\/\/eltrabajo.cl\/portal\/esposos-se-ganan-la-vida-produciendo-y-vendiendo-pan-integral\/","title":{"rendered":"Esposos se ganan la vida produciendo y vendiendo pan integral"},"content":{"rendered":"<figure id=\"attachment_60128\" aria-describedby=\"caption-attachment-60128\" style=\"width: 300px\" class=\"wp-caption alignleft\"><a href=\"https:\/\/i0.wp.com\/www.eltrabajo.cl\/portal\/wp-content\/uploads\/2015\/07\/Panaderos11.jpg\"><img data-recalc-dims=\"1\" loading=\"lazy\" decoding=\"async\" class=\"wp-image-60128 size-medium\" src=\"https:\/\/i0.wp.com\/www.eltrabajo.cl\/portal\/wp-content\/uploads\/2015\/07\/Panaderos11-300x198.jpg?resize=300%2C198\" alt=\"PANADEROS DE LUJO.- Ellos son Jos\u00e9 V\u00e1squez Bravo y su esposa Jacqueline Silva, y su proyecto se llama Alimentos Saludables Goveg.\" width=\"300\" height=\"198\" srcset=\"https:\/\/i0.wp.com\/eltrabajo.cl\/portal\/wp-content\/uploads\/2015\/07\/Panaderos11.jpg?resize=300%2C198&amp;ssl=1 300w, https:\/\/i0.wp.com\/eltrabajo.cl\/portal\/wp-content\/uploads\/2015\/07\/Panaderos11.jpg?resize=200%2C132&amp;ssl=1 200w, https:\/\/i0.wp.com\/eltrabajo.cl\/portal\/wp-content\/uploads\/2015\/07\/Panaderos11.jpg?resize=227%2C150&amp;ssl=1 227w, https:\/\/i0.wp.com\/eltrabajo.cl\/portal\/wp-content\/uploads\/2015\/07\/Panaderos11.jpg?resize=400%2C264&amp;ssl=1 400w, https:\/\/i0.wp.com\/eltrabajo.cl\/portal\/wp-content\/uploads\/2015\/07\/Panaderos11.jpg?w=530&amp;ssl=1 530w\" sizes=\"auto, (max-width: 300px) 100vw, 300px\" \/><\/a><figcaption id=\"caption-attachment-60128\" class=\"wp-caption-text\">PANADEROS DE LUJO.- Ellos son Jos\u00e9 V\u00e1squez Bravo y su esposa Jacqueline Silva, y su proyecto se llama Alimentos Saludables Goveg.<\/figcaption><\/figure>\n<p><strong>CATEMU.-<\/strong> Desde hace 25 a\u00f1os ellos se hicieron vegetarianos y desde hace 20 empezaron juntos su propio negocio de panader\u00eda integral en Arall\u00e1n de Catemu, ellos son el panadero pastelero Jos\u00e9 V\u00e1squez Bravo y su esposa Jacqueline Silva, y su proyecto se llama Alimentos Saludables Goveg.<br \/>\n\u00abNosotros s\u00f3lo vendemos en ferias, bioferias y a domicilio, recorremos ciudades como La Ligua, Llay Llay, San Felipe y Quilpu\u00e9. Fabricamos galletas, pasteles, pan de or\u00e9gano y otras clases de pan, trabajamos mucho con frutos secos y avena, todo lo nuestro es integral\u00bb, explic\u00f3 V\u00e1squez a Diario El Trabajo.<\/p>\n<figure id=\"attachment_60129\" aria-describedby=\"caption-attachment-60129\" style=\"width: 300px\" class=\"wp-caption alignright\"><a href=\"https:\/\/i0.wp.com\/www.eltrabajo.cl\/portal\/wp-content\/uploads\/2015\/07\/Pan1.jpg\"><img data-recalc-dims=\"1\" loading=\"lazy\" decoding=\"async\" class=\"wp-image-60129 size-medium\" src=\"https:\/\/i0.wp.com\/www.eltrabajo.cl\/portal\/wp-content\/uploads\/2015\/07\/Pan1-300x198.jpg?resize=300%2C198\" alt=\"SUS DELICIAS.- Estas son algunas de las delicias que esta pareja de cateminos producen para deleitar a sus clientes y as\u00ed ganarse honradamente la vida.\" width=\"300\" height=\"198\" srcset=\"https:\/\/i0.wp.com\/eltrabajo.cl\/portal\/wp-content\/uploads\/2015\/07\/Pan1.jpg?resize=300%2C198&amp;ssl=1 300w, https:\/\/i0.wp.com\/eltrabajo.cl\/portal\/wp-content\/uploads\/2015\/07\/Pan1.jpg?resize=200%2C132&amp;ssl=1 200w, https:\/\/i0.wp.com\/eltrabajo.cl\/portal\/wp-content\/uploads\/2015\/07\/Pan1.jpg?resize=227%2C150&amp;ssl=1 227w, https:\/\/i0.wp.com\/eltrabajo.cl\/portal\/wp-content\/uploads\/2015\/07\/Pan1.jpg?resize=400%2C264&amp;ssl=1 400w, https:\/\/i0.wp.com\/eltrabajo.cl\/portal\/wp-content\/uploads\/2015\/07\/Pan1.jpg?w=530&amp;ssl=1 530w\" sizes=\"auto, (max-width: 300px) 100vw, 300px\" \/><\/a><figcaption id=\"caption-attachment-60129\" class=\"wp-caption-text\">SUS DELICIAS.- Estas son algunas de las delicias que esta pareja de cateminos producen para deleitar a sus clientes y as\u00ed ganarse honradamente la vida.<\/figcaption><\/figure>\n<p>Seg\u00fan este profesional de la masa integral, ellos no usan soya, pues aseguran que \u00e9sta es transg\u00e9nica. Su esposas Jacqueline por su parte, coment\u00f3 que \u00abfue hasta 2014 cuando pudimos comprar alguna m\u00e1quina para poder producir un poquito m\u00e1s, gracias a que ganamos un Fosis por $460.000 del Gobierno Regional. Ese mismo a\u00f1o me distinguieron como Mujer Emblema del Fosis, y recib\u00ed tambi\u00e9n otro poquito de plata para as\u00ed potenciar nuestro proyecto de trabajo, no tenemos local, pues nos sale mejor viajar a las ferias\u00bb, explic\u00f3 esta emprendedora mujer. Los interesados en saborear sus ricos productos en su casa, pueden llamar a estos panaderos de productos integrales y saludables al fono 6581 1784.<br \/>\n<strong>Roberto Gonz\u00e1lez Short<\/strong><br \/>\n<strong>rgonzalez@eltrabajo.cl<\/strong><\/p>\n","protected":false},"excerpt":{"rendered":"<p>CATEMU.- Desde hace 25 a\u00f1os ellos se hicieron vegetarianos y desde hace 20 empezaron juntos su propio negocio de panader\u00eda integral en Arall\u00e1n de Catemu, ellos son el panadero pastelero Jos\u00e9 V\u00e1squez&#8230;<\/p>\n","protected":false},"author":482,"featured_media":60128,"comment_status":"open","ping_status":"open","sticky":false,"template":"","format":"standard","meta":{"advanced_seo_description":"","jetpack_seo_html_title":"","jetpack_seo_noindex":false,"_jetpack_memberships_contains_paid_content":false,"footnotes":""},"categories":[15],"tags":[],"class_list":["post-60127","post","type-post","status-publish","format-standard","has-post-thumbnail","hentry","category-comunidad"],"jetpack_featured_media_url":"https:\/\/i0.wp.com\/eltrabajo.cl\/portal\/wp-content\/uploads\/2015\/07\/Panaderos11.jpg?fit=530%2C350&ssl=1","jetpack_sharing_enabled":true,"jetpack_likes_enabled":true,"jetpack-related-posts":[],"_links":{"self":[{"href":"https:\/\/eltrabajo.cl\/portal\/wp-json\/wp\/v2\/posts\/60127","targetHints":{"allow":["GET"]}}],"collection":[{"href":"https:\/\/eltrabajo.cl\/portal\/wp-json\/wp\/v2\/posts"}],"about":[{"href":"https:\/\/eltrabajo.cl\/portal\/wp-json\/wp\/v2\/types\/post"}],"author":[{"embeddable":true,"href":"https:\/\/eltrabajo.cl\/portal\/wp-json\/wp\/v2\/users\/482"}],"replies":[{"embeddable":true,"href":"https:\/\/eltrabajo.cl\/portal\/wp-json\/wp\/v2\/comments?post=60127"}],"version-history":[{"count":0,"href":"https:\/\/eltrabajo.cl\/portal\/wp-json\/wp\/v2\/posts\/60127\/revisions"}],"wp:featuredmedia":[{"embeddable":true,"href":"https:\/\/eltrabajo.cl\/portal\/wp-json\/wp\/v2\/media\/60128"}],"wp:attachment":[{"href":"https:\/\/eltrabajo.cl\/portal\/wp-json\/wp\/v2\/media?parent=60127"}],"wp:term":[{"taxonomy":"category","embeddable":true,"href":"https:\/\/eltrabajo.cl\/portal\/wp-json\/wp\/v2\/categories?post=60127"},{"taxonomy":"post_tag","embeddable":true,"href":"https:\/\/eltrabajo.cl\/portal\/wp-json\/wp\/v2\/tags?post=60127"}],"curies":[{"name":"wp","href":"https:\/\/api.w.org\/{rel}","templated":true}]}}