{"id":60131,"date":"2015-07-20T09:35:48","date_gmt":"2015-07-20T12:35:48","guid":{"rendered":"http:\/\/www.eltrabajo.cl\/portal\/?p=60131"},"modified":"2015-07-20T09:35:48","modified_gmt":"2015-07-20T12:35:48","slug":"inician-huelga-de-hambre-en-rechazo-de-proyecto-de-carrera-docente","status":"publish","type":"post","link":"https:\/\/eltrabajo.cl\/portal\/inician-huelga-de-hambre-en-rechazo-de-proyecto-de-carrera-docente\/","title":{"rendered":"Inician huelga de hambre en rechazo de Proyecto de Carrera Docente"},"content":{"rendered":"<figure id=\"attachment_60132\" aria-describedby=\"caption-attachment-60132\" style=\"width: 300px\" class=\"wp-caption alignleft\"><a href=\"https:\/\/i0.wp.com\/www.eltrabajo.cl\/portal\/wp-content\/uploads\/2015\/07\/Huelga-1.jpg\"><img data-recalc-dims=\"1\" loading=\"lazy\" decoding=\"async\" class=\"wp-image-60132 size-medium\" src=\"https:\/\/i0.wp.com\/www.eltrabajo.cl\/portal\/wp-content\/uploads\/2015\/07\/Huelga-1-300x197.jpg?resize=300%2C197\" alt=\"Un alumno de la Upla junto a un profesor en Los Andes comenzaron una huelga de hambre para presionar el retiro total del Proyecto de Carrera Profesional Docente.\" width=\"300\" height=\"197\" srcset=\"https:\/\/i0.wp.com\/eltrabajo.cl\/portal\/wp-content\/uploads\/2015\/07\/Huelga-1.jpg?resize=300%2C197&amp;ssl=1 300w, https:\/\/i0.wp.com\/eltrabajo.cl\/portal\/wp-content\/uploads\/2015\/07\/Huelga-1.jpg?resize=200%2C131&amp;ssl=1 200w, https:\/\/i0.wp.com\/eltrabajo.cl\/portal\/wp-content\/uploads\/2015\/07\/Huelga-1.jpg?resize=228%2C150&amp;ssl=1 228w, https:\/\/i0.wp.com\/eltrabajo.cl\/portal\/wp-content\/uploads\/2015\/07\/Huelga-1.jpg?resize=400%2C263&amp;ssl=1 400w, https:\/\/i0.wp.com\/eltrabajo.cl\/portal\/wp-content\/uploads\/2015\/07\/Huelga-1.jpg?w=530&amp;ssl=1 530w\" sizes=\"auto, (max-width: 300px) 100vw, 300px\" \/><\/a><figcaption id=\"caption-attachment-60132\" class=\"wp-caption-text\">Un alumno de la Upla junto a un profesor en Los Andes comenzaron una huelga de hambre para presionar el retiro total del Proyecto de Carrera Profesional Docente.<\/figcaption><\/figure>\n<p>Luego de diversas movilizaciones estudiantiles durante las \u00faltimas semanas, alumnos de la Universidad de Playa Ancha del campus San Felipe decidieron tomarse la totalidad de las dependencias en rechazo al Proyecto de Carrera Docente.<br \/>\nEl movimiento alcanz\u00f3 nuevos ribetes durante la semana pasada, ya que un alumno de pedagog\u00eda y un profesor de Los Andes comenzaron una huelga de hambre.<br \/>\nAs\u00ed lo informaron en un comunicado de prensa los alumnos movilizados del plantel de educaciu\u00f3n superior:<br \/>\n\u00abComo ya ha sido declarado en comunicados anteriores, y obedeciendo a las problem\u00e1ticas internas y externas a la instituci\u00f3n, los estudiantes movilizados el d\u00eda jueves 9 de julio del presente a\u00f1o, han procedido a realizar ocupaci\u00f3n de la totalidad de las dependencias del campus San Felipe de la Universidad de Playa Ancha.<br \/>\n\u00abInternamente, la org\u00e1nica de la movilizaci\u00f3n responde a tres ejes fundamentales, en una primera instancia a la insatisfactoria respuesta del petitorio emanado desde las bases del campus, la que no cumple siquiera con puntos esenciales exigidos en \u00e9ste.<br \/>\n\u00abEn una segunda instancia, pero de no menor importancia, entregamos total apoyo a la situaci\u00f3n puntual de la compa\u00f1era Francia Balboa, quien luego de denunciar las malas pr\u00e1cticas, los constantes abusos de poder y la persecuci\u00f3n por parte de los docentes en su contra, ha procedido a presentar su caso en Contralor\u00eda, proceso legal del cual estamos en espera. Esclarecemos que exigimos su inmediata desvinculaci\u00f3n de la casa de estudios.<br \/>\n\u00abNo enajenados de la situaci\u00f3n nacional relativa al conflicto docente, un estudiante de la Upla San Felipe, en conjunto con un profesor colegiado en Los Andes, han comenzado una huelga de hambre como medida radical para presionar al Estado negligente, que no se ha pronunciado satisfactoriamente de acuerdo a las exigencias m\u00ednimas del profesorado, que consiste en el retiro total del Proyecto de Carrera Profesional Docente, considerando insatisfactoria su modificaci\u00f3n.<br \/>\n\u00abAdem\u00e1s, queremos dejar en claro que existir\u00e1n dos canales de informaci\u00f3n, uno mediante declaraciones p\u00fablicas y otro de car\u00e1cter dial\u00f3gico\u00bb.<br \/>\nFirman estudiantes movilizados Upla San Felipe.<\/p>\n","protected":false},"excerpt":{"rendered":"<p>Luego de diversas movilizaciones estudiantiles durante las \u00faltimas semanas, alumnos de la Universidad de Playa Ancha del campus San Felipe decidieron tomarse la totalidad de las dependencias en rechazo al Proyecto de&#8230;<\/p>\n","protected":false},"author":482,"featured_media":60132,"comment_status":"open","ping_status":"open","sticky":false,"template":"","format":"standard","meta":{"advanced_seo_description":"","jetpack_seo_html_title":"","jetpack_seo_noindex":false,"_jetpack_memberships_contains_paid_content":false,"footnotes":""},"categories":[15],"tags":[],"class_list":["post-60131","post","type-post","status-publish","format-standard","has-post-thumbnail","hentry","category-comunidad"],"jetpack_featured_media_url":"https:\/\/i0.wp.com\/eltrabajo.cl\/portal\/wp-content\/uploads\/2015\/07\/Huelga-1.jpg?fit=530%2C348&ssl=1","jetpack_sharing_enabled":true,"jetpack_likes_enabled":true,"jetpack-related-posts":[],"_links":{"self":[{"href":"https:\/\/eltrabajo.cl\/portal\/wp-json\/wp\/v2\/posts\/60131","targetHints":{"allow":["GET"]}}],"collection":[{"href":"https:\/\/eltrabajo.cl\/portal\/wp-json\/wp\/v2\/posts"}],"about":[{"href":"https:\/\/eltrabajo.cl\/portal\/wp-json\/wp\/v2\/types\/post"}],"author":[{"embeddable":true,"href":"https:\/\/eltrabajo.cl\/portal\/wp-json\/wp\/v2\/users\/482"}],"replies":[{"embeddable":true,"href":"https:\/\/eltrabajo.cl\/portal\/wp-json\/wp\/v2\/comments?post=60131"}],"version-history":[{"count":0,"href":"https:\/\/eltrabajo.cl\/portal\/wp-json\/wp\/v2\/posts\/60131\/revisions"}],"wp:featuredmedia":[{"embeddable":true,"href":"https:\/\/eltrabajo.cl\/portal\/wp-json\/wp\/v2\/media\/60132"}],"wp:attachment":[{"href":"https:\/\/eltrabajo.cl\/portal\/wp-json\/wp\/v2\/media?parent=60131"}],"wp:term":[{"taxonomy":"category","embeddable":true,"href":"https:\/\/eltrabajo.cl\/portal\/wp-json\/wp\/v2\/categories?post=60131"},{"taxonomy":"post_tag","embeddable":true,"href":"https:\/\/eltrabajo.cl\/portal\/wp-json\/wp\/v2\/tags?post=60131"}],"curies":[{"name":"wp","href":"https:\/\/api.w.org\/{rel}","templated":true}]}}