{"id":60144,"date":"2015-07-20T09:45:34","date_gmt":"2015-07-20T12:45:34","guid":{"rendered":"http:\/\/www.eltrabajo.cl\/portal\/?p=60144"},"modified":"2015-07-20T09:45:34","modified_gmt":"2015-07-20T12:45:34","slug":"escritora-azucena-caballero-lucha-por-su-vida-y-no-dejar-de-escribir","status":"publish","type":"post","link":"https:\/\/eltrabajo.cl\/portal\/escritora-azucena-caballero-lucha-por-su-vida-y-no-dejar-de-escribir\/","title":{"rendered":"Escritora Azucena Caballero lucha por su vida y no dejar de escribir"},"content":{"rendered":"<figure id=\"attachment_60145\" aria-describedby=\"caption-attachment-60145\" style=\"width: 300px\" class=\"wp-caption alignleft\"><a href=\"https:\/\/i0.wp.com\/www.eltrabajo.cl\/portal\/wp-content\/uploads\/2015\/07\/azucena-caballero-Hospital1.jpg\"><img data-recalc-dims=\"1\" loading=\"lazy\" decoding=\"async\" class=\"wp-image-60145 size-medium\" src=\"https:\/\/i0.wp.com\/www.eltrabajo.cl\/portal\/wp-content\/uploads\/2015\/07\/azucena-caballero-Hospital1-300x198.jpg?resize=300%2C198\" alt=\"EN PIE DE LUCHA.- Con una actitud positiva y sin perder el buen \u00e1nimo, Azucena Caballero habl\u00f3 con Diario El Trabajo para compartir con nuestros lectores una corta rese\u00f1a sobre su vida y trayectoria.\" width=\"300\" height=\"198\" srcset=\"https:\/\/i0.wp.com\/eltrabajo.cl\/portal\/wp-content\/uploads\/2015\/07\/azucena-caballero-Hospital1.jpg?resize=300%2C198&amp;ssl=1 300w, https:\/\/i0.wp.com\/eltrabajo.cl\/portal\/wp-content\/uploads\/2015\/07\/azucena-caballero-Hospital1.jpg?resize=200%2C132&amp;ssl=1 200w, https:\/\/i0.wp.com\/eltrabajo.cl\/portal\/wp-content\/uploads\/2015\/07\/azucena-caballero-Hospital1.jpg?resize=227%2C150&amp;ssl=1 227w, https:\/\/i0.wp.com\/eltrabajo.cl\/portal\/wp-content\/uploads\/2015\/07\/azucena-caballero-Hospital1.jpg?resize=400%2C264&amp;ssl=1 400w, https:\/\/i0.wp.com\/eltrabajo.cl\/portal\/wp-content\/uploads\/2015\/07\/azucena-caballero-Hospital1.jpg?w=530&amp;ssl=1 530w\" sizes=\"auto, (max-width: 300px) 100vw, 300px\" \/><\/a><figcaption id=\"caption-attachment-60145\" class=\"wp-caption-text\">EN PIE DE LUCHA.- Con una actitud positiva y sin perder el buen \u00e1nimo, Azucena Caballero habl\u00f3 con Diario El Trabajo para compartir con nuestros lectores una corta rese\u00f1a sobre su vida y trayectoria.<\/figcaption><\/figure>\n<p>Hoy en esta rese\u00f1a especial que en Diario El Trabajo compartimos con nuestros lectores, presentamos a una \u2018Hija de San Felipe\u2019 muy conocida y amante de las letras y de sus colegas escritores de la V Regi\u00f3n. Hablamos de la poetisa sanfelipe\u00f1a Azucena Caballero Herrera, presidenta de la Filial San Felipe de la Sociedad de Escritores de Chile y columnista de nuestro medio, quien durante los \u00faltimos cuatro a\u00f1os ha desarrollado su columna \u2018Aplausos\u2019, y quien tambi\u00e9n se encuentra desde hace varias semanas en calidad de paciente en Cirug\u00eda de mujeres del Hospital San Camilo, luchando contra una grave enfermedad.<br \/>\nEs por sus aportes a la cultura de nuestra comuna en materia cultural y literaria, as\u00ed como en agradecimiento a sus infaltables columnas de los martes, que este domingo le visitamos para entrevistarla.<\/p>\n<p><strong>SUS PUBLICACIONES<\/strong><br \/>\nAzucena Caballero ha incursionado en los siguientes trabajos, los m\u00e1s renombrados: Inconclusos Itinerarios, Separata de El Correo de la Poes\u00eda 1987, Valpara\u00edso; Tr\u00edptico Homenajes a Poetas, de El Gorri\u00f3n de Am\u00e9rica (1987), Guatemala; Equ\u00edvoco silencio, 1994, Santiago de Chile; Las \u00c1nforas del Tiempo, 1997, Concepci\u00f3n; Clepsidra, Antolog\u00eda de Poetas, San Felipe 1997; La Conspiraci\u00f3n de las estatuas,1998, San Felipe; En el Sol Equivocado, 2001,Concepci\u00f3n; Cuando el morir no es s\u00f3lo una palabra, edici\u00f3n del Frente de Afirmaci\u00f3n Hispanista, M\u00e9xico, Cap\u00edtulo Valpara\u00edso, Chile 2003; Cuentos de Amor y Naturaleza 2006, Santiago de Chile co-autor\u00eda con el Profesor Zenobio Saldivia Maldonado; Los Cardenales de la Memoria, junio 2010, Valpara\u00edso; Dos Orillas y un Sue\u00f1o, 2011 Oleaje l\u00edrico de diez poetas hispanoamericanos, Santiago de Chile; Figuras de Aconcagua, antolog\u00eda Sech San Felipe 2012; Alfareras de la Cultura, Antolog\u00eda de la Agrupaci\u00f3n Literaria Regional, 2013 y Eslabones de palabras, antolog\u00eda de Agrupaci\u00f3n Literaria Regional, 2014.<\/p>\n<p><strong>SUS LOGROS<\/strong><br \/>\n<strong>&#8211; \u00bfD\u00f3nde naciste y c\u00f3mo se constituye su familia?<\/strong><br \/>\n<strong>&#8211;<\/strong> Yo nac\u00ed en San Felipe, soy hija de Manuel Caballero Silva e Idilia Herrera Aspe\u00e9, tuve ocho hijos con mi primer esposo Alberto Montenegro (1956-1999): Marcos Alberto, Mar\u00eda Gisella, Ximena Evelina, Leticia del Pilar, Cristian Manuel, Rub\u00e9n Dar\u00edo, Claudia Lucinda y Mauricio Emilio, todos ellos vivos a\u00fan. En 2011 contraje matrimonio con mi actual esposo, el periodista costarricense Roberto Gonz\u00e1lez Short.<br \/>\n<strong>&#8211; \u00bfCu\u00e1ndo te incorporaste a trabajar con la municipalidad sanfelipe\u00f1a?<\/strong><br \/>\n<strong>&#8211;<\/strong> Ingres\u00e9 a laborar al Municipio el 1 de septiembre de 1982 hasta 1986, como encargada de la Casa Municipal de la Cultura.<br \/>\n<strong>&#8211; \u00bfQu\u00e9 proyectos importantes desarrollaste en su gesti\u00f3n?<\/strong><br \/>\n<strong>&#8211;<\/strong> Pude desarrollar, junto a otras personas, m\u00faltiples proyectos culturales muy bien recibidos por el San Felipe de aquellos a\u00f1os, en donde acad\u00e9micos de la Universidad de Chile dictaron importantes conferencias, profesionales del calibre de Olga Lolas y Hugo Montes. Recuerdo que organizamos importantes exposiciones de pintura; creamos la Escuela de Ballet Cl\u00e1sico, dirigida por M\u00f3nica Lederman.<br \/>\n<strong>&#8211; \u00bfC\u00f3mo te consolidas en el mundo literario y cultural?<\/strong><br \/>\n<strong>&#8211;<\/strong> Luego me correspondi\u00f3 trabajar en la Galer\u00eda de Arte San Felipe El Real de 1986 a 1994 (actual teatro municipal), ah\u00ed expon\u00edan pintores como Jabal Sen, Carlos Ruiz Zald\u00edvar y Pedro Aranda entre otros. Tambi\u00e9n permanec\u00ed desde 1994 como Conservadora de la Biblioteca Fundaci\u00f3n Hermanos Arabena Williams, hasta que me acog\u00ed al Retiro voluntario en 2007.<br \/>\n<strong>&#8211; \u00bfCon cu\u00e1les grupos y proyectos participaste directamente?<\/strong><br \/>\n<strong>&#8211;<\/strong> En la d\u00e9cada de 1990 fund\u00e9 el Taller de creaci\u00f3n literaria Letras 94; Grupo Clepsidra; Grupo Daguerrotipo y la misma Sech San Felipe, que la fundamos con Carlos Ruiz, Marcos L\u00f3pez, Carlos Montero, Zenobio Saldivia, Julio Merino y Alejandro Barahona entre otros conocidos escritores aconcag\u00fcinos.<br \/>\n<strong>&#8211; \u00bfTe cost\u00f3 adaptarte al mundo digital despu\u00e9s del a\u00f1o 2000?<\/strong><br \/>\n<strong>&#8211;<\/strong> Al principio fue algo que nos sorprendi\u00f3 creo que a todos. Sin embargo y con algo de timidez, pude acoplarme al mundo digital que nos amanec\u00eda, aprend\u00ed a trabajar en blogs y redes sociales, hasta que lanc\u00e9 hace varios a\u00f1os mi propia p\u00e1gina, www.azucenac aballero.net, desde donde hemos realizado encuentros con decenas de otros escritores de Hispanoam\u00e9rica, as\u00ed me incorpor\u00e9 a otros proyectos externos a Chile por Internet.<br \/>\nEs muy dif\u00edcil, casi imposible, poder mencionar todos los proyectos en los que esta escritora sanfelipe\u00f1a ha incursionado, pues su gesti\u00f3n en el mundo de las letras aconcag\u00fcinas, as\u00ed como en algunos pa\u00edses que visit\u00f3, es muy grande y con eco en muchas partes de nuestro pa\u00eds. Por sus letras; por sus libros y por los escritores a quienes formaste para el deleito de quienes les leen, muchas gracias Azucena.<\/p>\n<div class=\"tiled-gallery type-rectangular tiled-gallery-unresized\" data-original-width=\"640\" data-carousel-extra='null' itemscope itemtype=\"http:\/\/schema.org\/ImageGallery\" > <div class=\"gallery-row\" style=\"width: 640px; height: 213px;\" data-original-width=\"640\" data-original-height=\"213\" > <div class=\"gallery-group images-1\" style=\"width: 320px; height: 213px;\" data-original-width=\"320\" data-original-height=\"213\" > <div class=\"tiled-gallery-item tiled-gallery-item-large\" itemprop=\"associatedMedia\" itemscope itemtype=\"http:\/\/schema.org\/ImageObject\"> <a href=\"https:\/\/eltrabajo.cl\/portal\/escritora-azucena-caballero-lucha-por-su-vida-y-no-dejar-de-escribir\/azucena-caballero-exitos1\/\" border=\"0\" itemprop=\"url\"> <meta itemprop=\"width\" content=\"316\"> <meta itemprop=\"height\" content=\"209\"> <img decoding=\"async\" class=\"\" data-attachment-id=\"60146\" data-orig-file=\"https:\/\/eltrabajo.cl\/portal\/wp-content\/uploads\/2015\/07\/azucena-caballero-Exitos1.jpg\" data-orig-size=\"530,350\" data-comments-opened=\"1\" data-image-meta=\"{&quot;aperture&quot;:&quot;0&quot;,&quot;credit&quot;:&quot;&quot;,&quot;camera&quot;:&quot;&quot;,&quot;caption&quot;:&quot;&quot;,&quot;created_timestamp&quot;:&quot;0&quot;,&quot;copyright&quot;:&quot;&quot;,&quot;focal_length&quot;:&quot;0&quot;,&quot;iso&quot;:&quot;0&quot;,&quot;shutter_speed&quot;:&quot;0&quot;,&quot;title&quot;:&quot;&quot;,&quot;orientation&quot;:&quot;0&quot;}\" data-image-title=\"azucena caballero Exitos1\" data-image-description=\"&lt;p&gt;MUJER EXITOSA.- El Municipio reconoci\u00f3 la amplia trayectoria de esta literata, aconsejando que sus trabajos literarios fueran de inter\u00e9s educativo y cultural en todo nuestro valle, le acompa\u00f1a en ese momento, su hijo Mauricio Montenegro.&lt;\/p&gt; \" data-medium-file=\"https:\/\/i0.wp.com\/eltrabajo.cl\/portal\/wp-content\/uploads\/2015\/07\/azucena-caballero-Exitos1.jpg?fit=300%2C198&#038;ssl=1\" data-large-file=\"https:\/\/i0.wp.com\/eltrabajo.cl\/portal\/wp-content\/uploads\/2015\/07\/azucena-caballero-Exitos1.jpg?fit=530%2C350&#038;ssl=1\" src=\"https:\/\/i0.wp.com\/eltrabajo.cl\/portal\/wp-content\/uploads\/2015\/07\/azucena-caballero-Exitos1.jpg?w=316&#038;h=209&#038;ssl=1\" srcset=\"https:\/\/i0.wp.com\/eltrabajo.cl\/portal\/wp-content\/uploads\/2015\/07\/azucena-caballero-Exitos1.jpg?w=530&amp;ssl=1 530w, https:\/\/i0.wp.com\/eltrabajo.cl\/portal\/wp-content\/uploads\/2015\/07\/azucena-caballero-Exitos1.jpg?resize=200%2C132&amp;ssl=1 200w, https:\/\/i0.wp.com\/eltrabajo.cl\/portal\/wp-content\/uploads\/2015\/07\/azucena-caballero-Exitos1.jpg?resize=300%2C198&amp;ssl=1 300w, https:\/\/i0.wp.com\/eltrabajo.cl\/portal\/wp-content\/uploads\/2015\/07\/azucena-caballero-Exitos1.jpg?resize=227%2C150&amp;ssl=1 227w, https:\/\/i0.wp.com\/eltrabajo.cl\/portal\/wp-content\/uploads\/2015\/07\/azucena-caballero-Exitos1.jpg?resize=400%2C264&amp;ssl=1 400w\" width=\"316\" height=\"209\" loading=\"lazy\" data-original-width=\"316\" data-original-height=\"209\" itemprop=\"http:\/\/schema.org\/image\" title=\"azucena caballero Exitos1\" alt=\"MUJER EXITOSA.- El Municipio reconoci\u00f3 la amplia trayectoria de esta literata, aconsejando que sus trabajos literarios fueran de inter\u00e9s educativo y cultural en todo nuestro valle, le acompa\u00f1a en ese momento, su hijo Mauricio Montenegro.\" style=\"width: 316px; height: 209px;\" \/> <\/a> <div class=\"tiled-gallery-caption\" itemprop=\"caption description\"> MUJER EXITOSA.- El Municipio reconoci\u00f3 la amplia trayectoria de esta literata, aconsejando que sus trabajos literarios fueran de inter\u00e9s educativo y cultural en todo nuestro valle, le acompa\u00f1a en ese momento, su hijo Mauricio Montenegro. <\/div> <\/div> <\/div> <!-- close group --> <div class=\"gallery-group images-1\" style=\"width: 320px; height: 213px;\" data-original-width=\"320\" data-original-height=\"213\" > <div class=\"tiled-gallery-item tiled-gallery-item-large\" itemprop=\"associatedMedia\" itemscope itemtype=\"http:\/\/schema.org\/ImageObject\"> <a href=\"https:\/\/eltrabajo.cl\/portal\/escritora-azucena-caballero-lucha-por-su-vida-y-no-dejar-de-escribir\/sech1\/\" border=\"0\" itemprop=\"url\"> <meta itemprop=\"width\" content=\"316\"> <meta itemprop=\"height\" content=\"209\"> <img decoding=\"async\" class=\"\" data-attachment-id=\"60147\" data-orig-file=\"https:\/\/eltrabajo.cl\/portal\/wp-content\/uploads\/2015\/07\/Sech1.jpg\" data-orig-size=\"530,350\" data-comments-opened=\"1\" data-image-meta=\"{&quot;aperture&quot;:&quot;0&quot;,&quot;credit&quot;:&quot;&quot;,&quot;camera&quot;:&quot;&quot;,&quot;caption&quot;:&quot;&quot;,&quot;created_timestamp&quot;:&quot;0&quot;,&quot;copyright&quot;:&quot;&quot;,&quot;focal_length&quot;:&quot;0&quot;,&quot;iso&quot;:&quot;0&quot;,&quot;shutter_speed&quot;:&quot;0&quot;,&quot;title&quot;:&quot;&quot;,&quot;orientation&quot;:&quot;0&quot;}\" data-image-title=\"Sech1\" data-image-description=\"&lt;p&gt;LA SECH SAN FELIPE.- Ellos son parte de los escritores de la Sech San Felipe, quienes al lado de Azucena le han acompa\u00f1ado en esta apasionante aventura de escribir y publicar libros.&lt;\/p&gt; \" data-medium-file=\"https:\/\/i0.wp.com\/eltrabajo.cl\/portal\/wp-content\/uploads\/2015\/07\/Sech1.jpg?fit=300%2C198&#038;ssl=1\" data-large-file=\"https:\/\/i0.wp.com\/eltrabajo.cl\/portal\/wp-content\/uploads\/2015\/07\/Sech1.jpg?fit=530%2C350&#038;ssl=1\" src=\"https:\/\/i0.wp.com\/eltrabajo.cl\/portal\/wp-content\/uploads\/2015\/07\/Sech1.jpg?w=316&#038;h=209&#038;ssl=1\" srcset=\"https:\/\/i0.wp.com\/eltrabajo.cl\/portal\/wp-content\/uploads\/2015\/07\/Sech1.jpg?w=530&amp;ssl=1 530w, https:\/\/i0.wp.com\/eltrabajo.cl\/portal\/wp-content\/uploads\/2015\/07\/Sech1.jpg?resize=200%2C132&amp;ssl=1 200w, https:\/\/i0.wp.com\/eltrabajo.cl\/portal\/wp-content\/uploads\/2015\/07\/Sech1.jpg?resize=300%2C198&amp;ssl=1 300w, https:\/\/i0.wp.com\/eltrabajo.cl\/portal\/wp-content\/uploads\/2015\/07\/Sech1.jpg?resize=227%2C150&amp;ssl=1 227w, https:\/\/i0.wp.com\/eltrabajo.cl\/portal\/wp-content\/uploads\/2015\/07\/Sech1.jpg?resize=400%2C264&amp;ssl=1 400w\" width=\"316\" height=\"209\" loading=\"lazy\" data-original-width=\"316\" data-original-height=\"209\" itemprop=\"http:\/\/schema.org\/image\" title=\"Sech1\" alt=\"LA SECH SAN FELIPE.- Ellos son parte de los escritores de la Sech San Felipe, quienes al lado de Azucena le han acompa\u00f1ado en esta apasionante aventura de escribir y publicar libros.\" style=\"width: 316px; height: 209px;\" \/> <\/a> <div class=\"tiled-gallery-caption\" itemprop=\"caption description\"> LA SECH SAN FELIPE.- Ellos son parte de los escritores de la Sech San Felipe, quienes al lado de Azucena le han acompa\u00f1ado en esta apasionante aventura de escribir y publicar libros. <\/div> <\/div> <\/div> <!-- close group --> <\/div> <!-- close row --> <\/div>\n","protected":false},"excerpt":{"rendered":"<p>Hoy en esta rese\u00f1a especial que en Diario El Trabajo compartimos con nuestros lectores, presentamos a una \u2018Hija de San Felipe\u2019 muy conocida y amante de las letras y de sus colegas&#8230;<\/p>\n","protected":false},"author":482,"featured_media":60145,"comment_status":"open","ping_status":"open","sticky":false,"template":"","format":"standard","meta":{"advanced_seo_description":"","jetpack_seo_html_title":"","jetpack_seo_noindex":false,"_jetpack_memberships_contains_paid_content":false,"footnotes":""},"categories":[15],"tags":[],"class_list":["post-60144","post","type-post","status-publish","format-standard","has-post-thumbnail","hentry","category-comunidad"],"jetpack_featured_media_url":"https:\/\/i0.wp.com\/eltrabajo.cl\/portal\/wp-content\/uploads\/2015\/07\/azucena-caballero-Hospital1.jpg?fit=530%2C350&ssl=1","jetpack_sharing_enabled":true,"jetpack_likes_enabled":true,"jetpack-related-posts":[],"_links":{"self":[{"href":"https:\/\/eltrabajo.cl\/portal\/wp-json\/wp\/v2\/posts\/60144","targetHints":{"allow":["GET"]}}],"collection":[{"href":"https:\/\/eltrabajo.cl\/portal\/wp-json\/wp\/v2\/posts"}],"about":[{"href":"https:\/\/eltrabajo.cl\/portal\/wp-json\/wp\/v2\/types\/post"}],"author":[{"embeddable":true,"href":"https:\/\/eltrabajo.cl\/portal\/wp-json\/wp\/v2\/users\/482"}],"replies":[{"embeddable":true,"href":"https:\/\/eltrabajo.cl\/portal\/wp-json\/wp\/v2\/comments?post=60144"}],"version-history":[{"count":0,"href":"https:\/\/eltrabajo.cl\/portal\/wp-json\/wp\/v2\/posts\/60144\/revisions"}],"wp:featuredmedia":[{"embeddable":true,"href":"https:\/\/eltrabajo.cl\/portal\/wp-json\/wp\/v2\/media\/60145"}],"wp:attachment":[{"href":"https:\/\/eltrabajo.cl\/portal\/wp-json\/wp\/v2\/media?parent=60144"}],"wp:term":[{"taxonomy":"category","embeddable":true,"href":"https:\/\/eltrabajo.cl\/portal\/wp-json\/wp\/v2\/categories?post=60144"},{"taxonomy":"post_tag","embeddable":true,"href":"https:\/\/eltrabajo.cl\/portal\/wp-json\/wp\/v2\/tags?post=60144"}],"curies":[{"name":"wp","href":"https:\/\/api.w.org\/{rel}","templated":true}]}}