{"id":60149,"date":"2015-07-20T09:47:06","date_gmt":"2015-07-20T12:47:06","guid":{"rendered":"http:\/\/www.eltrabajo.cl\/portal\/?p=60149"},"modified":"2015-07-20T09:47:06","modified_gmt":"2015-07-20T12:47:06","slug":"entraron-a-robar-licor-a-pub-recien-inaugurado-y-uno-se-quedo-dormido","status":"publish","type":"post","link":"https:\/\/eltrabajo.cl\/portal\/entraron-a-robar-licor-a-pub-recien-inaugurado-y-uno-se-quedo-dormido\/","title":{"rendered":"Entraron a robar licor a pub reci\u00e9n inaugurado y uno se qued\u00f3 dormido"},"content":{"rendered":"<figure id=\"attachment_60150\" aria-describedby=\"caption-attachment-60150\" style=\"width: 300px\" class=\"wp-caption alignleft\"><a href=\"https:\/\/i0.wp.com\/www.eltrabajo.cl\/portal\/wp-content\/uploads\/2015\/07\/IMPUTADO-PUB.jpg\"><img data-recalc-dims=\"1\" loading=\"lazy\" decoding=\"async\" class=\"wp-image-60150 size-medium\" src=\"https:\/\/i0.wp.com\/www.eltrabajo.cl\/portal\/wp-content\/uploads\/2015\/07\/IMPUTADO-PUB-300x197.jpg?resize=300%2C197\" alt=\"El detenido fue capturado en estado de ebriedad al interior de un pub que minutos antes hab\u00eda sido inaugurado, las c\u00e1maras de seguridad indicar\u00edan que junto a otros dos sujetos m\u00e1s ingresaron a robar licores en horas de la madrugada del pasado viernes.\" width=\"300\" height=\"197\" srcset=\"https:\/\/i0.wp.com\/eltrabajo.cl\/portal\/wp-content\/uploads\/2015\/07\/IMPUTADO-PUB.jpg?resize=300%2C197&amp;ssl=1 300w, https:\/\/i0.wp.com\/eltrabajo.cl\/portal\/wp-content\/uploads\/2015\/07\/IMPUTADO-PUB.jpg?resize=200%2C131&amp;ssl=1 200w, https:\/\/i0.wp.com\/eltrabajo.cl\/portal\/wp-content\/uploads\/2015\/07\/IMPUTADO-PUB.jpg?resize=228%2C150&amp;ssl=1 228w, https:\/\/i0.wp.com\/eltrabajo.cl\/portal\/wp-content\/uploads\/2015\/07\/IMPUTADO-PUB.jpg?resize=400%2C263&amp;ssl=1 400w, https:\/\/i0.wp.com\/eltrabajo.cl\/portal\/wp-content\/uploads\/2015\/07\/IMPUTADO-PUB.jpg?w=530&amp;ssl=1 530w\" sizes=\"auto, (max-width: 300px) 100vw, 300px\" \/><\/a><figcaption id=\"caption-attachment-60150\" class=\"wp-caption-text\">El detenido fue capturado en estado de ebriedad al interior de un pub que minutos antes hab\u00eda sido inaugurado, las c\u00e1maras de seguridad indicar\u00edan que junto a otros dos sujetos m\u00e1s ingresaron a robar licores en horas de la madrugada del pasado viernes.<\/figcaption><\/figure>\n<p>Una persona result\u00f3 detenida luego de un procedimiento realizado por Carabineros a eso de las 05:20 de la madrugada del viernes, producto de la activaci\u00f3n de la alarma de seguridad que alert\u00f3 la presencia de tres sujetos que robaron algunas botellas de licor cuando irrumpieron en el interior del pub \u2018La Taberna del Pirata\u2019 que se encontraba cerrado y que curiosamente minutos antes hab\u00eda celebrado su inauguraci\u00f3n en el sector Almendral de San Felipe.<br \/>\nLos hechos quedaron al descubierto cuando el propietario, luego de haber cerrado todo el local nocturno, recibi\u00f3 un llamado de alerta de la alarma de seguridad, en donde tres desconocidos irrumpieron a trav\u00e9s de un muro realizando un forado para acceder y disponerse a continuar bebiendo en el lugar, quedando el registro audiovisual de las c\u00e1maras instaladas en el recinto.<br \/>\nEl afectado de inmediato requiri\u00f3 la presencia de Carabineros, quienes concurrieron hasta el lugar e ingresaron a revisar las dependencias, encontrando a un sujeto que estaba durmiendo. El individuo se encontraba en estado de ebriedad por lo cual fue detenido.<br \/>\nLos efectivos policiales, al revisar las grabaciones de las c\u00e1maras, se evidenci\u00f3 que los otros dos sujetos escaparon con algunas botellas de alcohol, sin que se registraran p\u00e9rdidas de dinero en efectivo.<br \/>\nLa Comisario de Carabineros de San Felipe, Mayor Maureen Espinoza, sostuvo que durante la detenci\u00f3n del sujeto se produjo un altercado debido al estado et\u00edlico en que se encontraba, debiendo ser conducido hasta la unidad policial.<br \/>\n\u201cPersonal de Carabineros se constituye en el lugar y efect\u00faan una revisi\u00f3n de las dependencias junto con el propietario, encontrando al individuo en el interior que fue detenido por el delito de robo en lugar no habitado. \u00c9l no tiene antecedentes policiales ni detenciones y se encontraba en manifiesto estado de ebriedad, situaci\u00f3n que evidentemente origin\u00f3 un altercado hacia el personal policial\u201d.<br \/>\nEl imputado fue identificado como Crist\u00f3bal A. M. de 21 a\u00f1os de edad, siendo sometido a control de detenci\u00f3n en el Juzgado de Garant\u00eda de San Felipe, quedando requerido por la Fiscal\u00eda en una pr\u00f3xima audiencia para resolver el caso.<br \/>\n<strong>Pablo Salinas Sald\u00edas<\/strong><\/p>\n","protected":false},"excerpt":{"rendered":"<p>Una persona result\u00f3 detenida luego de un procedimiento realizado por Carabineros a eso de las 05:20 de la madrugada del viernes, producto de la activaci\u00f3n de la alarma de seguridad que alert\u00f3&#8230;<\/p>\n","protected":false},"author":482,"featured_media":60150,"comment_status":"open","ping_status":"open","sticky":false,"template":"","format":"standard","meta":{"advanced_seo_description":"","jetpack_seo_html_title":"","jetpack_seo_noindex":false,"_jetpack_memberships_contains_paid_content":false,"footnotes":""},"categories":[21],"tags":[],"class_list":["post-60149","post","type-post","status-publish","format-standard","has-post-thumbnail","hentry","category-policial"],"jetpack_featured_media_url":"https:\/\/i0.wp.com\/eltrabajo.cl\/portal\/wp-content\/uploads\/2015\/07\/IMPUTADO-PUB.jpg?fit=530%2C348&ssl=1","jetpack_sharing_enabled":true,"jetpack_likes_enabled":true,"jetpack-related-posts":[],"_links":{"self":[{"href":"https:\/\/eltrabajo.cl\/portal\/wp-json\/wp\/v2\/posts\/60149","targetHints":{"allow":["GET"]}}],"collection":[{"href":"https:\/\/eltrabajo.cl\/portal\/wp-json\/wp\/v2\/posts"}],"about":[{"href":"https:\/\/eltrabajo.cl\/portal\/wp-json\/wp\/v2\/types\/post"}],"author":[{"embeddable":true,"href":"https:\/\/eltrabajo.cl\/portal\/wp-json\/wp\/v2\/users\/482"}],"replies":[{"embeddable":true,"href":"https:\/\/eltrabajo.cl\/portal\/wp-json\/wp\/v2\/comments?post=60149"}],"version-history":[{"count":0,"href":"https:\/\/eltrabajo.cl\/portal\/wp-json\/wp\/v2\/posts\/60149\/revisions"}],"wp:featuredmedia":[{"embeddable":true,"href":"https:\/\/eltrabajo.cl\/portal\/wp-json\/wp\/v2\/media\/60150"}],"wp:attachment":[{"href":"https:\/\/eltrabajo.cl\/portal\/wp-json\/wp\/v2\/media?parent=60149"}],"wp:term":[{"taxonomy":"category","embeddable":true,"href":"https:\/\/eltrabajo.cl\/portal\/wp-json\/wp\/v2\/categories?post=60149"},{"taxonomy":"post_tag","embeddable":true,"href":"https:\/\/eltrabajo.cl\/portal\/wp-json\/wp\/v2\/tags?post=60149"}],"curies":[{"name":"wp","href":"https:\/\/api.w.org\/{rel}","templated":true}]}}