{"id":60157,"date":"2015-07-21T09:14:29","date_gmt":"2015-07-21T12:14:29","guid":{"rendered":"http:\/\/www.eltrabajo.cl\/portal\/?p=60157"},"modified":"2015-07-21T09:14:29","modified_gmt":"2015-07-21T12:14:29","slug":"putaendo-sigue-creciendo-con-aprobacion-de-fondos-para-restaurar-historica-capilla-de-lo-vicuna","status":"publish","type":"post","link":"https:\/\/eltrabajo.cl\/portal\/putaendo-sigue-creciendo-con-aprobacion-de-fondos-para-restaurar-historica-capilla-de-lo-vicuna\/","title":{"rendered":"Putaendo sigue creciendo con aprobaci\u00f3n de fondos para restaurar hist\u00f3rica Capilla de Lo Vicu\u00f1a"},"content":{"rendered":"<figure id=\"attachment_60158\" aria-describedby=\"caption-attachment-60158\" style=\"width: 300px\" class=\"wp-caption alignleft\"><a href=\"https:\/\/i0.wp.com\/www.eltrabajo.cl\/portal\/wp-content\/uploads\/2015\/07\/Capilla-Lo-Vicuna.jpg\"><img data-recalc-dims=\"1\" loading=\"lazy\" decoding=\"async\" class=\"wp-image-60158 size-medium\" src=\"https:\/\/i0.wp.com\/www.eltrabajo.cl\/portal\/wp-content\/uploads\/2015\/07\/Capilla-Lo-Vicuna-300x199.jpg?resize=300%2C199\" alt=\"Con el terremoto del 2010 la Capilla de Lo Vicu\u00f1a qued\u00f3 con serios da\u00f1os y hoy, gracias a fondos otorgados por el Consejo Regional, podr\u00e1 ser restaurada (Foto de Jorge Menares).\" width=\"300\" height=\"199\" srcset=\"https:\/\/i0.wp.com\/eltrabajo.cl\/portal\/wp-content\/uploads\/2015\/07\/Capilla-Lo-Vicuna.jpg?resize=300%2C199&amp;ssl=1 300w, https:\/\/i0.wp.com\/eltrabajo.cl\/portal\/wp-content\/uploads\/2015\/07\/Capilla-Lo-Vicuna.jpg?resize=200%2C133&amp;ssl=1 200w, https:\/\/i0.wp.com\/eltrabajo.cl\/portal\/wp-content\/uploads\/2015\/07\/Capilla-Lo-Vicuna.jpg?resize=226%2C150&amp;ssl=1 226w, https:\/\/i0.wp.com\/eltrabajo.cl\/portal\/wp-content\/uploads\/2015\/07\/Capilla-Lo-Vicuna.jpg?resize=400%2C265&amp;ssl=1 400w, https:\/\/i0.wp.com\/eltrabajo.cl\/portal\/wp-content\/uploads\/2015\/07\/Capilla-Lo-Vicuna.jpg?w=528&amp;ssl=1 528w\" sizes=\"auto, (max-width: 300px) 100vw, 300px\" \/><\/a><figcaption id=\"caption-attachment-60158\" class=\"wp-caption-text\">Con el terremoto del 2010 la Capilla de Lo Vicu\u00f1a qued\u00f3 con serios da\u00f1os y hoy, gracias a fondos otorgados por el Consejo Regional, podr\u00e1 ser restaurada (Foto de Jorge Menares).<\/figcaption><\/figure>\n<ul>\n<li><strong>M\u00e1s de 900 millones de pesos fueron aprobados por el Consejo Regional para reconstruir y recordar parte de la antigua vida rural de la comuna.<\/strong><\/li>\n<\/ul>\n<p><strong>PUTAENDO.<\/strong>&#8211; Fue con el terremoto del a\u00f1o 2010 cuando la Capilla de Lo Vicu\u00f1a, declarada Monumento Hist\u00f3rico Nacional dos a\u00f1os antes, qued\u00f3 con serios da\u00f1os. El municipio de Putaendo, encabezado por el alcalde Guillermo Reyes, no escatim\u00f3 esfuerzos para que dicho lugar volviera a tener la importancia patrimonial que merece.<br \/>\nPor lo tanto, la satisfacci\u00f3n del edil putaendino es evidente luego que el Consejo Regional aprobara 916 millones de pesos para las obras de reconstrucci\u00f3n del patrimonial recinto. No s\u00f3lo se trata de un anhelo de los vecinos, sino de la importancia por preservar las ra\u00edces comunales, puesto que la obra es la cara visible de la ruralidad del pa\u00eds.<br \/>\n\u201cEst\u00e1 instalada en un sector que tiene mucha relevancia, que se vincula y relaciona con la vida en las haciendas. Es una forma de convivir entre el patr\u00f3n del fundo y los peones que trabajaban para ser hacendados. Eso corresponde a un periodo de la historia de chile que termin\u00f3 con la Reforma Agraria. En ese contexto, se erige esta Capilla de la hacienda que se va a recuperar y convertir\u00e1 en un sitio de atracci\u00f3n tur\u00edstica y un sitio de contemplaci\u00f3n a la vida hacendada\u201d, destac\u00f3 el alcalde Reyes.<br \/>\nEn este sentido, el proyecto vendr\u00e1 a recuperar parte de la historia de Putaendo. Seg\u00fan datos oficiales, la Hacienda de Lo Vicu\u00f1a comenz\u00f3 su funcionamiento a fines del siglo XVIII. En 1856 comenzar\u00eda la construcci\u00f3n de la Capilla siendo una pieza clave de la cotidianeidad de dicho sector.<br \/>\nEl municipio pretende que los vecinos vuelvan a tener vida activa con la obra, \u201cFundamentalmente lo que queremos es que sea una capilla no tan museo, sino donde se puedan celebrar bautizos, casamientos, misas. Para eso tendr\u00e1 como principal protagonistas a los vecinos y a la comunidad cat\u00f3lica de ese sector. Ellos van a tener un rol primordial en el uso, mantenci\u00f3n y de darle vida a esta obra que se va a ejecutar. El compromiso del municipio es que se hagan bien las obras, pero que tambi\u00e9n exista un comit\u00e9 de gesti\u00f3n importante. Nosotros como municipio seremos parte de ese comit\u00e9 de gesti\u00f3n\u201d, emplaz\u00f3 el alcalde.<\/p>\n<p><strong>CAPITAL PATRIMONIAL DE ACONCAGUA<\/strong><br \/>\nLa millonaria inversi\u00f3n en proyectos por mejorar y potenciar las tradiciones de Putaendo corresponde a un compromiso responsable de la actual administraci\u00f3n. El slogan de \u2018Capital Patrimonial de Aconcagua\u2019, se transforma en una obligaci\u00f3n primordial por el bien de los habitantes de la comuna.<br \/>\nEs as\u00ed como han surgido varios avances en infraestructura: \u201cLa \u00fanica forma conocida es poner en valor los sitios hist\u00f3ricos, como lo que pas\u00f3 cuando mejoramos el sector del Combate de Las Coimas, lo que hicimos ahora con la Capilla de Vicu\u00f1a y lo que pasar\u00e1 posteriormente en el sector de Casablanca, porque tambi\u00e9n vamos a poner en valor ese lugar, para que sea parecido a las obras que se hicieron en los terrenos del Combate de Las Coimas. Queremos comprar el terreno y ya hemos tenido conversaciones con la propietaria\u201d, resume Reyes.<br \/>\nEn el mismo \u00e1mbito, hace algunas semanas comenzaron las obras para hermosear el sector del Monolito de El T\u00e1rtaro; pronto empezar\u00e1n las mejoras en la Plaza de Armas; existe la intenci\u00f3n de mejorar un segundo tramo de calle Comercio; los Corrales del Chalaco est\u00e1n en pleno estudio para convertirse en Monumento Nacional, entre otras iniciativas.<\/p>\n","protected":false},"excerpt":{"rendered":"<p>M\u00e1s de 900 millones de pesos fueron aprobados por el Consejo Regional para reconstruir y recordar parte de la antigua vida rural de la comuna. PUTAENDO.&#8211; Fue con el terremoto del a\u00f1o&#8230;<\/p>\n","protected":false},"author":482,"featured_media":60158,"comment_status":"open","ping_status":"open","sticky":false,"template":"","format":"standard","meta":{"advanced_seo_description":"","jetpack_seo_html_title":"","jetpack_seo_noindex":false,"_jetpack_memberships_contains_paid_content":false,"footnotes":""},"categories":[15],"tags":[],"class_list":["post-60157","post","type-post","status-publish","format-standard","has-post-thumbnail","hentry","category-comunidad"],"jetpack_featured_media_url":"https:\/\/i0.wp.com\/eltrabajo.cl\/portal\/wp-content\/uploads\/2015\/07\/Capilla-Lo-Vicuna.jpg?fit=528%2C350&ssl=1","jetpack_sharing_enabled":true,"jetpack_likes_enabled":true,"jetpack-related-posts":[],"_links":{"self":[{"href":"https:\/\/eltrabajo.cl\/portal\/wp-json\/wp\/v2\/posts\/60157","targetHints":{"allow":["GET"]}}],"collection":[{"href":"https:\/\/eltrabajo.cl\/portal\/wp-json\/wp\/v2\/posts"}],"about":[{"href":"https:\/\/eltrabajo.cl\/portal\/wp-json\/wp\/v2\/types\/post"}],"author":[{"embeddable":true,"href":"https:\/\/eltrabajo.cl\/portal\/wp-json\/wp\/v2\/users\/482"}],"replies":[{"embeddable":true,"href":"https:\/\/eltrabajo.cl\/portal\/wp-json\/wp\/v2\/comments?post=60157"}],"version-history":[{"count":0,"href":"https:\/\/eltrabajo.cl\/portal\/wp-json\/wp\/v2\/posts\/60157\/revisions"}],"wp:featuredmedia":[{"embeddable":true,"href":"https:\/\/eltrabajo.cl\/portal\/wp-json\/wp\/v2\/media\/60158"}],"wp:attachment":[{"href":"https:\/\/eltrabajo.cl\/portal\/wp-json\/wp\/v2\/media?parent=60157"}],"wp:term":[{"taxonomy":"category","embeddable":true,"href":"https:\/\/eltrabajo.cl\/portal\/wp-json\/wp\/v2\/categories?post=60157"},{"taxonomy":"post_tag","embeddable":true,"href":"https:\/\/eltrabajo.cl\/portal\/wp-json\/wp\/v2\/tags?post=60157"}],"curies":[{"name":"wp","href":"https:\/\/api.w.org\/{rel}","templated":true}]}}