{"id":60160,"date":"2015-07-21T09:15:55","date_gmt":"2015-07-21T12:15:55","guid":{"rendered":"http:\/\/www.eltrabajo.cl\/portal\/?p=60160"},"modified":"2015-07-21T09:15:55","modified_gmt":"2015-07-21T12:15:55","slug":"dictan-capacitaciones-para-postular-proyectos-al-fondo-nacional-de-seguridad-publica","status":"publish","type":"post","link":"https:\/\/eltrabajo.cl\/portal\/dictan-capacitaciones-para-postular-proyectos-al-fondo-nacional-de-seguridad-publica\/","title":{"rendered":"Dictan capacitaciones para postular proyectos al Fondo Nacional de Seguridad P\u00fablica"},"content":{"rendered":"<figure id=\"attachment_60161\" aria-describedby=\"caption-attachment-60161\" style=\"width: 300px\" class=\"wp-caption alignleft\"><a href=\"https:\/\/i0.wp.com\/www.eltrabajo.cl\/portal\/wp-content\/uploads\/2015\/07\/GOBERNADORA-DIR.-REGIONAL-SENDA.jpg\"><img data-recalc-dims=\"1\" loading=\"lazy\" decoding=\"async\" class=\"wp-image-60161 size-medium\" src=\"https:\/\/i0.wp.com\/www.eltrabajo.cl\/portal\/wp-content\/uploads\/2015\/07\/GOBERNADORA-DIR.-REGIONAL-SENDA-300x199.jpg?resize=300%2C199\" alt=\"La gobernadora de Los Andes, Mar\u00eda Victoria Rodr\u00edguez y la directora Regional de Senda, Claudia Berr\u00edos.\" width=\"300\" height=\"199\" srcset=\"https:\/\/i0.wp.com\/eltrabajo.cl\/portal\/wp-content\/uploads\/2015\/07\/GOBERNADORA-DIR.-REGIONAL-SENDA.jpg?resize=300%2C199&amp;ssl=1 300w, https:\/\/i0.wp.com\/eltrabajo.cl\/portal\/wp-content\/uploads\/2015\/07\/GOBERNADORA-DIR.-REGIONAL-SENDA.jpg?resize=200%2C133&amp;ssl=1 200w, https:\/\/i0.wp.com\/eltrabajo.cl\/portal\/wp-content\/uploads\/2015\/07\/GOBERNADORA-DIR.-REGIONAL-SENDA.jpg?resize=226%2C150&amp;ssl=1 226w, https:\/\/i0.wp.com\/eltrabajo.cl\/portal\/wp-content\/uploads\/2015\/07\/GOBERNADORA-DIR.-REGIONAL-SENDA.jpg?resize=400%2C265&amp;ssl=1 400w, https:\/\/i0.wp.com\/eltrabajo.cl\/portal\/wp-content\/uploads\/2015\/07\/GOBERNADORA-DIR.-REGIONAL-SENDA.jpg?w=528&amp;ssl=1 528w\" sizes=\"auto, (max-width: 300px) 100vw, 300px\" \/><\/a><figcaption id=\"caption-attachment-60161\" class=\"wp-caption-text\">La gobernadora de Los Andes, Mar\u00eda Victoria Rodr\u00edguez y la directora Regional de Senda, Claudia Berr\u00edos.<\/figcaption><\/figure>\n<p><strong>LOS ANDES.<\/strong>&#8211; La Gobernadora Provincial de Los Andes, Mar\u00eda Victoria Rodr\u00edguez, llam\u00f3 a los municipios, organizaciones comunitarias, corporaciones y universidades a participar en la capacitaci\u00f3n doble que dictar\u00e1 la Subsecretaria de Prevenci\u00f3n del Delito y Senda el pr\u00f3ximo d\u00eda mi\u00e9rcoles 22 de julio a las 15:30 horas, en el Sal\u00f3n del segundo piso de la Gobernaci\u00f3n Provincial.<br \/>\nEl Fondo Nacional de Seguridad P\u00fablica es un fondo concursable que asigna recursos mediante convocatorias anuales a nivel nacional, para financiar iniciativas que apunten a reducir la victimizaci\u00f3n y la percepci\u00f3n de temor.<br \/>\nLos proyectos que financia Fondo Nacional de Seguridad P\u00fablica (FNSP) buscan contribuir a la reducci\u00f3n del delito y la victimizaci\u00f3n, adem\u00e1s son una buena forma de ayudar a la seguridad de los vecinos y vecinas de la regi\u00f3n mejorando las condiciones de sus sectores y barrios.<br \/>\nEl Fondo Nacional de Seguridad P\u00fablica financiar\u00e1 para el a\u00f1o 2015 iniciativas locales e innovadoras, que busquen dar respuesta a las demandas de la poblaci\u00f3n en el \u00e1mbito de la seguridad.<br \/>\nEste concurso busca incentivar la participaci\u00f3n de municipios y organizaciones de la sociedad civil en el dise\u00f1o y ejecuci\u00f3n de proyectos de seguridad p\u00fablica, reconociendo las particularidades de cada territorio e incorporando respuestas locales adaptadas.<br \/>\nSe podr\u00e1n presentar proyectos para iniciativas de intervenci\u00f3n en prevenci\u00f3n social, reinserci\u00f3n, asistencia a v\u00edctimas, estudios de seguridad p\u00fablica, instalaci\u00f3n de c\u00e1maras de vigilancia, mejoramiento del alumbrado p\u00fablico, recuperaci\u00f3n de espacios p\u00fablicos, entre otros.<br \/>\nLos montos a los cuales podr\u00e1n acceder las organizaciones comunitarias ser\u00e1n de hasta $15.000.000 y en el caso de municipalidades, universidades, y corporaciones sin fines de lucro, ser\u00e1 de hasta $40.000.000.<br \/>\nEl inicio de las postulaciones ser\u00e1 a partir de este 20 de julio y se podr\u00e1n realizar a trav\u00e9s de la p\u00e1gina www.fnsp.cl<br \/>\n<strong>FONDOS CONCURSABLES\u00a0SENDA 2015<\/strong><br \/>\nPor su parte, el Servicio Nacional para la Prevenci\u00f3n y Rehabilitaci\u00f3n del Consumo de Drogas y Alcohol, Senda, convoca a las entidades p\u00fablicas y privadas sin fines de lucro a presentar sus iniciativas al Fondo Concursables Senda a\u00f1o 2015.Para ello quedan a disposici\u00f3n de los interesados las Bases Administrativas y T\u00e9cnicas, el Formato formulario de postulaci\u00f3n y las Declaraciones juradas solicitadas, para su descarga, impresi\u00f3n y llenado en la web www.senda.gob.cl\/fondos-concursables-2015, y dispondr\u00e1n de un profesional de la Direcci\u00f3n Regional de Senda que responder\u00e1 las dudas de los asistentes para postular a este fondo.<br \/>\nLas \u00e1reas tem\u00e1ticas de los programas son: Fortalecimiento de redes preventivas, Formaci\u00f3n de Agentes comunitarios, Fortalecimiento de factores protectores y disminuci\u00f3n de factores de riesgo.<\/p>\n","protected":false},"excerpt":{"rendered":"<p>LOS ANDES.&#8211; La Gobernadora Provincial de Los Andes, Mar\u00eda Victoria Rodr\u00edguez, llam\u00f3 a los municipios, organizaciones comunitarias, corporaciones y universidades a participar en la capacitaci\u00f3n doble que dictar\u00e1 la Subsecretaria de Prevenci\u00f3n&#8230;<\/p>\n","protected":false},"author":482,"featured_media":60161,"comment_status":"open","ping_status":"open","sticky":false,"template":"","format":"standard","meta":{"advanced_seo_description":"","jetpack_seo_html_title":"","jetpack_seo_noindex":false,"_jetpack_memberships_contains_paid_content":false,"footnotes":""},"categories":[15],"tags":[],"class_list":["post-60160","post","type-post","status-publish","format-standard","has-post-thumbnail","hentry","category-comunidad"],"jetpack_featured_media_url":"https:\/\/i0.wp.com\/eltrabajo.cl\/portal\/wp-content\/uploads\/2015\/07\/GOBERNADORA-DIR.-REGIONAL-SENDA.jpg?fit=528%2C350&ssl=1","jetpack_sharing_enabled":true,"jetpack_likes_enabled":true,"jetpack-related-posts":[],"_links":{"self":[{"href":"https:\/\/eltrabajo.cl\/portal\/wp-json\/wp\/v2\/posts\/60160","targetHints":{"allow":["GET"]}}],"collection":[{"href":"https:\/\/eltrabajo.cl\/portal\/wp-json\/wp\/v2\/posts"}],"about":[{"href":"https:\/\/eltrabajo.cl\/portal\/wp-json\/wp\/v2\/types\/post"}],"author":[{"embeddable":true,"href":"https:\/\/eltrabajo.cl\/portal\/wp-json\/wp\/v2\/users\/482"}],"replies":[{"embeddable":true,"href":"https:\/\/eltrabajo.cl\/portal\/wp-json\/wp\/v2\/comments?post=60160"}],"version-history":[{"count":0,"href":"https:\/\/eltrabajo.cl\/portal\/wp-json\/wp\/v2\/posts\/60160\/revisions"}],"wp:featuredmedia":[{"embeddable":true,"href":"https:\/\/eltrabajo.cl\/portal\/wp-json\/wp\/v2\/media\/60161"}],"wp:attachment":[{"href":"https:\/\/eltrabajo.cl\/portal\/wp-json\/wp\/v2\/media?parent=60160"}],"wp:term":[{"taxonomy":"category","embeddable":true,"href":"https:\/\/eltrabajo.cl\/portal\/wp-json\/wp\/v2\/categories?post=60160"},{"taxonomy":"post_tag","embeddable":true,"href":"https:\/\/eltrabajo.cl\/portal\/wp-json\/wp\/v2\/tags?post=60160"}],"curies":[{"name":"wp","href":"https:\/\/api.w.org\/{rel}","templated":true}]}}