{"id":60188,"date":"2015-07-21T09:29:34","date_gmt":"2015-07-21T12:29:34","guid":{"rendered":"http:\/\/www.eltrabajo.cl\/portal\/?p=60188"},"modified":"2015-07-21T09:29:34","modified_gmt":"2015-07-21T12:29:34","slug":"mineros-en-pie-de-guerra-no-bajan-la-guardia-y-continuan-en-huelga-indefinida","status":"publish","type":"post","link":"https:\/\/eltrabajo.cl\/portal\/mineros-en-pie-de-guerra-no-bajan-la-guardia-y-continuan-en-huelga-indefinida\/","title":{"rendered":"Mineros en pie de guerra no bajan la guardia y contin\u00faan en huelga indefinida"},"content":{"rendered":"<figure id=\"attachment_60189\" aria-describedby=\"caption-attachment-60189\" style=\"width: 300px\" class=\"wp-caption alignleft\"><a href=\"https:\/\/i0.wp.com\/www.eltrabajo.cl\/portal\/wp-content\/uploads\/2015\/07\/MINEROS-PROTESTA.jpg\"><img data-recalc-dims=\"1\" loading=\"lazy\" decoding=\"async\" class=\"wp-image-60189 size-medium\" src=\"https:\/\/i0.wp.com\/www.eltrabajo.cl\/portal\/wp-content\/uploads\/2015\/07\/MINEROS-PROTESTA-300x198.jpg?resize=300%2C198\" alt=\"Los trabajadores se mantienen firme en sus peticiones ante la empresa minera Amalia en la comuna de Catemu, bloqueando los caminos rurales que conducen al yacimiento hace ya una semana.\" width=\"300\" height=\"198\" srcset=\"https:\/\/i0.wp.com\/eltrabajo.cl\/portal\/wp-content\/uploads\/2015\/07\/MINEROS-PROTESTA.jpg?resize=300%2C198&amp;ssl=1 300w, https:\/\/i0.wp.com\/eltrabajo.cl\/portal\/wp-content\/uploads\/2015\/07\/MINEROS-PROTESTA.jpg?resize=200%2C132&amp;ssl=1 200w, https:\/\/i0.wp.com\/eltrabajo.cl\/portal\/wp-content\/uploads\/2015\/07\/MINEROS-PROTESTA.jpg?resize=227%2C150&amp;ssl=1 227w, https:\/\/i0.wp.com\/eltrabajo.cl\/portal\/wp-content\/uploads\/2015\/07\/MINEROS-PROTESTA.jpg?resize=400%2C264&amp;ssl=1 400w, https:\/\/i0.wp.com\/eltrabajo.cl\/portal\/wp-content\/uploads\/2015\/07\/MINEROS-PROTESTA.jpg?w=530&amp;ssl=1 530w\" sizes=\"auto, (max-width: 300px) 100vw, 300px\" \/><\/a><figcaption id=\"caption-attachment-60189\" class=\"wp-caption-text\">Los trabajadores se mantienen firme en sus peticiones ante la empresa minera Amalia en la comuna de Catemu, bloqueando los caminos rurales que conducen al yacimiento hace ya una semana.<\/figcaption><\/figure>\n<ul>\n<li><strong>Se cumpli\u00f3 una semana desde que se inici\u00f3 la huelga indefinida por parte de los trabajadores de la minera Amalia en\u00a0Catemu, y a\u00fan no hay di\u00e1logo para el cese de las manifestaciones que han realizado los funcionarios, bloqueando los caminos rurales que conducen al yacimiento.<\/strong><\/li>\n<\/ul>\n<p>Tras cumplirse ocho d\u00edas en huelga, que hasta ahora se mantendr\u00e1 de manera indefinida, cerca de 160 trabajadores a\u00fan conservan firmes sus peticiones ante la minera Amalia ubicada en el sector Santa Rosa de la comuna de Catemu, bloqueando los accesos que conducen al yacimiento en protesta por el no cumplimiento del petitorio en la negociaci\u00f3n colectiva con la empresa.<br \/>\nAl mediod\u00eda de ayer lunes, los dirigentes del Sindicato de Trabajadores de esta empresa sostuvieron una reuni\u00f3n con las autoridades en el edificio de la Gobernaci\u00f3n de San Felipe, para esclarecer las peticiones que los llevaron a cesar sus funciones, exponiendo sus puntos de vista como trabajadores ante la Serem\u00eda de Miner\u00eda, Vialidad, Carabineros y el Gobernador Subrogante.<br \/>\nEn este sentido, el Presidente del Sindicato de Trabajadores mineros, Richard Mu\u00f1oz, insisti\u00f3 que la negociaci\u00f3n colectiva se centr\u00f3 en el petitorio, el cual busca un aumento de sueldo del 12%, gratificaci\u00f3n por el art\u00edculo 50, t\u00e9rmino de negociaci\u00f3n por dos millones de pesos por cada trabajador, nivelaci\u00f3n de sueldos y pago de los d\u00edas en huelga.<br \/>\nMu\u00f1oz enfatiz\u00f3 que esta reuni\u00f3n con las autoridades fue clara y directa para entender su posici\u00f3n frente a la paralizaci\u00f3n de sus funciones que han motivado la huelga que se efect\u00faa en t\u00e9rminos legales: \u201cLa \u00fanica forma que culmine la toma es sent\u00e1ndonos a dialogar con la empresa, no hay otra opci\u00f3n. El motivo inicial es que no llegamos acuerdo para establecer un art\u00edculo para pagar la gratificaci\u00f3n legal. Si bien es cierto hoy d\u00eda tenemos la posibilidad de mejorar la empresa no ha dado \u00e1pice de conversar con nosotros, pero la toma del camino concluye cuando ellos nos digan sent\u00e9monos a conversar, estamos dispuestos a dialogar\u201d, expres\u00f3 el dirigente.<br \/>\nAgreg\u00f3 que esta paralizaci\u00f3n afecta a m\u00e1s de 700 familias \u201cporque adem\u00e1s tenemos contratistas trabajando dentro de la empresa que est\u00e1n hoy paralizados por las mismas medidas de presi\u00f3n de la empresa, por lo cual se han acercado a apoyarnos a nosotros. Al tratarse de una empresa privada ellos no pueden hacer mucho, pero si cada cual se compromete, hacen las gestiones que les corresponde, vamos a andar bien. La idea de esta reuni\u00f3n era aclarar que nosotros no vamos a desocupar el camino, que no interviniera la fuerza p\u00fablica y que esta huelga continuar\u00e1 hasta las \u00faltimas consecuencias\u201d, subray\u00f3 Mu\u00f1oz.<br \/>\nAl cumplirse una semana desde el inicio de esta huelga que fue aprobada con un 83%, los trabajadores mantienen bloqueados los accesos rurales a la minera de Los Rulos, adem\u00e1s de Los Corrales y Cerrillos. Sin embargo, la empresa ha movilizado en helic\u00f3ptero a los trabajadores no adheridos a la huelga para el desempe\u00f1o de sus faenas.<br \/>\nHasta el momento no se han registrado mayores disturbios ni personas detenidas por parte de Carabineros, sin embargo la empresa estar\u00eda requiriendo el despeje de las rutas por parte de la polic\u00eda uniformada que podr\u00eda actuar en las pr\u00f3ximas horas.<br \/>\n<strong>Pablo Salinas Sald\u00edas<\/strong><\/p>\n","protected":false},"excerpt":{"rendered":"<p>Se cumpli\u00f3 una semana desde que se inici\u00f3 la huelga indefinida por parte de los trabajadores de la minera Amalia en\u00a0Catemu, y a\u00fan no hay di\u00e1logo para el cese de las manifestaciones&#8230;<\/p>\n","protected":false},"author":482,"featured_media":60189,"comment_status":"open","ping_status":"open","sticky":false,"template":"","format":"standard","meta":{"advanced_seo_description":"","jetpack_seo_html_title":"","jetpack_seo_noindex":false,"_jetpack_memberships_contains_paid_content":false,"footnotes":""},"categories":[15],"tags":[],"class_list":["post-60188","post","type-post","status-publish","format-standard","has-post-thumbnail","hentry","category-comunidad"],"jetpack_featured_media_url":"https:\/\/i0.wp.com\/eltrabajo.cl\/portal\/wp-content\/uploads\/2015\/07\/MINEROS-PROTESTA.jpg?fit=530%2C350&ssl=1","jetpack_sharing_enabled":true,"jetpack_likes_enabled":true,"jetpack-related-posts":[],"_links":{"self":[{"href":"https:\/\/eltrabajo.cl\/portal\/wp-json\/wp\/v2\/posts\/60188","targetHints":{"allow":["GET"]}}],"collection":[{"href":"https:\/\/eltrabajo.cl\/portal\/wp-json\/wp\/v2\/posts"}],"about":[{"href":"https:\/\/eltrabajo.cl\/portal\/wp-json\/wp\/v2\/types\/post"}],"author":[{"embeddable":true,"href":"https:\/\/eltrabajo.cl\/portal\/wp-json\/wp\/v2\/users\/482"}],"replies":[{"embeddable":true,"href":"https:\/\/eltrabajo.cl\/portal\/wp-json\/wp\/v2\/comments?post=60188"}],"version-history":[{"count":0,"href":"https:\/\/eltrabajo.cl\/portal\/wp-json\/wp\/v2\/posts\/60188\/revisions"}],"wp:featuredmedia":[{"embeddable":true,"href":"https:\/\/eltrabajo.cl\/portal\/wp-json\/wp\/v2\/media\/60189"}],"wp:attachment":[{"href":"https:\/\/eltrabajo.cl\/portal\/wp-json\/wp\/v2\/media?parent=60188"}],"wp:term":[{"taxonomy":"category","embeddable":true,"href":"https:\/\/eltrabajo.cl\/portal\/wp-json\/wp\/v2\/categories?post=60188"},{"taxonomy":"post_tag","embeddable":true,"href":"https:\/\/eltrabajo.cl\/portal\/wp-json\/wp\/v2\/tags?post=60188"}],"curies":[{"name":"wp","href":"https:\/\/api.w.org\/{rel}","templated":true}]}}