{"id":60197,"date":"2015-07-22T09:31:46","date_gmt":"2015-07-22T12:31:46","guid":{"rendered":"http:\/\/www.eltrabajo.cl\/portal\/?p=60197"},"modified":"2015-07-22T09:31:46","modified_gmt":"2015-07-22T12:31:46","slug":"ensenan-nuevas-tecnologias-en-3d-para-artesanos","status":"publish","type":"post","link":"https:\/\/eltrabajo.cl\/portal\/ensenan-nuevas-tecnologias-en-3d-para-artesanos\/","title":{"rendered":"Ense\u00f1an nuevas tecnolog\u00edas en 3D para artesanos"},"content":{"rendered":"<figure id=\"attachment_60198\" aria-describedby=\"caption-attachment-60198\" style=\"width: 300px\" class=\"wp-caption alignleft\"><a href=\"https:\/\/i0.wp.com\/www.eltrabajo.cl\/portal\/wp-content\/uploads\/2015\/07\/Impresora3D.jpg\"><img data-recalc-dims=\"1\" loading=\"lazy\" decoding=\"async\" class=\"wp-image-60198 size-medium\" src=\"https:\/\/i0.wp.com\/www.eltrabajo.cl\/portal\/wp-content\/uploads\/2015\/07\/Impresora3D-300x198.jpg?resize=300%2C198\" alt=\"El router CNC es tambi\u00e9n una forma de fabricaci\u00f3n digital de partes y piezas en tres dimensiones a partir de un dise\u00f1o en el computador.\" width=\"300\" height=\"198\" srcset=\"https:\/\/i0.wp.com\/eltrabajo.cl\/portal\/wp-content\/uploads\/2015\/07\/Impresora3D.jpg?resize=300%2C198&amp;ssl=1 300w, https:\/\/i0.wp.com\/eltrabajo.cl\/portal\/wp-content\/uploads\/2015\/07\/Impresora3D.jpg?resize=200%2C132&amp;ssl=1 200w, https:\/\/i0.wp.com\/eltrabajo.cl\/portal\/wp-content\/uploads\/2015\/07\/Impresora3D.jpg?resize=227%2C150&amp;ssl=1 227w, https:\/\/i0.wp.com\/eltrabajo.cl\/portal\/wp-content\/uploads\/2015\/07\/Impresora3D.jpg?resize=400%2C264&amp;ssl=1 400w, https:\/\/i0.wp.com\/eltrabajo.cl\/portal\/wp-content\/uploads\/2015\/07\/Impresora3D.jpg?w=530&amp;ssl=1 530w\" sizes=\"auto, (max-width: 300px) 100vw, 300px\" \/><\/a><figcaption id=\"caption-attachment-60198\" class=\"wp-caption-text\">El router CNC es tambi\u00e9n una forma de fabricaci\u00f3n digital de partes y piezas en tres dimensiones a partir de un dise\u00f1o en el computador.<\/figcaption><\/figure>\n<p>Este martes lleg\u00f3 a nuestra comuna la presentaci\u00f3n del Aconcagua Fablab, proyecto FIC-R 2014-2015, otorgado por el Gobierno Regional. Se trata de un taller al que asistieron varios artesanos del Valle de Aconcagua, quienes recibieron la explicaci\u00f3n de un grupo de profesionales de la carrera de Dise\u00f1o Industrial de la Pontificia Universidad Cat\u00f3lica de Valpara\u00edso.<br \/>\nLa iniciativa fue impulsada en conjunto por Laboratorio de Fabricaci\u00f3n Digital de la Escuela de Arquitectura y Dise\u00f1o PUCV y la Oficina de Investigaci\u00f3n y Estudios Avanzados de la Facultad de Arquitectura y Urbanismo.<br \/>\n\u00abEl proyecto consiste en un laboratorio m\u00f3vil de fabricaci\u00f3n digital que se est\u00e1 trasladando por doce comunas de la Regi\u00f3n de Valpara\u00edso, con el objetivo de realizar capacitaciones y talleres a las micro y peque\u00f1as empresas vinculadas a las industrias creativas, tales como arquitectura, dise\u00f1o, artesan\u00eda y oficios tradicionales. A su vez, el Aconcagua Fablab busca dar a conocer estas nuevas tecnolog\u00edas a los habitantes de San Felipe\u00bb, explic\u00f3 a Diario El Trabajo la coordinadora general del proyecto, Danisa Peric.<br \/>\nLa idea es que una vez que los artesanos sepan c\u00f3mo funcionan las impresoras en 3D, eventualmente puedan comprar estas m\u00e1quinas, mismas que tienen un valor entre $200.000 y $2 millones aproximadamente. Con ellas podr\u00e1n trabajar en pl\u00e1stico y otros materiales.<\/p>\n<div class=\"tiled-gallery type-rectangular tiled-gallery-unresized\" data-original-width=\"640\" data-carousel-extra='null' itemscope itemtype=\"http:\/\/schema.org\/ImageGallery\" > <div class=\"gallery-row\" style=\"width: 640px; height: 283px;\" data-original-width=\"640\" data-original-height=\"283\" > <div class=\"gallery-group images-1\" style=\"width: 428px; height: 283px;\" data-original-width=\"428\" data-original-height=\"283\" > <div class=\"tiled-gallery-item tiled-gallery-item-large\" itemprop=\"associatedMedia\" itemscope itemtype=\"http:\/\/schema.org\/ImageObject\"> <a href=\"https:\/\/eltrabajo.cl\/portal\/ensenan-nuevas-tecnologias-en-3d-para-artesanos\/cursos1-4\/\" border=\"0\" itemprop=\"url\"> <meta itemprop=\"width\" content=\"424\"> <meta itemprop=\"height\" content=\"279\"> <img decoding=\"async\" class=\"\" data-attachment-id=\"60200\" data-orig-file=\"https:\/\/eltrabajo.cl\/portal\/wp-content\/uploads\/2015\/07\/Cursos1.jpg\" data-orig-size=\"530,348\" data-comments-opened=\"1\" data-image-meta=\"{&quot;aperture&quot;:&quot;0&quot;,&quot;credit&quot;:&quot;&quot;,&quot;camera&quot;:&quot;&quot;,&quot;caption&quot;:&quot;&quot;,&quot;created_timestamp&quot;:&quot;0&quot;,&quot;copyright&quot;:&quot;&quot;,&quot;focal_length&quot;:&quot;0&quot;,&quot;iso&quot;:&quot;0&quot;,&quot;shutter_speed&quot;:&quot;0&quot;,&quot;title&quot;:&quot;&quot;,&quot;orientation&quot;:&quot;0&quot;}\" data-image-title=\"Cursos1\" data-image-description=\"&lt;p&gt;MUY INTERESADOS.- Los profesionales explicaron a los artesanos c\u00f3mo funcionar\u00e1 esta nueva tecnolog\u00eda para ellos.&lt;\/p&gt; \" data-medium-file=\"https:\/\/i0.wp.com\/eltrabajo.cl\/portal\/wp-content\/uploads\/2015\/07\/Cursos1.jpg?fit=300%2C197&#038;ssl=1\" data-large-file=\"https:\/\/i0.wp.com\/eltrabajo.cl\/portal\/wp-content\/uploads\/2015\/07\/Cursos1.jpg?fit=530%2C348&#038;ssl=1\" src=\"https:\/\/i0.wp.com\/eltrabajo.cl\/portal\/wp-content\/uploads\/2015\/07\/Cursos1.jpg?w=424&#038;h=279&#038;ssl=1\" srcset=\"https:\/\/i0.wp.com\/eltrabajo.cl\/portal\/wp-content\/uploads\/2015\/07\/Cursos1.jpg?w=530&amp;ssl=1 530w, https:\/\/i0.wp.com\/eltrabajo.cl\/portal\/wp-content\/uploads\/2015\/07\/Cursos1.jpg?resize=200%2C131&amp;ssl=1 200w, https:\/\/i0.wp.com\/eltrabajo.cl\/portal\/wp-content\/uploads\/2015\/07\/Cursos1.jpg?resize=300%2C197&amp;ssl=1 300w, https:\/\/i0.wp.com\/eltrabajo.cl\/portal\/wp-content\/uploads\/2015\/07\/Cursos1.jpg?resize=228%2C150&amp;ssl=1 228w, https:\/\/i0.wp.com\/eltrabajo.cl\/portal\/wp-content\/uploads\/2015\/07\/Cursos1.jpg?resize=400%2C263&amp;ssl=1 400w\" width=\"424\" height=\"279\" loading=\"lazy\" data-original-width=\"424\" data-original-height=\"279\" itemprop=\"http:\/\/schema.org\/image\" title=\"Cursos1\" alt=\"MUY INTERESADOS.- Los profesionales explicaron a los artesanos c\u00f3mo funcionar\u00e1 esta nueva tecnolog\u00eda para ellos.\" style=\"width: 424px; height: 279px;\" \/> <\/a> <div class=\"tiled-gallery-caption\" itemprop=\"caption description\"> MUY INTERESADOS.- Los profesionales explicaron a los artesanos c\u00f3mo funcionar\u00e1 esta nueva tecnolog\u00eda para ellos. <\/div> <\/div> <\/div> <!-- close group --> <div class=\"gallery-group images-2\" style=\"width: 212px; height: 283px;\" data-original-width=\"212\" data-original-height=\"283\" > <div class=\"tiled-gallery-item tiled-gallery-item-small\" itemprop=\"associatedMedia\" itemscope itemtype=\"http:\/\/schema.org\/ImageObject\"> <a href=\"https:\/\/eltrabajo.cl\/portal\/ensenan-nuevas-tecnologias-en-3d-para-artesanos\/figuras1\/\" border=\"0\" itemprop=\"url\"> <meta itemprop=\"width\" content=\"208\"> <meta itemprop=\"height\" content=\"138\"> <img decoding=\"async\" class=\"\" data-attachment-id=\"60202\" data-orig-file=\"https:\/\/eltrabajo.cl\/portal\/wp-content\/uploads\/2015\/07\/Figuras1.jpg\" data-orig-size=\"530,350\" data-comments-opened=\"1\" data-image-meta=\"{&quot;aperture&quot;:&quot;0&quot;,&quot;credit&quot;:&quot;&quot;,&quot;camera&quot;:&quot;&quot;,&quot;caption&quot;:&quot;&quot;,&quot;created_timestamp&quot;:&quot;0&quot;,&quot;copyright&quot;:&quot;&quot;,&quot;focal_length&quot;:&quot;0&quot;,&quot;iso&quot;:&quot;0&quot;,&quot;shutter_speed&quot;:&quot;0&quot;,&quot;title&quot;:&quot;&quot;,&quot;orientation&quot;:&quot;0&quot;}\" data-image-title=\"Figuras1\" data-image-description=\"&lt;p&gt;\u00bfMAGIA?.- Estas son s\u00f3lo una parte de las figuras que se pueden fabricar con esta nueva tecnolog\u00eda de impresi\u00f3n 3D.&lt;\/p&gt; \" data-medium-file=\"https:\/\/i0.wp.com\/eltrabajo.cl\/portal\/wp-content\/uploads\/2015\/07\/Figuras1.jpg?fit=300%2C198&#038;ssl=1\" data-large-file=\"https:\/\/i0.wp.com\/eltrabajo.cl\/portal\/wp-content\/uploads\/2015\/07\/Figuras1.jpg?fit=530%2C350&#038;ssl=1\" src=\"https:\/\/i0.wp.com\/eltrabajo.cl\/portal\/wp-content\/uploads\/2015\/07\/Figuras1.jpg?w=208&#038;h=138&#038;ssl=1\" srcset=\"https:\/\/i0.wp.com\/eltrabajo.cl\/portal\/wp-content\/uploads\/2015\/07\/Figuras1.jpg?w=530&amp;ssl=1 530w, https:\/\/i0.wp.com\/eltrabajo.cl\/portal\/wp-content\/uploads\/2015\/07\/Figuras1.jpg?resize=200%2C132&amp;ssl=1 200w, https:\/\/i0.wp.com\/eltrabajo.cl\/portal\/wp-content\/uploads\/2015\/07\/Figuras1.jpg?resize=300%2C198&amp;ssl=1 300w, https:\/\/i0.wp.com\/eltrabajo.cl\/portal\/wp-content\/uploads\/2015\/07\/Figuras1.jpg?resize=227%2C150&amp;ssl=1 227w, https:\/\/i0.wp.com\/eltrabajo.cl\/portal\/wp-content\/uploads\/2015\/07\/Figuras1.jpg?resize=400%2C264&amp;ssl=1 400w\" width=\"208\" height=\"138\" loading=\"lazy\" data-original-width=\"208\" data-original-height=\"138\" itemprop=\"http:\/\/schema.org\/image\" title=\"Figuras1\" alt=\"\u00bfMAGIA?.- Estas son s\u00f3lo una parte de las figuras que se pueden fabricar con esta nueva tecnolog\u00eda de impresi\u00f3n 3D.\" style=\"width: 208px; height: 138px;\" \/> <\/a> <div class=\"tiled-gallery-caption\" itemprop=\"caption description\"> \u00bfMAGIA?.- Estas son s\u00f3lo una parte de las figuras que se pueden fabricar con esta nueva tecnolog\u00eda de impresi\u00f3n 3D. <\/div> <\/div> <div class=\"tiled-gallery-item tiled-gallery-item-small\" itemprop=\"associatedMedia\" itemscope itemtype=\"http:\/\/schema.org\/ImageObject\"> <a href=\"https:\/\/eltrabajo.cl\/portal\/ensenan-nuevas-tecnologias-en-3d-para-artesanos\/danisa-peric\/\" border=\"0\" itemprop=\"url\"> <meta itemprop=\"width\" content=\"208\"> <meta itemprop=\"height\" content=\"137\"> <img decoding=\"async\" class=\"\" data-attachment-id=\"60201\" data-orig-file=\"https:\/\/eltrabajo.cl\/portal\/wp-content\/uploads\/2015\/07\/Danisa-Peric.jpg\" data-orig-size=\"530,350\" data-comments-opened=\"1\" data-image-meta=\"{&quot;aperture&quot;:&quot;0&quot;,&quot;credit&quot;:&quot;&quot;,&quot;camera&quot;:&quot;&quot;,&quot;caption&quot;:&quot;&quot;,&quot;created_timestamp&quot;:&quot;0&quot;,&quot;copyright&quot;:&quot;&quot;,&quot;focal_length&quot;:&quot;0&quot;,&quot;iso&quot;:&quot;0&quot;,&quot;shutter_speed&quot;:&quot;0&quot;,&quot;title&quot;:&quot;&quot;,&quot;orientation&quot;:&quot;0&quot;}\" data-image-title=\"Danisa Peric\" data-image-description=\"&lt;p&gt;Coordinadora general del proyecto, Danisa Peric.&lt;\/p&gt; \" data-medium-file=\"https:\/\/i0.wp.com\/eltrabajo.cl\/portal\/wp-content\/uploads\/2015\/07\/Danisa-Peric.jpg?fit=300%2C198&#038;ssl=1\" data-large-file=\"https:\/\/i0.wp.com\/eltrabajo.cl\/portal\/wp-content\/uploads\/2015\/07\/Danisa-Peric.jpg?fit=530%2C350&#038;ssl=1\" src=\"https:\/\/i0.wp.com\/eltrabajo.cl\/portal\/wp-content\/uploads\/2015\/07\/Danisa-Peric.jpg?w=208&#038;h=137&#038;ssl=1\" srcset=\"https:\/\/i0.wp.com\/eltrabajo.cl\/portal\/wp-content\/uploads\/2015\/07\/Danisa-Peric.jpg?w=530&amp;ssl=1 530w, https:\/\/i0.wp.com\/eltrabajo.cl\/portal\/wp-content\/uploads\/2015\/07\/Danisa-Peric.jpg?resize=200%2C132&amp;ssl=1 200w, https:\/\/i0.wp.com\/eltrabajo.cl\/portal\/wp-content\/uploads\/2015\/07\/Danisa-Peric.jpg?resize=300%2C198&amp;ssl=1 300w, https:\/\/i0.wp.com\/eltrabajo.cl\/portal\/wp-content\/uploads\/2015\/07\/Danisa-Peric.jpg?resize=227%2C150&amp;ssl=1 227w, https:\/\/i0.wp.com\/eltrabajo.cl\/portal\/wp-content\/uploads\/2015\/07\/Danisa-Peric.jpg?resize=400%2C264&amp;ssl=1 400w\" width=\"208\" height=\"137\" loading=\"lazy\" data-original-width=\"208\" data-original-height=\"137\" itemprop=\"http:\/\/schema.org\/image\" title=\"Danisa Peric\" alt=\"Coordinadora general del proyecto, Danisa Peric.\" style=\"width: 208px; height: 137px;\" \/> <\/a> <div class=\"tiled-gallery-caption\" itemprop=\"caption description\"> Coordinadora general del proyecto, Danisa Peric. <\/div> <\/div> <\/div> <!-- close group --> <\/div> <!-- close row --> <\/div>\n","protected":false},"excerpt":{"rendered":"<p>Este martes lleg\u00f3 a nuestra comuna la presentaci\u00f3n del Aconcagua Fablab, proyecto FIC-R 2014-2015, otorgado por el Gobierno Regional. Se trata de un taller al que asistieron varios artesanos del Valle de&#8230;<\/p>\n","protected":false},"author":482,"featured_media":60198,"comment_status":"open","ping_status":"open","sticky":false,"template":"","format":"standard","meta":{"advanced_seo_description":"","jetpack_seo_html_title":"","jetpack_seo_noindex":false,"_jetpack_memberships_contains_paid_content":false,"footnotes":""},"categories":[15],"tags":[],"class_list":["post-60197","post","type-post","status-publish","format-standard","has-post-thumbnail","hentry","category-comunidad"],"jetpack_featured_media_url":"https:\/\/i0.wp.com\/eltrabajo.cl\/portal\/wp-content\/uploads\/2015\/07\/Impresora3D.jpg?fit=530%2C350&ssl=1","jetpack_sharing_enabled":true,"jetpack_likes_enabled":true,"jetpack-related-posts":[],"_links":{"self":[{"href":"https:\/\/eltrabajo.cl\/portal\/wp-json\/wp\/v2\/posts\/60197","targetHints":{"allow":["GET"]}}],"collection":[{"href":"https:\/\/eltrabajo.cl\/portal\/wp-json\/wp\/v2\/posts"}],"about":[{"href":"https:\/\/eltrabajo.cl\/portal\/wp-json\/wp\/v2\/types\/post"}],"author":[{"embeddable":true,"href":"https:\/\/eltrabajo.cl\/portal\/wp-json\/wp\/v2\/users\/482"}],"replies":[{"embeddable":true,"href":"https:\/\/eltrabajo.cl\/portal\/wp-json\/wp\/v2\/comments?post=60197"}],"version-history":[{"count":0,"href":"https:\/\/eltrabajo.cl\/portal\/wp-json\/wp\/v2\/posts\/60197\/revisions"}],"wp:featuredmedia":[{"embeddable":true,"href":"https:\/\/eltrabajo.cl\/portal\/wp-json\/wp\/v2\/media\/60198"}],"wp:attachment":[{"href":"https:\/\/eltrabajo.cl\/portal\/wp-json\/wp\/v2\/media?parent=60197"}],"wp:term":[{"taxonomy":"category","embeddable":true,"href":"https:\/\/eltrabajo.cl\/portal\/wp-json\/wp\/v2\/categories?post=60197"},{"taxonomy":"post_tag","embeddable":true,"href":"https:\/\/eltrabajo.cl\/portal\/wp-json\/wp\/v2\/tags?post=60197"}],"curies":[{"name":"wp","href":"https:\/\/api.w.org\/{rel}","templated":true}]}}