{"id":60204,"date":"2015-07-22T09:32:55","date_gmt":"2015-07-22T12:32:55","guid":{"rendered":"http:\/\/www.eltrabajo.cl\/portal\/?p=60204"},"modified":"2015-07-22T09:33:16","modified_gmt":"2015-07-22T12:33:16","slug":"realizan-charla-informativa-a-vecinos-de-panquehue-sobre-proyecto-de-ciclovias","status":"publish","type":"post","link":"https:\/\/eltrabajo.cl\/portal\/realizan-charla-informativa-a-vecinos-de-panquehue-sobre-proyecto-de-ciclovias\/","title":{"rendered":"Realizan charla informativa a vecinos de Panquehue sobre proyecto de ciclov\u00edas"},"content":{"rendered":"<figure id=\"attachment_60205\" aria-describedby=\"caption-attachment-60205\" style=\"width: 300px\" class=\"wp-caption alignleft\"><a href=\"https:\/\/i0.wp.com\/www.eltrabajo.cl\/portal\/wp-content\/uploads\/2015\/07\/ciclovias-panquehue.jpg\"><img data-recalc-dims=\"1\" loading=\"lazy\" decoding=\"async\" class=\"wp-image-60205 size-medium\" src=\"https:\/\/i0.wp.com\/www.eltrabajo.cl\/portal\/wp-content\/uploads\/2015\/07\/ciclovias-panquehue-300x198.jpg?resize=300%2C198\" alt=\"Ra\u00fal Araya, funcionario del MOP realiz\u00f3 una detallada exposici\u00f3n sobre el proyecto que contempla la construcci\u00f3n de ciclov\u00edas para la comuna de Panquehue.\" width=\"300\" height=\"198\" srcset=\"https:\/\/i0.wp.com\/eltrabajo.cl\/portal\/wp-content\/uploads\/2015\/07\/ciclovias-panquehue.jpg?resize=300%2C198&amp;ssl=1 300w, https:\/\/i0.wp.com\/eltrabajo.cl\/portal\/wp-content\/uploads\/2015\/07\/ciclovias-panquehue.jpg?resize=200%2C132&amp;ssl=1 200w, https:\/\/i0.wp.com\/eltrabajo.cl\/portal\/wp-content\/uploads\/2015\/07\/ciclovias-panquehue.jpg?resize=228%2C150&amp;ssl=1 228w, https:\/\/i0.wp.com\/eltrabajo.cl\/portal\/wp-content\/uploads\/2015\/07\/ciclovias-panquehue.jpg?resize=400%2C263&amp;ssl=1 400w, https:\/\/i0.wp.com\/eltrabajo.cl\/portal\/wp-content\/uploads\/2015\/07\/ciclovias-panquehue.jpg?w=530&amp;ssl=1 530w\" sizes=\"auto, (max-width: 300px) 100vw, 300px\" \/><\/a><figcaption id=\"caption-attachment-60205\" class=\"wp-caption-text\">Ra\u00fal Araya, funcionario del MOP realiz\u00f3 una detallada exposici\u00f3n sobre el proyecto que contempla la construcci\u00f3n de ciclov\u00edas para la comuna de Panquehue.<\/figcaption><\/figure>\n<ul>\n<li><strong>De acuerdo a lo se\u00f1alado por el funcionario del MOP Ra\u00fal Araya, la propuesta para la ciudad, considera la construcci\u00f3n del 20% de ciclovias contempladas para la regi\u00f3n.<\/strong><\/li>\n<\/ul>\n<p><strong>PANQUEHUE<\/strong>.- Una detallada exposici\u00f3n sobre el proyecto de construcci\u00f3n de dos tramos de ciclov\u00edas para la comuna de Panquehue, inform\u00f3 el Ministerio de Obras.<br \/>\nA trav\u00e9s de una reuni\u00f3n de socializaci\u00f3n, donde fueron convocados dirigentes vecinales y representantes de la sociedad civil, se dio a conocer el tenor del proyecto del MOP, que luego de escuchar los planteamientos entregados por el alcalde Luis Pradenas, considera construir ciclovias en el tramo puente El Rey hasta Escorial y desde El Mirador hasta el sector Lo Campo.<br \/>\nRa\u00fal Araya funcionario del Ministerio de Obras P\u00fablicas, explic\u00f3 que el estudio de ingenier\u00eda, tiene como objetivo realizar el dise\u00f1o definitivo para las diversas ciclov\u00edas y dar as\u00ed una soluci\u00f3n al flujo peatonal en los tramos del perfil humano.<br \/>\n\u201cLo que estamos haciendo nosotros es un dise\u00f1o que va pr\u00e1cticamente desde el puente El Rey hasta Lo campo, que le dar\u00eda conectividad en t\u00e9rminos de ciclov\u00edas a todo ese tramo, sin incluir la ciclov\u00eda actual.<br \/>\nAhora lo que hemos informado est\u00e1 en la etapa de anteproyecto, para continuar con la evaluaci\u00f3n, y para luego dar paso a la definici\u00f3n final del proyecto y las bases de licitaci\u00f3n\u201d, indic\u00f3 Araya.<br \/>\nPor su parte el alcalde Luis Pradenas afirm\u00f3 que un proyecto como el planteado por el MOP, debe siempre tener en cuenta la opini\u00f3n de las autoridades locales, pues como se hab\u00eda planteado en su oportunidad, ten\u00eda una m\u00ednima rentabilidad.<br \/>\n\u201cCuando tom\u00e9 conocimiento del proyecto y vi que no estaba considerado el sector Lo campo, hice saber mi punto de vista y de la comunidad, pues es en ese preciso sector donde se han registrado la mayor cantidad de muertes por atropellos.<br \/>\nPor lo tanto, valor que se consideren nuestras apreciaciones y se realice un proyecto acorde a nuestras necesidades\u201d.<br \/>\nIndico finalmente Ra\u00fal Araya que la ejecuci\u00f3n de este proyecto depender\u00e1 de c\u00f3mo sea priorizada la inversi\u00f3n por parte del Gobierno Regional.<\/p>\n","protected":false},"excerpt":{"rendered":"<p>De acuerdo a lo se\u00f1alado por el funcionario del MOP Ra\u00fal Araya, la propuesta para la ciudad, considera la construcci\u00f3n del 20% de ciclovias contempladas para la regi\u00f3n. PANQUEHUE.- Una detallada exposici\u00f3n&#8230;<\/p>\n","protected":false},"author":482,"featured_media":60205,"comment_status":"open","ping_status":"open","sticky":false,"template":"","format":"standard","meta":{"advanced_seo_description":"","jetpack_seo_html_title":"","jetpack_seo_noindex":false,"_jetpack_memberships_contains_paid_content":false,"footnotes":""},"categories":[15],"tags":[],"class_list":["post-60204","post","type-post","status-publish","format-standard","has-post-thumbnail","hentry","category-comunidad"],"jetpack_featured_media_url":"https:\/\/i0.wp.com\/eltrabajo.cl\/portal\/wp-content\/uploads\/2015\/07\/ciclovias-panquehue.jpg?fit=530%2C349&ssl=1","jetpack_sharing_enabled":true,"jetpack_likes_enabled":true,"jetpack-related-posts":[],"_links":{"self":[{"href":"https:\/\/eltrabajo.cl\/portal\/wp-json\/wp\/v2\/posts\/60204","targetHints":{"allow":["GET"]}}],"collection":[{"href":"https:\/\/eltrabajo.cl\/portal\/wp-json\/wp\/v2\/posts"}],"about":[{"href":"https:\/\/eltrabajo.cl\/portal\/wp-json\/wp\/v2\/types\/post"}],"author":[{"embeddable":true,"href":"https:\/\/eltrabajo.cl\/portal\/wp-json\/wp\/v2\/users\/482"}],"replies":[{"embeddable":true,"href":"https:\/\/eltrabajo.cl\/portal\/wp-json\/wp\/v2\/comments?post=60204"}],"version-history":[{"count":0,"href":"https:\/\/eltrabajo.cl\/portal\/wp-json\/wp\/v2\/posts\/60204\/revisions"}],"wp:featuredmedia":[{"embeddable":true,"href":"https:\/\/eltrabajo.cl\/portal\/wp-json\/wp\/v2\/media\/60205"}],"wp:attachment":[{"href":"https:\/\/eltrabajo.cl\/portal\/wp-json\/wp\/v2\/media?parent=60204"}],"wp:term":[{"taxonomy":"category","embeddable":true,"href":"https:\/\/eltrabajo.cl\/portal\/wp-json\/wp\/v2\/categories?post=60204"},{"taxonomy":"post_tag","embeddable":true,"href":"https:\/\/eltrabajo.cl\/portal\/wp-json\/wp\/v2\/tags?post=60204"}],"curies":[{"name":"wp","href":"https:\/\/api.w.org\/{rel}","templated":true}]}}