{"id":60230,"date":"2015-07-22T09:48:46","date_gmt":"2015-07-22T12:48:46","guid":{"rendered":"http:\/\/www.eltrabajo.cl\/portal\/?p=60230"},"modified":"2015-07-22T09:48:46","modified_gmt":"2015-07-22T12:48:46","slug":"denuncian-a-vecino-que-reparaba-vehiculos-con-patentes-adulteradas-en-la-via-publica","status":"publish","type":"post","link":"https:\/\/eltrabajo.cl\/portal\/denuncian-a-vecino-que-reparaba-vehiculos-con-patentes-adulteradas-en-la-via-publica\/","title":{"rendered":"Denuncian a vecino que reparaba veh\u00edculos con patentes adulteradas en la v\u00eda p\u00fablica"},"content":{"rendered":"<figure id=\"attachment_60231\" aria-describedby=\"caption-attachment-60231\" style=\"width: 300px\" class=\"wp-caption alignleft\"><a href=\"https:\/\/i0.wp.com\/www.eltrabajo.cl\/portal\/wp-content\/uploads\/2015\/07\/SUBOFICIAL-NELSON-GAVILAN.jpg\"><img data-recalc-dims=\"1\" loading=\"lazy\" decoding=\"async\" class=\"wp-image-60231 size-medium\" src=\"https:\/\/i0.wp.com\/www.eltrabajo.cl\/portal\/wp-content\/uploads\/2015\/07\/SUBOFICIAL-NELSON-GAVILAN-300x198.jpg?resize=300%2C198\" alt=\"Suboficial Mayor de Carabineros, Nelson Gavil\u00e1n.\" width=\"300\" height=\"198\" srcset=\"https:\/\/i0.wp.com\/eltrabajo.cl\/portal\/wp-content\/uploads\/2015\/07\/SUBOFICIAL-NELSON-GAVILAN.jpg?resize=300%2C198&amp;ssl=1 300w, https:\/\/i0.wp.com\/eltrabajo.cl\/portal\/wp-content\/uploads\/2015\/07\/SUBOFICIAL-NELSON-GAVILAN.jpg?resize=200%2C132&amp;ssl=1 200w, https:\/\/i0.wp.com\/eltrabajo.cl\/portal\/wp-content\/uploads\/2015\/07\/SUBOFICIAL-NELSON-GAVILAN.jpg?resize=228%2C150&amp;ssl=1 228w, https:\/\/i0.wp.com\/eltrabajo.cl\/portal\/wp-content\/uploads\/2015\/07\/SUBOFICIAL-NELSON-GAVILAN.jpg?resize=400%2C263&amp;ssl=1 400w, https:\/\/i0.wp.com\/eltrabajo.cl\/portal\/wp-content\/uploads\/2015\/07\/SUBOFICIAL-NELSON-GAVILAN.jpg?w=530&amp;ssl=1 530w\" sizes=\"auto, (max-width: 300px) 100vw, 300px\" \/><\/a><figcaption id=\"caption-attachment-60231\" class=\"wp-caption-text\">Suboficial Mayor de Carabineros, Nelson Gavil\u00e1n.<\/figcaption><\/figure>\n<p><strong>PUTAENDO.<\/strong>&#8211; Un llamado al nivel 133 de Carabineros que daba cuenta de dos veh\u00edculos que estaban siendo reparados en la v\u00eda p\u00fablica y que originaban inconvenientes a quienes transitaban por el lugar, permiti\u00f3 descubrir que uno de los veh\u00edculos ten\u00eda las patentes adulteradas pues no coincid\u00edan con el tipo de m\u00f3vil que las llevaba.<br \/>\nLa informaci\u00f3n fue entregada a nuestro medio por el Suboficial Mayor de Carabineros Nelson Gavil\u00e1n, quien indic\u00f3 que a eso de las 17:00 horas del lunes pasado el personal policial se traslad\u00f3 hasta la intersecci\u00f3n de calles Justo Estay con Javiera Carrera, donde un vecino reparaba en la v\u00eda p\u00fablica dos veh\u00edculos, pues se indicaba que esos trabajos generaban algunos inconvenientes para quienes transitaban por el sector.<br \/>\nEl oficial policial asegur\u00f3 que luego de entrevistarse con quien realizaba los trabajos el personal verific\u00f3 las placas patentes en el sistema computacional de la instituci\u00f3n, comprobando que en uno de los veh\u00edculos las placas patentes no correspond\u00edan al modelo del m\u00f3vil, lo que no pudo ser explicado por el aludido.<br \/>\nNelson Gavil\u00e1n agreg\u00f3 que por tratarse de un delito se dio cuenta al fiscal de turno, quien dispuso que la persona que reparaba los veh\u00edculos fuese detenida bajo los cargos de uso malicioso de instrumento p\u00fablico, por lo que luego del tr\u00e1mite correspondiente fue dejado en libertad a la espera de citaci\u00f3n por parte de la fiscal\u00eda.<br \/>\nFinalmente Carabineros confirm\u00f3 que el veh\u00edculo no manten\u00eda encargo por robo o algunas de sus partes cambiadas y que solo presentaba el problema con las placas patentes del mismo.<br \/>\n<strong>Patricio Gallardo M.<\/strong><\/p>\n","protected":false},"excerpt":{"rendered":"<p>PUTAENDO.&#8211; Un llamado al nivel 133 de Carabineros que daba cuenta de dos veh\u00edculos que estaban siendo reparados en la v\u00eda p\u00fablica y que originaban inconvenientes a quienes transitaban por el lugar,&#8230;<\/p>\n","protected":false},"author":482,"featured_media":60231,"comment_status":"open","ping_status":"open","sticky":false,"template":"","format":"standard","meta":{"advanced_seo_description":"","jetpack_seo_html_title":"","jetpack_seo_noindex":false,"_jetpack_memberships_contains_paid_content":false,"footnotes":""},"categories":[21],"tags":[],"class_list":["post-60230","post","type-post","status-publish","format-standard","has-post-thumbnail","hentry","category-policial"],"jetpack_featured_media_url":"https:\/\/i0.wp.com\/eltrabajo.cl\/portal\/wp-content\/uploads\/2015\/07\/SUBOFICIAL-NELSON-GAVILAN.jpg?fit=530%2C349&ssl=1","jetpack_sharing_enabled":true,"jetpack_likes_enabled":true,"jetpack-related-posts":[],"_links":{"self":[{"href":"https:\/\/eltrabajo.cl\/portal\/wp-json\/wp\/v2\/posts\/60230","targetHints":{"allow":["GET"]}}],"collection":[{"href":"https:\/\/eltrabajo.cl\/portal\/wp-json\/wp\/v2\/posts"}],"about":[{"href":"https:\/\/eltrabajo.cl\/portal\/wp-json\/wp\/v2\/types\/post"}],"author":[{"embeddable":true,"href":"https:\/\/eltrabajo.cl\/portal\/wp-json\/wp\/v2\/users\/482"}],"replies":[{"embeddable":true,"href":"https:\/\/eltrabajo.cl\/portal\/wp-json\/wp\/v2\/comments?post=60230"}],"version-history":[{"count":0,"href":"https:\/\/eltrabajo.cl\/portal\/wp-json\/wp\/v2\/posts\/60230\/revisions"}],"wp:featuredmedia":[{"embeddable":true,"href":"https:\/\/eltrabajo.cl\/portal\/wp-json\/wp\/v2\/media\/60231"}],"wp:attachment":[{"href":"https:\/\/eltrabajo.cl\/portal\/wp-json\/wp\/v2\/media?parent=60230"}],"wp:term":[{"taxonomy":"category","embeddable":true,"href":"https:\/\/eltrabajo.cl\/portal\/wp-json\/wp\/v2\/categories?post=60230"},{"taxonomy":"post_tag","embeddable":true,"href":"https:\/\/eltrabajo.cl\/portal\/wp-json\/wp\/v2\/tags?post=60230"}],"curies":[{"name":"wp","href":"https:\/\/api.w.org\/{rel}","templated":true}]}}