{"id":60233,"date":"2015-07-22T09:51:35","date_gmt":"2015-07-22T12:51:35","guid":{"rendered":"http:\/\/www.eltrabajo.cl\/portal\/?p=60233"},"modified":"2015-07-22T09:51:35","modified_gmt":"2015-07-22T12:51:35","slug":"con-golpes-de-pies-y-punos-delincuentes-arrebatan-auto-a-conductor","status":"publish","type":"post","link":"https:\/\/eltrabajo.cl\/portal\/con-golpes-de-pies-y-punos-delincuentes-arrebatan-auto-a-conductor\/","title":{"rendered":"Con golpes de pies y pu\u00f1os delincuentes arrebatan auto a conductor"},"content":{"rendered":"<figure id=\"attachment_60234\" aria-describedby=\"caption-attachment-60234\" style=\"width: 300px\" class=\"wp-caption alignleft\"><a href=\"https:\/\/i0.wp.com\/www.eltrabajo.cl\/portal\/wp-content\/uploads\/2015\/07\/DETENIDOSSSS.jpg\"><img data-recalc-dims=\"1\" loading=\"lazy\" decoding=\"async\" class=\"wp-image-60234 size-medium\" src=\"https:\/\/i0.wp.com\/www.eltrabajo.cl\/portal\/wp-content\/uploads\/2015\/07\/DETENIDOSSSS-300x199.jpg?resize=300%2C199\" alt=\"Carabineros detuvo a dos sujetos a quienes se les atribuye el delito de receptaci\u00f3n del veh\u00edculo marca Renault que se encontraba encargado por robo, quedando a disposici\u00f3n de la Fiscal\u00eda.\" width=\"300\" height=\"199\" srcset=\"https:\/\/i0.wp.com\/eltrabajo.cl\/portal\/wp-content\/uploads\/2015\/07\/DETENIDOSSSS.jpg?resize=300%2C199&amp;ssl=1 300w, https:\/\/i0.wp.com\/eltrabajo.cl\/portal\/wp-content\/uploads\/2015\/07\/DETENIDOSSSS.jpg?resize=200%2C133&amp;ssl=1 200w, https:\/\/i0.wp.com\/eltrabajo.cl\/portal\/wp-content\/uploads\/2015\/07\/DETENIDOSSSS.jpg?resize=226%2C150&amp;ssl=1 226w, https:\/\/i0.wp.com\/eltrabajo.cl\/portal\/wp-content\/uploads\/2015\/07\/DETENIDOSSSS.jpg?resize=400%2C265&amp;ssl=1 400w, https:\/\/i0.wp.com\/eltrabajo.cl\/portal\/wp-content\/uploads\/2015\/07\/DETENIDOSSSS.jpg?w=528&amp;ssl=1 528w\" sizes=\"auto, (max-width: 300px) 100vw, 300px\" \/><\/a><figcaption id=\"caption-attachment-60234\" class=\"wp-caption-text\">Carabineros detuvo a dos sujetos a quienes se les atribuye el delito de receptaci\u00f3n del veh\u00edculo marca Renault que se encontraba encargado por robo, quedando a disposici\u00f3n de la Fiscal\u00eda.<\/figcaption><\/figure>\n<p>Carabineros inici\u00f3 un intenso operativo para recuperar la especie que se encontraba oculta en villa Renacer, en proceso de desmantelamiento, donde los funcionarios policiales fueron recibidos a pedradas.<br \/>\nCon cuatro personas detenidas concluy\u00f3 un intenso operativo policial desplegado por Carabineros en conjunto con la Secci\u00f3n Investigadora Policial SIP de San Felipe, luego de recibir la denuncia de una v\u00edctima que se\u00f1alaba haber sido agredida con golpes de pies y pu\u00f1os por dos desconocidos que intentaron robar su autom\u00f3vil en la intersecci\u00f3n de avenida Chacabuco con Coimas en San Felipe.<br \/>\nLos operativos concluyeron en las villas Renacer y 250 A\u00f1os, en donde los efectivos policiales una vez m\u00e1s fueron apedreados por los vecinos.<br \/>\nLos hechos comenzaron a desencadenarse cuando Carabineros recibi\u00f3 una denuncia de robo de un veh\u00edculo marca Renault modelo Megane de color gris, cerca de las 10:00 horas del pasado domingo, donde el conductor del m\u00f3vil, de 50 a\u00f1os de edad, asegur\u00f3 que tras detener la marcha en Chacabuco, cerca de las 07:00 horas, sorpresivamente dos sujetos lo obligaron a descender a golpes de pies y pu\u00f1os para escapar en direcci\u00f3n desconocida.<br \/>\nR\u00e1pidamente Carabineros inici\u00f3 las diligencias tendientes a la b\u00fasqueda del veh\u00edculo en puntos estrat\u00e9gicos de esta comuna, desplaz\u00e1ndose en horas de la tarde del lunes hasta el costado poniente de la multicancha ubicada en la villa Renacer de San Felipe, lugar donde se encontraba un veh\u00edculo de similares caracter\u00edsticas oculto con unas grandes lonas para no ser visto.<br \/>\nEfectivos de la SIP de Carabineros descubrieron que las placa patentes del autom\u00f3vil se encontraban adulteradas, espec\u00edficamente en uno de sus n\u00fameros, donde los antisociales utilizaron huincha aisladora para cambiarlo. Sin embargo los uniformados, al descubrir la verdadera patente UJ 34 96, constat\u00f3 que el autom\u00f3vil oculto se trataba de la especie encargada por robo que ya se encontraba en proceso de ser desmantelado, con todos los vidrios y parabrisas destruidos, adem\u00e1s de la extracci\u00f3n de algunas ruedas y espejos para ser comercializados en el mercado negro.<br \/>\nTras el hallazgo, gran contingente de Carabineros de civil y uniformado comenz\u00f3 las pesquisas para dar con los responsables de estos hechos, mientras los residentes comenzaron a arrojarles piedras, estableciendo durante el intenso operativo la participaci\u00f3n de dos sujetos, quienes al advertir la presencia policial escaparon ingresando a un domicilio, atribuy\u00e9ndose en primera instancia los cargos del delito de receptaci\u00f3n del veh\u00edculo por el cual fueron detenidos en la calle 4 de la villa Renacer.<br \/>\nPersonal de la SIP de Carabineros incaut\u00f3 desde el interior del portamaletas del m\u00f3vil, cuatro paneles musicales de radios correspondientes a otros robos, adem\u00e1s un cilindro de gas de 5 kilos. Asimismo, en las inmediaciones del lugar, la polic\u00eda incaut\u00f3 dos cilindros de gas de 15 kilos cada uno.<br \/>\nDurante las diligencias en ese sector, un adolescente fue detenido tras agredir con piedras a los funcionarios policiales, provocando da\u00f1os de consideraci\u00f3n a las patrullas fiscales; adem\u00e1s de un cuarto sujeto que se encontraba en las inmediaciones y que fue arrestado luego de comprobarse que manten\u00eda una orden de captura emanada por el Tribunal de Garant\u00eda de San Felipe, seg\u00fan lo inform\u00f3 el Capit\u00e1n de Carabineros, Alfredo Castillo.<br \/>\n\u201cAl proceder, personal de Carabineros logr\u00f3 dar con el paradero de estos antisociales, quienes habr\u00edan dejado este veh\u00edculo, procediendo a su desmantelaci\u00f3n. Mientras se requiri\u00f3 m\u00e1s cooperaci\u00f3n ya que los vecinos comenzaron a arrojar piedras en contra de los carabineros, resultando da\u00f1ados los carros policiales con m\u00faltiples abolladuras. Se logr\u00f3 recuperar este veh\u00edculo y en estas circunstancias tambi\u00e9n se recuperaron otras especies asociadas a otros delitos\u201d, precis\u00f3 el oficial.<br \/>\nLos imputados identificados como Giancarlo Sagarvia Silva y Manuel Ignacio Luengo Gonz\u00e1lez, de 18 y 19 a\u00f1os de edad respectivamente, fueron trasladados hasta el Juzgado de Garant\u00eda de San Felipe para ser requeridos por la Fiscal\u00eda por el delito de receptaci\u00f3n, quedando con cautelares de firma mensual en Carabineros y la prohibici\u00f3n de salir del pa\u00eds, fij\u00e1ndose un plazo de investigaci\u00f3n de 60 d\u00edas, recuperando posteriormente su libertad.<br \/>\nNo obstante, Carabineros contin\u00faa con las investigaciones del caso para establecer en conjunto con la v\u00edctima, si los imputados ser\u00edan o no los autores del robo del veh\u00edculo por medio de la violencia.<br \/>\n<strong>Pablo Salinas Sald\u00edas<\/strong><\/p>\n<div class=\"tiled-gallery type-rectangular tiled-gallery-unresized\" data-original-width=\"640\" data-carousel-extra='null' itemscope itemtype=\"http:\/\/schema.org\/ImageGallery\" > <div class=\"gallery-row\" style=\"width: 640px; height: 213px;\" data-original-width=\"640\" data-original-height=\"213\" > <div class=\"gallery-group images-1\" style=\"width: 320px; height: 213px;\" data-original-width=\"320\" data-original-height=\"213\" > <div class=\"tiled-gallery-item tiled-gallery-item-large\" itemprop=\"associatedMedia\" itemscope itemtype=\"http:\/\/schema.org\/ImageObject\"> <a href=\"https:\/\/eltrabajo.cl\/portal\/con-golpes-de-pies-y-punos-delincuentes-arrebatan-auto-a-conductor\/auto-1-2\/\" border=\"0\" itemprop=\"url\"> <meta itemprop=\"width\" content=\"316\"> <meta itemprop=\"height\" content=\"209\"> <img decoding=\"async\" class=\"\" data-attachment-id=\"60235\" data-orig-file=\"https:\/\/eltrabajo.cl\/portal\/wp-content\/uploads\/2015\/07\/AUTO-1.jpg\" data-orig-size=\"530,350\" data-comments-opened=\"1\" data-image-meta=\"{&quot;aperture&quot;:&quot;0&quot;,&quot;credit&quot;:&quot;&quot;,&quot;camera&quot;:&quot;&quot;,&quot;caption&quot;:&quot;&quot;,&quot;created_timestamp&quot;:&quot;0&quot;,&quot;copyright&quot;:&quot;&quot;,&quot;focal_length&quot;:&quot;0&quot;,&quot;iso&quot;:&quot;0&quot;,&quot;shutter_speed&quot;:&quot;0&quot;,&quot;title&quot;:&quot;&quot;,&quot;orientation&quot;:&quot;0&quot;}\" data-image-title=\"AUTO 1\" data-image-description=\"&lt;p&gt;El veh\u00edculo se encontraba oculto a un costado de una multicancha de la villa Renacer en San Felipe, en proceso de desmantelamiento por parte de los antisociales.&lt;\/p&gt; \" data-medium-file=\"https:\/\/i0.wp.com\/eltrabajo.cl\/portal\/wp-content\/uploads\/2015\/07\/AUTO-1.jpg?fit=300%2C198&#038;ssl=1\" data-large-file=\"https:\/\/i0.wp.com\/eltrabajo.cl\/portal\/wp-content\/uploads\/2015\/07\/AUTO-1.jpg?fit=530%2C350&#038;ssl=1\" src=\"https:\/\/i0.wp.com\/eltrabajo.cl\/portal\/wp-content\/uploads\/2015\/07\/AUTO-1.jpg?w=316&#038;h=209&#038;ssl=1\" srcset=\"https:\/\/i0.wp.com\/eltrabajo.cl\/portal\/wp-content\/uploads\/2015\/07\/AUTO-1.jpg?w=530&amp;ssl=1 530w, https:\/\/i0.wp.com\/eltrabajo.cl\/portal\/wp-content\/uploads\/2015\/07\/AUTO-1.jpg?resize=200%2C132&amp;ssl=1 200w, https:\/\/i0.wp.com\/eltrabajo.cl\/portal\/wp-content\/uploads\/2015\/07\/AUTO-1.jpg?resize=300%2C198&amp;ssl=1 300w, https:\/\/i0.wp.com\/eltrabajo.cl\/portal\/wp-content\/uploads\/2015\/07\/AUTO-1.jpg?resize=227%2C150&amp;ssl=1 227w, https:\/\/i0.wp.com\/eltrabajo.cl\/portal\/wp-content\/uploads\/2015\/07\/AUTO-1.jpg?resize=400%2C264&amp;ssl=1 400w\" width=\"316\" height=\"209\" loading=\"lazy\" data-original-width=\"316\" data-original-height=\"209\" itemprop=\"http:\/\/schema.org\/image\" title=\"AUTO 1\" alt=\"El veh\u00edculo se encontraba oculto a un costado de una multicancha de la villa Renacer en San Felipe, en proceso de desmantelamiento por parte de los antisociales.\" style=\"width: 316px; height: 209px;\" \/> <\/a> <div class=\"tiled-gallery-caption\" itemprop=\"caption description\"> El veh\u00edculo se encontraba oculto a un costado de una multicancha de la villa Renacer en San Felipe, en proceso de desmantelamiento por parte de los antisociales. <\/div> <\/div> <\/div> <!-- close group --> <div class=\"gallery-group images-1\" style=\"width: 320px; height: 213px;\" data-original-width=\"320\" data-original-height=\"213\" > <div class=\"tiled-gallery-item tiled-gallery-item-large\" itemprop=\"associatedMedia\" itemscope itemtype=\"http:\/\/schema.org\/ImageObject\"> <a href=\"https:\/\/eltrabajo.cl\/portal\/con-golpes-de-pies-y-punos-delincuentes-arrebatan-auto-a-conductor\/auto-2\/\" border=\"0\" itemprop=\"url\"> <meta itemprop=\"width\" content=\"316\"> <meta itemprop=\"height\" content=\"209\"> <img decoding=\"async\" class=\"\" data-attachment-id=\"60236\" data-orig-file=\"https:\/\/eltrabajo.cl\/portal\/wp-content\/uploads\/2015\/07\/AUTO-2.jpg\" data-orig-size=\"530,350\" data-comments-opened=\"1\" data-image-meta=\"{&quot;aperture&quot;:&quot;0&quot;,&quot;credit&quot;:&quot;&quot;,&quot;camera&quot;:&quot;&quot;,&quot;caption&quot;:&quot;&quot;,&quot;created_timestamp&quot;:&quot;0&quot;,&quot;copyright&quot;:&quot;&quot;,&quot;focal_length&quot;:&quot;0&quot;,&quot;iso&quot;:&quot;0&quot;,&quot;shutter_speed&quot;:&quot;0&quot;,&quot;title&quot;:&quot;&quot;,&quot;orientation&quot;:&quot;0&quot;}\" data-image-title=\"AUTO 2\" data-image-description=\"&lt;p&gt;Los delincuentes adulteraron con huincha aisladora ambas placas patentes del autom\u00f3vil.&lt;\/p&gt; \" data-medium-file=\"https:\/\/i0.wp.com\/eltrabajo.cl\/portal\/wp-content\/uploads\/2015\/07\/AUTO-2.jpg?fit=300%2C198&#038;ssl=1\" data-large-file=\"https:\/\/i0.wp.com\/eltrabajo.cl\/portal\/wp-content\/uploads\/2015\/07\/AUTO-2.jpg?fit=530%2C350&#038;ssl=1\" src=\"https:\/\/i0.wp.com\/eltrabajo.cl\/portal\/wp-content\/uploads\/2015\/07\/AUTO-2.jpg?w=316&#038;h=209&#038;ssl=1\" srcset=\"https:\/\/i0.wp.com\/eltrabajo.cl\/portal\/wp-content\/uploads\/2015\/07\/AUTO-2.jpg?w=530&amp;ssl=1 530w, https:\/\/i0.wp.com\/eltrabajo.cl\/portal\/wp-content\/uploads\/2015\/07\/AUTO-2.jpg?resize=200%2C132&amp;ssl=1 200w, https:\/\/i0.wp.com\/eltrabajo.cl\/portal\/wp-content\/uploads\/2015\/07\/AUTO-2.jpg?resize=300%2C198&amp;ssl=1 300w, https:\/\/i0.wp.com\/eltrabajo.cl\/portal\/wp-content\/uploads\/2015\/07\/AUTO-2.jpg?resize=227%2C150&amp;ssl=1 227w, https:\/\/i0.wp.com\/eltrabajo.cl\/portal\/wp-content\/uploads\/2015\/07\/AUTO-2.jpg?resize=400%2C264&amp;ssl=1 400w\" width=\"316\" height=\"209\" loading=\"lazy\" data-original-width=\"316\" data-original-height=\"209\" itemprop=\"http:\/\/schema.org\/image\" title=\"AUTO 2\" alt=\"Los delincuentes adulteraron con huincha aisladora ambas placas patentes del autom\u00f3vil.\" style=\"width: 316px; height: 209px;\" \/> <\/a> <div class=\"tiled-gallery-caption\" itemprop=\"caption description\"> Los delincuentes adulteraron con huincha aisladora ambas placas patentes del autom\u00f3vil. <\/div> <\/div> <\/div> <!-- close group --> <\/div> <!-- close row --> <\/div>\n","protected":false},"excerpt":{"rendered":"<p>Carabineros inici\u00f3 un intenso operativo para recuperar la especie que se encontraba oculta en villa Renacer, en proceso de desmantelamiento, donde los funcionarios policiales fueron recibidos a pedradas. Con cuatro personas detenidas&#8230;<\/p>\n","protected":false},"author":482,"featured_media":60234,"comment_status":"open","ping_status":"open","sticky":false,"template":"","format":"standard","meta":{"advanced_seo_description":"","jetpack_seo_html_title":"","jetpack_seo_noindex":false,"_jetpack_memberships_contains_paid_content":false,"footnotes":""},"categories":[21],"tags":[],"class_list":["post-60233","post","type-post","status-publish","format-standard","has-post-thumbnail","hentry","category-policial"],"jetpack_featured_media_url":"https:\/\/i0.wp.com\/eltrabajo.cl\/portal\/wp-content\/uploads\/2015\/07\/DETENIDOSSSS.jpg?fit=528%2C350&ssl=1","jetpack_sharing_enabled":true,"jetpack_likes_enabled":true,"jetpack-related-posts":[],"_links":{"self":[{"href":"https:\/\/eltrabajo.cl\/portal\/wp-json\/wp\/v2\/posts\/60233","targetHints":{"allow":["GET"]}}],"collection":[{"href":"https:\/\/eltrabajo.cl\/portal\/wp-json\/wp\/v2\/posts"}],"about":[{"href":"https:\/\/eltrabajo.cl\/portal\/wp-json\/wp\/v2\/types\/post"}],"author":[{"embeddable":true,"href":"https:\/\/eltrabajo.cl\/portal\/wp-json\/wp\/v2\/users\/482"}],"replies":[{"embeddable":true,"href":"https:\/\/eltrabajo.cl\/portal\/wp-json\/wp\/v2\/comments?post=60233"}],"version-history":[{"count":0,"href":"https:\/\/eltrabajo.cl\/portal\/wp-json\/wp\/v2\/posts\/60233\/revisions"}],"wp:featuredmedia":[{"embeddable":true,"href":"https:\/\/eltrabajo.cl\/portal\/wp-json\/wp\/v2\/media\/60234"}],"wp:attachment":[{"href":"https:\/\/eltrabajo.cl\/portal\/wp-json\/wp\/v2\/media?parent=60233"}],"wp:term":[{"taxonomy":"category","embeddable":true,"href":"https:\/\/eltrabajo.cl\/portal\/wp-json\/wp\/v2\/categories?post=60233"},{"taxonomy":"post_tag","embeddable":true,"href":"https:\/\/eltrabajo.cl\/portal\/wp-json\/wp\/v2\/tags?post=60233"}],"curies":[{"name":"wp","href":"https:\/\/api.w.org\/{rel}","templated":true}]}}