{"id":60241,"date":"2015-07-23T09:39:20","date_gmt":"2015-07-23T12:39:20","guid":{"rendered":"http:\/\/www.eltrabajo.cl\/portal\/?p=60241"},"modified":"2015-07-23T09:39:20","modified_gmt":"2015-07-23T12:39:20","slug":"realizan-primer-encuentro-campesino-en-llay-llay","status":"publish","type":"post","link":"https:\/\/eltrabajo.cl\/portal\/realizan-primer-encuentro-campesino-en-llay-llay\/","title":{"rendered":"Realizan primer Encuentro Campesino en Llay Llay"},"content":{"rendered":"<figure id=\"attachment_60242\" aria-describedby=\"caption-attachment-60242\" style=\"width: 300px\" class=\"wp-caption alignleft\"><a href=\"https:\/\/i0.wp.com\/www.eltrabajo.cl\/portal\/wp-content\/uploads\/2015\/07\/Prodesal.jpg\"><img data-recalc-dims=\"1\" loading=\"lazy\" decoding=\"async\" class=\"wp-image-60242 size-medium\" src=\"https:\/\/i0.wp.com\/www.eltrabajo.cl\/portal\/wp-content\/uploads\/2015\/07\/Prodesal-300x197.jpg?resize=300%2C197\" alt=\"La actividad incluy\u00f3 premiar a doce usuarios en dos categor\u00edas: Esp\u00edritu Agricultor Joven y por su participaci\u00f3n y compromiso.\" width=\"300\" height=\"197\" srcset=\"https:\/\/i0.wp.com\/eltrabajo.cl\/portal\/wp-content\/uploads\/2015\/07\/Prodesal.jpg?resize=300%2C197&amp;ssl=1 300w, https:\/\/i0.wp.com\/eltrabajo.cl\/portal\/wp-content\/uploads\/2015\/07\/Prodesal.jpg?resize=200%2C131&amp;ssl=1 200w, https:\/\/i0.wp.com\/eltrabajo.cl\/portal\/wp-content\/uploads\/2015\/07\/Prodesal.jpg?resize=228%2C150&amp;ssl=1 228w, https:\/\/i0.wp.com\/eltrabajo.cl\/portal\/wp-content\/uploads\/2015\/07\/Prodesal.jpg?resize=400%2C263&amp;ssl=1 400w, https:\/\/i0.wp.com\/eltrabajo.cl\/portal\/wp-content\/uploads\/2015\/07\/Prodesal.jpg?w=530&amp;ssl=1 530w\" sizes=\"auto, (max-width: 300px) 100vw, 300px\" \/><\/a><figcaption id=\"caption-attachment-60242\" class=\"wp-caption-text\">La actividad incluy\u00f3 premiar a doce usuarios en dos categor\u00edas: Esp\u00edritu Agricultor Joven y por su participaci\u00f3n y compromiso.<\/figcaption><\/figure>\n<p><strong>LLAY LLAY<\/strong>.- Todo un \u00e9xito result\u00f3 la actividad de Prodesal, realizada el pasado s\u00e1bado en la Medialuna de Santa Teresa. Se reunieron en lugar a compartir de la importante ocasi\u00f3n; en representaci\u00f3n del alcalde Mario Marillanca, la concejal Margarita Puebla; el equipo Prodesal compuesto por: el jefe t\u00e9cnico de la l\u00ednea Agr\u00edcola, Ra\u00fal Vega, el jefe t\u00e9cnico de la L\u00ednea Ganadera, Guillermo V\u00e1squez; la t\u00e9cnico agr\u00edcola Ivonne Jeria y el t\u00e9cnico agr\u00f3nomo, Adri\u00e1n Silva; el concejal Edgardo Gonz\u00e1lez, los usuarios y sus familias.<br \/>\n\u201cFelicito a los usuarios Prodesal, al equipo de trabajo y me alegro de todos sus logros. Todas mis buenas vibras para que esta nueva etapa, que sea m\u00e1s productiva para todos y todas ustedes\u201d, manifest\u00f3 la concejal Margarita Puebla.<br \/>\nLa ocasi\u00f3n tuvo doble prop\u00f3sito de celebraci\u00f3n: dar inicio al nuevo a\u00f1o de trabajo y cerrar con \u2018Broche de Oro\u2019 la temporada 2014-2015.<br \/>\nLa actividad incluy\u00f3 premiar a los usuarios en dos categor\u00edas: Gerardo Miranda y Katherine Ar\u00e9valo; en Categor\u00eda Esp\u00edritu Agricultor Joven. Por su participaci\u00f3n y compromiso: Ana L\u00f3pez, Lucila Vel\u00e1squez, Carmen Soto, Lidia Pizarro, Elia Caro, Carmen Rojo, Clotilde Beltr\u00e1n, Abelino L\u00f3pez, Guillermo L\u00f3pez y Marielena Astudillo.<br \/>\nEn la actividad hubo stands de exposici\u00f3n y venta de encurtidos, mermeladas, hierbas medicinales y miel de Ulmo; que forman parte de la producci\u00f3n de los usuarios.<br \/>\nUna oportunidad de compartir, recrearse y disfrutar, dijo Marielena Astudillo una de las usuarias que tienen un criadero de ovejas \u201cpart\u00ed en el 2010 con un proyecto de 11 ovejas, 10 hembras y un macho. Estoy muy contenta con todos los logros que obtuve a trav\u00e9s de Prodesal. Voy a seguir participando y comprometida con cada proyecto, por ejemplo, ahora estoy postulando a corrales\u201d.<br \/>\nEl evento concluy\u00f3 con un campeonato de Rayuela.<\/p>\n","protected":false},"excerpt":{"rendered":"<p>LLAY LLAY.- Todo un \u00e9xito result\u00f3 la actividad de Prodesal, realizada el pasado s\u00e1bado en la Medialuna de Santa Teresa. Se reunieron en lugar a compartir de la importante ocasi\u00f3n; en representaci\u00f3n&#8230;<\/p>\n","protected":false},"author":482,"featured_media":60242,"comment_status":"open","ping_status":"open","sticky":false,"template":"","format":"standard","meta":{"advanced_seo_description":"","jetpack_seo_html_title":"","jetpack_seo_noindex":false,"_jetpack_memberships_contains_paid_content":false,"footnotes":""},"categories":[15],"tags":[],"class_list":["post-60241","post","type-post","status-publish","format-standard","has-post-thumbnail","hentry","category-comunidad"],"jetpack_featured_media_url":"https:\/\/i0.wp.com\/eltrabajo.cl\/portal\/wp-content\/uploads\/2015\/07\/Prodesal.jpg?fit=530%2C348&ssl=1","jetpack_sharing_enabled":true,"jetpack_likes_enabled":true,"jetpack-related-posts":[],"_links":{"self":[{"href":"https:\/\/eltrabajo.cl\/portal\/wp-json\/wp\/v2\/posts\/60241","targetHints":{"allow":["GET"]}}],"collection":[{"href":"https:\/\/eltrabajo.cl\/portal\/wp-json\/wp\/v2\/posts"}],"about":[{"href":"https:\/\/eltrabajo.cl\/portal\/wp-json\/wp\/v2\/types\/post"}],"author":[{"embeddable":true,"href":"https:\/\/eltrabajo.cl\/portal\/wp-json\/wp\/v2\/users\/482"}],"replies":[{"embeddable":true,"href":"https:\/\/eltrabajo.cl\/portal\/wp-json\/wp\/v2\/comments?post=60241"}],"version-history":[{"count":0,"href":"https:\/\/eltrabajo.cl\/portal\/wp-json\/wp\/v2\/posts\/60241\/revisions"}],"wp:featuredmedia":[{"embeddable":true,"href":"https:\/\/eltrabajo.cl\/portal\/wp-json\/wp\/v2\/media\/60242"}],"wp:attachment":[{"href":"https:\/\/eltrabajo.cl\/portal\/wp-json\/wp\/v2\/media?parent=60241"}],"wp:term":[{"taxonomy":"category","embeddable":true,"href":"https:\/\/eltrabajo.cl\/portal\/wp-json\/wp\/v2\/categories?post=60241"},{"taxonomy":"post_tag","embeddable":true,"href":"https:\/\/eltrabajo.cl\/portal\/wp-json\/wp\/v2\/tags?post=60241"}],"curies":[{"name":"wp","href":"https:\/\/api.w.org\/{rel}","templated":true}]}}