{"id":60247,"date":"2015-07-23T09:43:46","date_gmt":"2015-07-23T12:43:46","guid":{"rendered":"http:\/\/www.eltrabajo.cl\/portal\/?p=60247"},"modified":"2015-07-23T09:43:46","modified_gmt":"2015-07-23T12:43:46","slug":"vendian-hallullas-en-los-trenes-y-ahora-son-destacados-empresarios","status":"publish","type":"post","link":"https:\/\/eltrabajo.cl\/portal\/vendian-hallullas-en-los-trenes-y-ahora-son-destacados-empresarios\/","title":{"rendered":"Vend\u00edan hallullas en los trenes y ahora son destacados empresarios"},"content":{"rendered":"<figure id=\"attachment_60248\" aria-describedby=\"caption-attachment-60248\" style=\"width: 300px\" class=\"wp-caption alignleft\"><a href=\"https:\/\/i0.wp.com\/www.eltrabajo.cl\/portal\/wp-content\/uploads\/2015\/07\/Guru1.jpg\"><img data-recalc-dims=\"1\" loading=\"lazy\" decoding=\"async\" class=\"wp-image-60248 size-medium\" src=\"https:\/\/i0.wp.com\/www.eltrabajo.cl\/portal\/wp-content\/uploads\/2015\/07\/Guru1-300x198.jpg?resize=300%2C198\" alt=\"EMPRESA DESTACADA.- Ellos son parte del personal de Amasander\u00eda Guru Guru de Curim\u00f3n, Empresa Destacada 2015 por el Municipio sanfelipe\u00f1o.\" width=\"300\" height=\"198\" srcset=\"https:\/\/i0.wp.com\/eltrabajo.cl\/portal\/wp-content\/uploads\/2015\/07\/Guru1.jpg?resize=300%2C198&amp;ssl=1 300w, https:\/\/i0.wp.com\/eltrabajo.cl\/portal\/wp-content\/uploads\/2015\/07\/Guru1.jpg?resize=200%2C132&amp;ssl=1 200w, https:\/\/i0.wp.com\/eltrabajo.cl\/portal\/wp-content\/uploads\/2015\/07\/Guru1.jpg?resize=227%2C150&amp;ssl=1 227w, https:\/\/i0.wp.com\/eltrabajo.cl\/portal\/wp-content\/uploads\/2015\/07\/Guru1.jpg?resize=400%2C264&amp;ssl=1 400w, https:\/\/i0.wp.com\/eltrabajo.cl\/portal\/wp-content\/uploads\/2015\/07\/Guru1.jpg?w=530&amp;ssl=1 530w\" sizes=\"auto, (max-width: 300px) 100vw, 300px\" \/><\/a><figcaption id=\"caption-attachment-60248\" class=\"wp-caption-text\">EMPRESA DESTACADA.- Ellos son parte del personal de Amasander\u00eda Guru Guru de Curim\u00f3n, Empresa Destacada 2015 por el Municipio sanfelipe\u00f1o.<\/figcaption><\/figure>\n<p>Una de las empresas m\u00e1s populares y con mayor prestigio en nuestra provincia, es Amasander\u00eda Don Guru Guru de Curim\u00f3n, la que propiamente por ese prestigio y calidad le vali\u00f3 que este a\u00f1o la Municipalidad de San Felipe le otorgar\u00e1 el premio y reconocimiento p\u00fablico como Empresa Destacada 2015, premiaci\u00f3n que se efectuar\u00e1 dentro del marco de los 275 a\u00f1os de nuestra comuna en el teatro del Liceo Roberto Humeres el viernes 31 de julio a las 19:30 horas.<\/p>\n<p><strong>A SOLAS CON\u00a0\u2018LA GURITA\u2019<\/strong><br \/>\nEsta empresa no naci\u00f3 como tal, pues seg\u00fan nos relat\u00f3 su due\u00f1a Francisca Guajardo Aguilera, quien la fund\u00f3 con su esposo Oscar Iturriaga C\u00e9spedes, ellos iniciaron su puesto de venta de pan en el sector estaci\u00f3n del ferroviario en 1989. Diario El Trabajo habl\u00f3 este mi\u00e9rcoles con do\u00f1a Francisca (la Gurita), quien comparti\u00f3 con nuestro medio, para compartir con los lectores una rese\u00f1a sobre su empresa.<br \/>\n<strong>&#8211; \u00bfC\u00f3mo inician ustedes esta empresa y cu\u00e1ndo?<\/strong><br \/>\n<strong>&#8211;<\/strong> Nosotros somos agricultores, nos casamos en 1987 en Curim\u00f3n y as\u00ed empezamos nuestra empresa. Nacieron nuestras dos hijas, Carmen y Teresita, cultiv\u00e1bamos verduras y amas\u00e1bamos hallullas y pan, sal\u00edamos a vender nuestros productos a la peque\u00f1a estaci\u00f3n del tren, luch\u00e1bamos de todas las maneras posibles.<br \/>\n<strong>&#8211; Ahora no hay tren, \u00bfen Curim\u00f3n cu\u00e1ntos a\u00f1os llevan de estar con el negocio?<\/strong><br \/>\n<strong>&#8211;<\/strong> Aqu\u00ed en Curim\u00f3n llevamos 22 a\u00f1os. Siempre se llam\u00f3 Don Guru Guru, pues desde j\u00f3venes mi esposo y yo mir\u00e1bamos a ese personaje en la televisi\u00f3n, y por eso le pusimos ese nombre. \u00c9l me dice \u2018Gurita\u2019 y yo le digo \u2018Gurito\u2019.<br \/>\n<strong>&#8211; \u00bfQu\u00e9 ha sido lo m\u00e1s dif\u00edcil para ustedes como empresa?<\/strong><br \/>\n<strong>&#8211;<\/strong> Lo m\u00e1s dif\u00edcil es la captaci\u00f3n de clientes, lograr que ellos conf\u00eden en la calidad que ofrecemos y que regresen a nuestro negocio, pero lo hemos logrado en estos a\u00f1os y ahora gozamos del gran apoyo de ellos, nuestros clientes. Actualmente laboramos unas nueve personas en el local.<br \/>\n<strong>&#8211; \u00bfAlguna vez se vieron obligados a cerrar este local?<\/strong><br \/>\n<strong>&#8211;<\/strong> Nunca hemos cerrado, s\u00f3lo los lunes porque es nuestro d\u00eda de descanso, pero por otras razones no, siempre estamos con las puertas abiertas desde las 6:30 a las 22:00 horas.<br \/>\n<strong>&#8211; \u00bfC\u00f3mo se siente usted ahora que su empresa es reconocida p\u00fablicamente por el Municipio?<\/strong><br \/>\n<strong>&#8211;<\/strong> Estamos muy agradecidos con nuestros clientes, con las autoridades que hoy nos premian como empresa destacada, nunca se nos premi\u00f3 de esta forma, aunque nuestro pan se ha servido en la mesa de presidentes y otras personalidades del nuestro pa\u00eds.<\/p>\n<p><strong>EMPRESA EJEMPLAR<\/strong><br \/>\nEmpresas como estas, nacidas en el seno de una familia trabajadora y honesta, son las que m\u00e1s valor agregado tienen, pues cada cent\u00edmetro de su planta f\u00edsica lleva el sello del amor, la entrega y calidad humana de sus due\u00f1os y empleados.<br \/>\nDiario El Trabajo supo de manera extraoficial, que en 2016 esta empresa tendr\u00e1 nueva jefa al frente, se trata de una de las hijas, la bella Teresa Iturriaga, quien desde muy chica se interes\u00f3 por el tema de las masas y empanadas, pero ya eso es\u2026otra historia.<br \/>\n<strong>Roberto Gonz\u00e1lez Short<\/strong><br \/>\n<strong>rgonzalez@eltrabajo.cl<\/strong><\/p>\n<div class=\"tiled-gallery type-rectangular tiled-gallery-unresized\" data-original-width=\"640\" data-carousel-extra='null' itemscope itemtype=\"http:\/\/schema.org\/ImageGallery\" > <div class=\"gallery-row\" style=\"width: 640px; height: 283px;\" data-original-width=\"640\" data-original-height=\"283\" > <div class=\"gallery-group images-1\" style=\"width: 428px; height: 283px;\" data-original-width=\"428\" data-original-height=\"283\" > <div class=\"tiled-gallery-item tiled-gallery-item-large\" itemprop=\"associatedMedia\" itemscope itemtype=\"http:\/\/schema.org\/ImageObject\"> <a href=\"https:\/\/eltrabajo.cl\/portal\/vendian-hallullas-en-los-trenes-y-ahora-son-destacados-empresarios\/humildad1\/\" border=\"0\" itemprop=\"url\"> <meta itemprop=\"width\" content=\"424\"> <meta itemprop=\"height\" content=\"279\"> <img decoding=\"async\" class=\"\" data-attachment-id=\"60251\" data-orig-file=\"https:\/\/eltrabajo.cl\/portal\/wp-content\/uploads\/2015\/07\/Humildad1.jpg\" data-orig-size=\"530,349\" data-comments-opened=\"1\" data-image-meta=\"{&quot;aperture&quot;:&quot;0&quot;,&quot;credit&quot;:&quot;&quot;,&quot;camera&quot;:&quot;&quot;,&quot;caption&quot;:&quot;&quot;,&quot;created_timestamp&quot;:&quot;0&quot;,&quot;copyright&quot;:&quot;&quot;,&quot;focal_length&quot;:&quot;0&quot;,&quot;iso&quot;:&quot;0&quot;,&quot;shutter_speed&quot;:&quot;0&quot;,&quot;title&quot;:&quot;&quot;,&quot;orientation&quot;:&quot;0&quot;}\" data-image-title=\"Humildad1\" data-image-description=\"&lt;p&gt;SIN DESCANSO.- Con mucho trabajo, de d\u00eda y de noche, don Oscar Iturriaga se ha quebrado la espalda para sostener con su esposa a su familia y empresa. As\u00ed lo demuestra esta foto del recuerdo.&lt;\/p&gt; \" data-medium-file=\"https:\/\/i0.wp.com\/eltrabajo.cl\/portal\/wp-content\/uploads\/2015\/07\/Humildad1.jpg?fit=300%2C198&#038;ssl=1\" data-large-file=\"https:\/\/i0.wp.com\/eltrabajo.cl\/portal\/wp-content\/uploads\/2015\/07\/Humildad1.jpg?fit=530%2C349&#038;ssl=1\" src=\"https:\/\/i0.wp.com\/eltrabajo.cl\/portal\/wp-content\/uploads\/2015\/07\/Humildad1.jpg?w=424&#038;h=279&#038;ssl=1\" srcset=\"https:\/\/i0.wp.com\/eltrabajo.cl\/portal\/wp-content\/uploads\/2015\/07\/Humildad1.jpg?w=530&amp;ssl=1 530w, https:\/\/i0.wp.com\/eltrabajo.cl\/portal\/wp-content\/uploads\/2015\/07\/Humildad1.jpg?resize=200%2C132&amp;ssl=1 200w, https:\/\/i0.wp.com\/eltrabajo.cl\/portal\/wp-content\/uploads\/2015\/07\/Humildad1.jpg?resize=300%2C198&amp;ssl=1 300w, https:\/\/i0.wp.com\/eltrabajo.cl\/portal\/wp-content\/uploads\/2015\/07\/Humildad1.jpg?resize=228%2C150&amp;ssl=1 228w, https:\/\/i0.wp.com\/eltrabajo.cl\/portal\/wp-content\/uploads\/2015\/07\/Humildad1.jpg?resize=400%2C263&amp;ssl=1 400w\" width=\"424\" height=\"279\" loading=\"lazy\" data-original-width=\"424\" data-original-height=\"279\" itemprop=\"http:\/\/schema.org\/image\" title=\"Humildad1\" alt=\"SIN DESCANSO.- Con mucho trabajo, de d\u00eda y de noche, don Oscar Iturriaga se ha quebrado la espalda para sostener con su esposa a su familia y empresa. As\u00ed lo demuestra esta foto del recuerdo.\" style=\"width: 424px; height: 279px;\" \/> <\/a> <div class=\"tiled-gallery-caption\" itemprop=\"caption description\"> SIN DESCANSO.- Con mucho trabajo, de d\u00eda y de noche, don Oscar Iturriaga se ha quebrado la espalda para sostener con su esposa a su familia y empresa. As\u00ed lo demuestra esta foto del recuerdo. <\/div> <\/div> <\/div> <!-- close group --> <div class=\"gallery-group images-2\" style=\"width: 212px; height: 283px;\" data-original-width=\"212\" data-original-height=\"283\" > <div class=\"tiled-gallery-item tiled-gallery-item-small\" itemprop=\"associatedMedia\" itemscope itemtype=\"http:\/\/schema.org\/ImageObject\"> <a href=\"https:\/\/eltrabajo.cl\/portal\/vendian-hallullas-en-los-trenes-y-ahora-son-destacados-empresarios\/presidente1-10\/\" border=\"0\" itemprop=\"url\"> <meta itemprop=\"width\" content=\"208\"> <meta itemprop=\"height\" content=\"138\"> <img decoding=\"async\" class=\"\" data-attachment-id=\"60252\" data-orig-file=\"https:\/\/eltrabajo.cl\/portal\/wp-content\/uploads\/2015\/07\/Presidente1.jpg\" data-orig-size=\"530,350\" data-comments-opened=\"1\" data-image-meta=\"{&quot;aperture&quot;:&quot;0&quot;,&quot;credit&quot;:&quot;&quot;,&quot;camera&quot;:&quot;&quot;,&quot;caption&quot;:&quot;&quot;,&quot;created_timestamp&quot;:&quot;0&quot;,&quot;copyright&quot;:&quot;&quot;,&quot;focal_length&quot;:&quot;0&quot;,&quot;iso&quot;:&quot;0&quot;,&quot;shutter_speed&quot;:&quot;0&quot;,&quot;title&quot;:&quot;&quot;,&quot;orientation&quot;:&quot;0&quot;}\" data-image-title=\"Presidente1\" data-image-description=\"&lt;p&gt;SABOR PRESIDENCIAL.- Hasta el entonces presidente Eduardo Frey, se dio cuatro gustos con las empanadas de Don Guru Guru.&lt;\/p&gt; \" data-medium-file=\"https:\/\/i0.wp.com\/eltrabajo.cl\/portal\/wp-content\/uploads\/2015\/07\/Presidente1.jpg?fit=300%2C198&#038;ssl=1\" data-large-file=\"https:\/\/i0.wp.com\/eltrabajo.cl\/portal\/wp-content\/uploads\/2015\/07\/Presidente1.jpg?fit=530%2C350&#038;ssl=1\" src=\"https:\/\/i0.wp.com\/eltrabajo.cl\/portal\/wp-content\/uploads\/2015\/07\/Presidente1.jpg?w=208&#038;h=138&#038;ssl=1\" srcset=\"https:\/\/i0.wp.com\/eltrabajo.cl\/portal\/wp-content\/uploads\/2015\/07\/Presidente1.jpg?w=530&amp;ssl=1 530w, https:\/\/i0.wp.com\/eltrabajo.cl\/portal\/wp-content\/uploads\/2015\/07\/Presidente1.jpg?resize=200%2C132&amp;ssl=1 200w, https:\/\/i0.wp.com\/eltrabajo.cl\/portal\/wp-content\/uploads\/2015\/07\/Presidente1.jpg?resize=300%2C198&amp;ssl=1 300w, https:\/\/i0.wp.com\/eltrabajo.cl\/portal\/wp-content\/uploads\/2015\/07\/Presidente1.jpg?resize=227%2C150&amp;ssl=1 227w, https:\/\/i0.wp.com\/eltrabajo.cl\/portal\/wp-content\/uploads\/2015\/07\/Presidente1.jpg?resize=400%2C264&amp;ssl=1 400w\" width=\"208\" height=\"138\" loading=\"lazy\" data-original-width=\"208\" data-original-height=\"138\" itemprop=\"http:\/\/schema.org\/image\" title=\"Presidente1\" alt=\"SABOR PRESIDENCIAL.- Hasta el entonces presidente Eduardo Frey, se dio cuatro gustos con las empanadas de Don Guru Guru.\" style=\"width: 208px; height: 138px;\" \/> <\/a> <div class=\"tiled-gallery-caption\" itemprop=\"caption description\"> SABOR PRESIDENCIAL.- Hasta el entonces presidente Eduardo Frey, se dio cuatro gustos con las empanadas de Don Guru Guru. <\/div> <\/div> <div class=\"tiled-gallery-item tiled-gallery-item-small\" itemprop=\"associatedMedia\" itemscope itemtype=\"http:\/\/schema.org\/ImageObject\"> <a href=\"https:\/\/eltrabajo.cl\/portal\/vendian-hallullas-en-los-trenes-y-ahora-son-destacados-empresarios\/actual1-2\/\" border=\"0\" itemprop=\"url\"> <meta itemprop=\"width\" content=\"208\"> <meta itemprop=\"height\" content=\"137\"> <img decoding=\"async\" class=\"\" data-attachment-id=\"60249\" data-orig-file=\"https:\/\/eltrabajo.cl\/portal\/wp-content\/uploads\/2015\/07\/Actual1.jpg\" data-orig-size=\"530,350\" data-comments-opened=\"1\" data-image-meta=\"{&quot;aperture&quot;:&quot;0&quot;,&quot;credit&quot;:&quot;&quot;,&quot;camera&quot;:&quot;&quot;,&quot;caption&quot;:&quot;&quot;,&quot;created_timestamp&quot;:&quot;0&quot;,&quot;copyright&quot;:&quot;&quot;,&quot;focal_length&quot;:&quot;0&quot;,&quot;iso&quot;:&quot;0&quot;,&quot;shutter_speed&quot;:&quot;0&quot;,&quot;title&quot;:&quot;&quot;,&quot;orientation&quot;:&quot;0&quot;}\" data-image-title=\"Actual1\" data-image-description=\"&lt;p&gt;PAREJA EJEMPLAR.- As\u00ed lucen actualmente los due\u00f1os de Amasander\u00eda Don Guru Guru, Francisca Guajardo Aguilera y Oscar Iturriaga C\u00e9spedes.&lt;\/p&gt; \" data-medium-file=\"https:\/\/i0.wp.com\/eltrabajo.cl\/portal\/wp-content\/uploads\/2015\/07\/Actual1.jpg?fit=300%2C198&#038;ssl=1\" data-large-file=\"https:\/\/i0.wp.com\/eltrabajo.cl\/portal\/wp-content\/uploads\/2015\/07\/Actual1.jpg?fit=530%2C350&#038;ssl=1\" src=\"https:\/\/i0.wp.com\/eltrabajo.cl\/portal\/wp-content\/uploads\/2015\/07\/Actual1.jpg?w=208&#038;h=137&#038;ssl=1\" srcset=\"https:\/\/i0.wp.com\/eltrabajo.cl\/portal\/wp-content\/uploads\/2015\/07\/Actual1.jpg?w=530&amp;ssl=1 530w, https:\/\/i0.wp.com\/eltrabajo.cl\/portal\/wp-content\/uploads\/2015\/07\/Actual1.jpg?resize=200%2C132&amp;ssl=1 200w, https:\/\/i0.wp.com\/eltrabajo.cl\/portal\/wp-content\/uploads\/2015\/07\/Actual1.jpg?resize=300%2C198&amp;ssl=1 300w, https:\/\/i0.wp.com\/eltrabajo.cl\/portal\/wp-content\/uploads\/2015\/07\/Actual1.jpg?resize=227%2C150&amp;ssl=1 227w, https:\/\/i0.wp.com\/eltrabajo.cl\/portal\/wp-content\/uploads\/2015\/07\/Actual1.jpg?resize=400%2C264&amp;ssl=1 400w\" width=\"208\" height=\"137\" loading=\"lazy\" data-original-width=\"208\" data-original-height=\"137\" itemprop=\"http:\/\/schema.org\/image\" title=\"Actual1\" alt=\"PAREJA EJEMPLAR.- As\u00ed lucen actualmente los due\u00f1os de Amasander\u00eda Don Guru Guru, Francisca Guajardo Aguilera y Oscar Iturriaga C\u00e9spedes.\" style=\"width: 208px; height: 137px;\" \/> <\/a> <div class=\"tiled-gallery-caption\" itemprop=\"caption description\"> PAREJA EJEMPLAR.- As\u00ed lucen actualmente los due\u00f1os de Amasander\u00eda Don Guru Guru, Francisca Guajardo Aguilera y Oscar Iturriaga C\u00e9spedes. <\/div> <\/div> <\/div> <!-- close group --> <\/div> <!-- close row --> <div class=\"gallery-row\" style=\"width: 640px; height: 424px;\" data-original-width=\"640\" data-original-height=\"424\" > <div class=\"gallery-group images-1\" style=\"width: 640px; height: 424px;\" data-original-width=\"640\" data-original-height=\"424\" > <div class=\"tiled-gallery-item tiled-gallery-item-large\" itemprop=\"associatedMedia\" itemscope itemtype=\"http:\/\/schema.org\/ImageObject\"> <a href=\"https:\/\/eltrabajo.cl\/portal\/vendian-hallullas-en-los-trenes-y-ahora-son-destacados-empresarios\/francisca-guajardo\/\" border=\"0\" itemprop=\"url\"> <meta itemprop=\"width\" content=\"636\"> <meta itemprop=\"height\" content=\"420\"> <img decoding=\"async\" class=\"\" data-attachment-id=\"60250\" data-orig-file=\"https:\/\/eltrabajo.cl\/portal\/wp-content\/uploads\/2015\/07\/Francisca-Guajardo.jpg\" data-orig-size=\"530,350\" data-comments-opened=\"1\" data-image-meta=\"{&quot;aperture&quot;:&quot;0&quot;,&quot;credit&quot;:&quot;&quot;,&quot;camera&quot;:&quot;&quot;,&quot;caption&quot;:&quot;&quot;,&quot;created_timestamp&quot;:&quot;0&quot;,&quot;copyright&quot;:&quot;&quot;,&quot;focal_length&quot;:&quot;0&quot;,&quot;iso&quot;:&quot;0&quot;,&quot;shutter_speed&quot;:&quot;0&quot;,&quot;title&quot;:&quot;&quot;,&quot;orientation&quot;:&quot;0&quot;}\" data-image-title=\"Francisca Guajardo\" data-image-description=\"&lt;p&gt;Francisca Guajardo Aguilera, due\u00f1a de la amasander\u00eda, habl\u00f3 ayer con Diario El Trabajo.&lt;\/p&gt; \" data-medium-file=\"https:\/\/i0.wp.com\/eltrabajo.cl\/portal\/wp-content\/uploads\/2015\/07\/Francisca-Guajardo.jpg?fit=300%2C198&#038;ssl=1\" data-large-file=\"https:\/\/i0.wp.com\/eltrabajo.cl\/portal\/wp-content\/uploads\/2015\/07\/Francisca-Guajardo.jpg?fit=530%2C350&#038;ssl=1\" src=\"https:\/\/i0.wp.com\/eltrabajo.cl\/portal\/wp-content\/uploads\/2015\/07\/Francisca-Guajardo.jpg?w=636&#038;h=420&#038;ssl=1\" srcset=\"https:\/\/i0.wp.com\/eltrabajo.cl\/portal\/wp-content\/uploads\/2015\/07\/Francisca-Guajardo.jpg?w=530&amp;ssl=1 530w, https:\/\/i0.wp.com\/eltrabajo.cl\/portal\/wp-content\/uploads\/2015\/07\/Francisca-Guajardo.jpg?resize=200%2C132&amp;ssl=1 200w, https:\/\/i0.wp.com\/eltrabajo.cl\/portal\/wp-content\/uploads\/2015\/07\/Francisca-Guajardo.jpg?resize=300%2C198&amp;ssl=1 300w, https:\/\/i0.wp.com\/eltrabajo.cl\/portal\/wp-content\/uploads\/2015\/07\/Francisca-Guajardo.jpg?resize=227%2C150&amp;ssl=1 227w, https:\/\/i0.wp.com\/eltrabajo.cl\/portal\/wp-content\/uploads\/2015\/07\/Francisca-Guajardo.jpg?resize=400%2C264&amp;ssl=1 400w\" width=\"636\" height=\"420\" loading=\"lazy\" data-original-width=\"636\" data-original-height=\"420\" itemprop=\"http:\/\/schema.org\/image\" title=\"Francisca Guajardo\" alt=\"Francisca Guajardo Aguilera, due\u00f1a de la amasander\u00eda, habl\u00f3 ayer con Diario El Trabajo.\" style=\"width: 636px; height: 420px;\" \/> <\/a> <div class=\"tiled-gallery-caption\" itemprop=\"caption description\"> Francisca Guajardo Aguilera, due\u00f1a de la amasander\u00eda, habl\u00f3 ayer con Diario El Trabajo. <\/div> <\/div> <\/div> <!-- close group --> <\/div> <!-- close row --> <\/div>\n","protected":false},"excerpt":{"rendered":"<p>Una de las empresas m\u00e1s populares y con mayor prestigio en nuestra provincia, es Amasander\u00eda Don Guru Guru de Curim\u00f3n, la que propiamente por ese prestigio y calidad le vali\u00f3 que este&#8230;<\/p>\n","protected":false},"author":482,"featured_media":60248,"comment_status":"open","ping_status":"open","sticky":false,"template":"","format":"standard","meta":{"advanced_seo_description":"","jetpack_seo_html_title":"","jetpack_seo_noindex":false,"_jetpack_memberships_contains_paid_content":false,"footnotes":""},"categories":[15],"tags":[],"class_list":["post-60247","post","type-post","status-publish","format-standard","has-post-thumbnail","hentry","category-comunidad"],"jetpack_featured_media_url":"https:\/\/i0.wp.com\/eltrabajo.cl\/portal\/wp-content\/uploads\/2015\/07\/Guru1.jpg?fit=530%2C350&ssl=1","jetpack_sharing_enabled":true,"jetpack_likes_enabled":true,"jetpack-related-posts":[],"_links":{"self":[{"href":"https:\/\/eltrabajo.cl\/portal\/wp-json\/wp\/v2\/posts\/60247","targetHints":{"allow":["GET"]}}],"collection":[{"href":"https:\/\/eltrabajo.cl\/portal\/wp-json\/wp\/v2\/posts"}],"about":[{"href":"https:\/\/eltrabajo.cl\/portal\/wp-json\/wp\/v2\/types\/post"}],"author":[{"embeddable":true,"href":"https:\/\/eltrabajo.cl\/portal\/wp-json\/wp\/v2\/users\/482"}],"replies":[{"embeddable":true,"href":"https:\/\/eltrabajo.cl\/portal\/wp-json\/wp\/v2\/comments?post=60247"}],"version-history":[{"count":0,"href":"https:\/\/eltrabajo.cl\/portal\/wp-json\/wp\/v2\/posts\/60247\/revisions"}],"wp:featuredmedia":[{"embeddable":true,"href":"https:\/\/eltrabajo.cl\/portal\/wp-json\/wp\/v2\/media\/60248"}],"wp:attachment":[{"href":"https:\/\/eltrabajo.cl\/portal\/wp-json\/wp\/v2\/media?parent=60247"}],"wp:term":[{"taxonomy":"category","embeddable":true,"href":"https:\/\/eltrabajo.cl\/portal\/wp-json\/wp\/v2\/categories?post=60247"},{"taxonomy":"post_tag","embeddable":true,"href":"https:\/\/eltrabajo.cl\/portal\/wp-json\/wp\/v2\/tags?post=60247"}],"curies":[{"name":"wp","href":"https:\/\/api.w.org\/{rel}","templated":true}]}}