{"id":60257,"date":"2015-07-23T09:47:12","date_gmt":"2015-07-23T12:47:12","guid":{"rendered":"http:\/\/www.eltrabajo.cl\/portal\/?p=60257"},"modified":"2015-07-23T09:47:12","modified_gmt":"2015-07-23T12:47:12","slug":"alumnas-de-intek-se-sienten-estafadas-por-condiciones-de-salon","status":"publish","type":"post","link":"https:\/\/eltrabajo.cl\/portal\/alumnas-de-intek-se-sienten-estafadas-por-condiciones-de-salon\/","title":{"rendered":"Alumnas de Intek se sienten estafadas por condiciones de sal\u00f3n"},"content":{"rendered":"<figure id=\"attachment_60258\" aria-describedby=\"caption-attachment-60258\" style=\"width: 300px\" class=\"wp-caption alignleft\"><a href=\"https:\/\/i0.wp.com\/www.eltrabajo.cl\/portal\/wp-content\/uploads\/2015\/07\/Alumnas1.jpg\"><img data-recalc-dims=\"1\" loading=\"lazy\" decoding=\"async\" class=\"wp-image-60258 size-medium\" src=\"https:\/\/i0.wp.com\/www.eltrabajo.cl\/portal\/wp-content\/uploads\/2015\/07\/Alumnas1-300x198.jpg?resize=300%2C198\" alt=\"MUY MOLESTAS.- Ella son Jocelyn Urbina, Jimena Codoceo, Patricia Guti\u00e9rrez y Elizabeth Menares, todas muy inconformes con Intek Capacitaci\u00f3n de San Felipe.\" width=\"300\" height=\"198\" srcset=\"https:\/\/i0.wp.com\/eltrabajo.cl\/portal\/wp-content\/uploads\/2015\/07\/Alumnas1.jpg?resize=300%2C198&amp;ssl=1 300w, https:\/\/i0.wp.com\/eltrabajo.cl\/portal\/wp-content\/uploads\/2015\/07\/Alumnas1.jpg?resize=200%2C132&amp;ssl=1 200w, https:\/\/i0.wp.com\/eltrabajo.cl\/portal\/wp-content\/uploads\/2015\/07\/Alumnas1.jpg?resize=227%2C150&amp;ssl=1 227w, https:\/\/i0.wp.com\/eltrabajo.cl\/portal\/wp-content\/uploads\/2015\/07\/Alumnas1.jpg?resize=400%2C264&amp;ssl=1 400w, https:\/\/i0.wp.com\/eltrabajo.cl\/portal\/wp-content\/uploads\/2015\/07\/Alumnas1.jpg?w=530&amp;ssl=1 530w\" sizes=\"auto, (max-width: 300px) 100vw, 300px\" \/><\/a><figcaption id=\"caption-attachment-60258\" class=\"wp-caption-text\">MUY MOLESTAS.- Ella son Jocelyn Urbina, Jimena Codoceo, Patricia Guti\u00e9rrez y Elizabeth Menares, todas muy inconformes con Intek Capacitaci\u00f3n de San Felipe.<\/figcaption><\/figure>\n<p>Serias denuncias p\u00fablicas presentaron en nuestra Sala de Redacci\u00f3n un grupo de estudiantes de Intek Capacitaci\u00f3n de San Felipe, en el sentido de sentirse estafadas y estar desconformes con el traslado de este centro de capacitaci\u00f3n a su nuevo local.<\/p>\n<p><strong>LOS RECLAMOS<\/strong><br \/>\nSeg\u00fan las quejas de estas mujeres, en el lugar donde reciben los cursos ellas est\u00e1n muy inc\u00f3modas, pues se\u00f1alan que hay un local poco higi\u00e9nico y algunos alambres el\u00e9ctricos pelados que eventualmente podr\u00edan afectar a quienes acuden al centro, otro de los reclamos tienen que ver con dinero.<\/p>\n<figure id=\"attachment_60259\" aria-describedby=\"caption-attachment-60259\" style=\"width: 300px\" class=\"wp-caption alignright\"><a href=\"https:\/\/i0.wp.com\/www.eltrabajo.cl\/portal\/wp-content\/uploads\/2015\/07\/Henry-Rodriguez.jpg\"><img data-recalc-dims=\"1\" loading=\"lazy\" decoding=\"async\" class=\"wp-image-60259 size-medium\" src=\"https:\/\/i0.wp.com\/www.eltrabajo.cl\/portal\/wp-content\/uploads\/2015\/07\/Henry-Rodriguez-300x197.jpg?resize=300%2C197\" alt=\"Henry Rodr\u00edguez, director de Intek Capacitaci\u00f3n.\" width=\"300\" height=\"197\" srcset=\"https:\/\/i0.wp.com\/eltrabajo.cl\/portal\/wp-content\/uploads\/2015\/07\/Henry-Rodriguez.jpg?resize=300%2C197&amp;ssl=1 300w, https:\/\/i0.wp.com\/eltrabajo.cl\/portal\/wp-content\/uploads\/2015\/07\/Henry-Rodriguez.jpg?resize=200%2C131&amp;ssl=1 200w, https:\/\/i0.wp.com\/eltrabajo.cl\/portal\/wp-content\/uploads\/2015\/07\/Henry-Rodriguez.jpg?resize=228%2C150&amp;ssl=1 228w, https:\/\/i0.wp.com\/eltrabajo.cl\/portal\/wp-content\/uploads\/2015\/07\/Henry-Rodriguez.jpg?resize=400%2C263&amp;ssl=1 400w, https:\/\/i0.wp.com\/eltrabajo.cl\/portal\/wp-content\/uploads\/2015\/07\/Henry-Rodriguez.jpg?w=530&amp;ssl=1 530w\" sizes=\"auto, (max-width: 300px) 100vw, 300px\" \/><\/a><figcaption id=\"caption-attachment-60259\" class=\"wp-caption-text\">Henry Rodr\u00edguez, director de Intek Capacitaci\u00f3n.<\/figcaption><\/figure>\n<p>\u00abNosotras llegamos a ese centro luego de ver la publicidad que don Henry Rodr\u00edguez hace circular en redes sociales, pagamos la matr\u00edcula que son $30.000, \u00e9l nos dijo que ten\u00edamos que pagar por mes adelantado, yo llevo varios meses pagados, mi molestia es que \u00e9l nos ofreci\u00f3 una sala en \u00f3ptimas condiciones para estudiar y hacer nuestras pr\u00e1cticas, le dimos mucho tiempo para que esto sucediera. Cuando hicimos nuestros reclamos esta semana, \u00e9l nos respondi\u00f3 que nada ten\u00eda que hablar con nosotros, y que no nos volver\u00eda a recibir, siendo tambi\u00e9n que algunas de mis compa\u00f1eras ya le pagaron los $430.000 del valor total del curso, y que no devolver\u00eda el dinero\u00bb, explic\u00f3 a Diario El Trabajo la putaendina Elizabeth Menares de 29 a\u00f1os.<br \/>\nPatricia Guti\u00e9rrez, otra de las alumnas de Intek Capacitaci\u00f3n, explic\u00f3 tambi\u00e9n a nuestro medio que \u00abnos sentimos estafadas, pues el casino est\u00e1 en p\u00e9simas condiciones para estar ah\u00ed, los lavapelo no tienen agua caliente. En mi caso yo pagu\u00e9 todo el curso y ahora \u00e9l asegura que no devolver\u00e1 el dinero y tampoco nos atendi\u00f3, yo necesito la devoluci\u00f3n de mi dinero, ahora nos dio \u2018vacaciones\u2019 y no recibimos clases\u00bb.<\/p>\n<p><strong>HABLA HENRY<\/strong><br \/>\nNuestro medio visit\u00f3 el local para conocer de cerca la situaci\u00f3n, efectivamente hay evidencia de estar en proceso un traslado del personal e inmueble a un nuevo local, lo que en parte justificar\u00eda el desorden al que las mujeres hacen menci\u00f3n. As\u00ed respondi\u00f3 Henry Rodr\u00edguez, director de Intek Capacitaci\u00f3n.<br \/>\n<strong>&#8211; \u00bfQu\u00e9 problemas tuvo con estas alumnas de su centro de capacitaci\u00f3n?<\/strong><br \/>\n<strong>&#8211;<\/strong> Con las alumnas tuvimos un problema luego que quit\u00e1ramos a la profesora, acci\u00f3n a la que tenemos derecho como cualquier empresa. De inmediato se dispuso la profesora Jessica Rodr\u00edguez. Creo que \u00e9se fue el problema, el cambio de la profesora, m\u00e1s por un tema de amistad entre ellas que otra cosa.<br \/>\n<strong>&#8211; \u00bfEs verdad que usted no devolver\u00e1 el dinero que ellas piden recuperar?<\/strong><br \/>\n<strong>&#8211;<\/strong> Nunca hemos dicho que no devolver\u00edamos la plata, ninguna de ellas me ha solicitado que se les devuelva su dinero, tampoco mensualidad anticipada como ellas dicen. Si yo veo que hay razones de peso, con mucho gusto les puedo devolver la plata, pero antes necesito hablar con ellas, pues no me parece tampoco que ellas nos falten al respeto de manera violenta en el local, pues rayaron los espejos y me ofendieron.<br \/>\n<strong>&#8211; \u00bfHabr\u00e1 mejoras en los salones de trabajo para sus alumnas?<\/strong><br \/>\n<strong>&#8211;<\/strong> En relaci\u00f3n a lo inc\u00f3modas que se puedan sentir en el nuevo local, puedo asegurar que tenemos a una persona todo el d\u00eda en ese tema, compramos un calef\u00f3n de cinco litros, no calentaba suficiente, lo quitamos para poner otro pero de diez litros. No se trata de irresponsabilidad de nuestra parte, s\u00e9 que tenemos algunas deficiencias, no lo voy a negar, yo espero que para diciembre ya estaremos al 100% de funcionamiento en este nuevo local.<br \/>\nEl empresario asegur\u00f3 a nuestro medio, que \u00e9l iniciar\u00e1 acciones legales en contra de las j\u00f3venes, pues indic\u00f3 que en redes sociales ellas han iniciado una campa\u00f1a de desprestigio a su persona.<br \/>\n<strong>Roberto Gonz\u00e1lez Short<\/strong><br \/>\n<strong>rgonzalez@eltrabajo.cl<\/strong><\/p>\n","protected":false},"excerpt":{"rendered":"<p>Serias denuncias p\u00fablicas presentaron en nuestra Sala de Redacci\u00f3n un grupo de estudiantes de Intek Capacitaci\u00f3n de San Felipe, en el sentido de sentirse estafadas y estar desconformes con el traslado de&#8230;<\/p>\n","protected":false},"author":482,"featured_media":60258,"comment_status":"open","ping_status":"open","sticky":false,"template":"","format":"standard","meta":{"advanced_seo_description":"","jetpack_seo_html_title":"","jetpack_seo_noindex":false,"_jetpack_memberships_contains_paid_content":false,"footnotes":""},"categories":[15],"tags":[],"class_list":["post-60257","post","type-post","status-publish","format-standard","has-post-thumbnail","hentry","category-comunidad"],"jetpack_featured_media_url":"https:\/\/i0.wp.com\/eltrabajo.cl\/portal\/wp-content\/uploads\/2015\/07\/Alumnas1.jpg?fit=530%2C350&ssl=1","jetpack_sharing_enabled":true,"jetpack_likes_enabled":true,"jetpack-related-posts":[],"_links":{"self":[{"href":"https:\/\/eltrabajo.cl\/portal\/wp-json\/wp\/v2\/posts\/60257","targetHints":{"allow":["GET"]}}],"collection":[{"href":"https:\/\/eltrabajo.cl\/portal\/wp-json\/wp\/v2\/posts"}],"about":[{"href":"https:\/\/eltrabajo.cl\/portal\/wp-json\/wp\/v2\/types\/post"}],"author":[{"embeddable":true,"href":"https:\/\/eltrabajo.cl\/portal\/wp-json\/wp\/v2\/users\/482"}],"replies":[{"embeddable":true,"href":"https:\/\/eltrabajo.cl\/portal\/wp-json\/wp\/v2\/comments?post=60257"}],"version-history":[{"count":0,"href":"https:\/\/eltrabajo.cl\/portal\/wp-json\/wp\/v2\/posts\/60257\/revisions"}],"wp:featuredmedia":[{"embeddable":true,"href":"https:\/\/eltrabajo.cl\/portal\/wp-json\/wp\/v2\/media\/60258"}],"wp:attachment":[{"href":"https:\/\/eltrabajo.cl\/portal\/wp-json\/wp\/v2\/media?parent=60257"}],"wp:term":[{"taxonomy":"category","embeddable":true,"href":"https:\/\/eltrabajo.cl\/portal\/wp-json\/wp\/v2\/categories?post=60257"},{"taxonomy":"post_tag","embeddable":true,"href":"https:\/\/eltrabajo.cl\/portal\/wp-json\/wp\/v2\/tags?post=60257"}],"curies":[{"name":"wp","href":"https:\/\/api.w.org\/{rel}","templated":true}]}}