{"id":60267,"date":"2015-07-23T09:54:54","date_gmt":"2015-07-23T12:54:54","guid":{"rendered":"http:\/\/www.eltrabajo.cl\/portal\/?p=60267"},"modified":"2015-07-23T09:54:54","modified_gmt":"2015-07-23T12:54:54","slug":"fiscalia-militar-realiza-reconstitucion-de-escena-por-incidentes-ocurridos-en-piguchen","status":"publish","type":"post","link":"https:\/\/eltrabajo.cl\/portal\/fiscalia-militar-realiza-reconstitucion-de-escena-por-incidentes-ocurridos-en-piguchen\/","title":{"rendered":"Fiscal\u00eda Militar realiza reconstituci\u00f3n de escena por incidentes ocurridos en Piguch\u00e9n"},"content":{"rendered":"<figure id=\"attachment_60268\" aria-describedby=\"caption-attachment-60268\" style=\"width: 300px\" class=\"wp-caption alignleft\"><a href=\"https:\/\/i0.wp.com\/www.eltrabajo.cl\/portal\/wp-content\/uploads\/2015\/07\/RECONSTITUCION-DE-ESCENA-2.jpg\"><img data-recalc-dims=\"1\" loading=\"lazy\" decoding=\"async\" class=\"wp-image-60268 size-medium\" src=\"https:\/\/i0.wp.com\/www.eltrabajo.cl\/portal\/wp-content\/uploads\/2015\/07\/RECONSTITUCION-DE-ESCENA-2-300x198.jpg?resize=300%2C198\" alt=\"En la reconstrucci\u00f3n de escena participaron algunos de los involucrados en este incidente, entre ellos, cuatro Carabineros y el civil que result\u00f3 con una fractura nasal y otras lesiones.\" width=\"300\" height=\"198\" srcset=\"https:\/\/i0.wp.com\/eltrabajo.cl\/portal\/wp-content\/uploads\/2015\/07\/RECONSTITUCION-DE-ESCENA-2.jpg?resize=300%2C198&amp;ssl=1 300w, https:\/\/i0.wp.com\/eltrabajo.cl\/portal\/wp-content\/uploads\/2015\/07\/RECONSTITUCION-DE-ESCENA-2.jpg?resize=200%2C132&amp;ssl=1 200w, https:\/\/i0.wp.com\/eltrabajo.cl\/portal\/wp-content\/uploads\/2015\/07\/RECONSTITUCION-DE-ESCENA-2.jpg?resize=227%2C150&amp;ssl=1 227w, https:\/\/i0.wp.com\/eltrabajo.cl\/portal\/wp-content\/uploads\/2015\/07\/RECONSTITUCION-DE-ESCENA-2.jpg?resize=400%2C264&amp;ssl=1 400w, https:\/\/i0.wp.com\/eltrabajo.cl\/portal\/wp-content\/uploads\/2015\/07\/RECONSTITUCION-DE-ESCENA-2.jpg?w=530&amp;ssl=1 530w\" sizes=\"auto, (max-width: 300px) 100vw, 300px\" \/><\/a><figcaption id=\"caption-attachment-60268\" class=\"wp-caption-text\">En la reconstrucci\u00f3n de escena participaron algunos de los involucrados en este incidente, entre ellos, cuatro Carabineros y el civil que result\u00f3 con una fractura nasal y otras lesiones.<\/figcaption><\/figure>\n<p><strong>PUTAENDO.<\/strong>&#8211; La Fiscal\u00eda Militar de Los Andes llev\u00f3 a cabo la reconstituci\u00f3n de escena de los incidentes ocurridos el 4 de Enero del 2014 en Piguch\u00e9n, que termin\u00f3 con varios heridos, entre civiles y Carabineros, y que tambi\u00e9n derivaron en que uno de los vecinos del sector terminara con una fractura nasal de car\u00e1cter grave.<br \/>\nEn aquella ocasi\u00f3n Carabineros sostuvo que recibieron un llamado telef\u00f3nico de un local de venta de alcoholes en Piguch\u00e9n que indicaba que dos sujetos se aprestaban a pelear, por lo que personal policial se traslad\u00f3 al lugar y no encontraron a los individuos, sin embargo, seg\u00fan su declaraci\u00f3n, cuando se dispon\u00edan a retirarse, una persona sin mediar provocaci\u00f3n habr\u00eda comenzado a insultar y agredir a Carabineros y huy\u00f3 del lugar. Cuando personal policial le dio alcance, el sujeto extrajo desde sus vestimentas un cuchillo con el cual agredi\u00f3 a un efectivo policial, seg\u00fan consta en declaraciones efectuadas tras el incidente por parte de la instituci\u00f3n.<br \/>\nEsta versi\u00f3n fue refutada y desmentida por algunos de los involucrados, quienes aseguraron que en ning\u00fan momento se origin\u00f3 una pelea, acusando a Carabineros de realizar detenciones arbitrarias, ocasionar da\u00f1os y golpear desmedidamente a uno de los involucrados e incluso a mujeres, y que en ning\u00fan caso existieron agresiones premeditadas hacia alg\u00fan uniformado. Producto de la golpiza que recibi\u00f3 un vecino, \u00e9ste termin\u00f3 con una fractura nasal y lesiones graves provocadas por funcionarios policiales, seg\u00fan consta en el testimonio entregado a nuestro medio por afectados y testigos.<br \/>\nLa situaci\u00f3n deriv\u00f3 en que parte de los involucrados realizaron una denuncia ante la Fiscal\u00eda Militar de Los Andes por violencia desmedida por parte de Carabineros, raz\u00f3n por la cual \u00e9sta inici\u00f3 un largo proceso investigativo.<br \/>\nDurante la tarde del martes, pasadas las 18:30 horas, personal del Laboratorio de Criminal\u00edstica de la Polic\u00eda de Investigaciones de Valpara\u00edso junto a la Fiscal Militar, Mayor de Ej\u00e9rcito Carolina Iglesias Sagredo, el abogado de la Prefectura de Carabineros Aconcagua y parte de los involucrados, entre ellos cuatro efectivos de Carabineros y el civil que result\u00f3 gravemente lesionado, procedieron a realizar la reconstituci\u00f3n de escena, que comenz\u00f3 en el local Marr\u00f3n Glac\u00e9 y continu\u00f3 en uno de los pasajes de la Poblaci\u00f3n Las Golondrinas y se extendi\u00f3 por casi tres horas bajo la atenta mirada de la Fiscal Militar que orden\u00f3 repetir varias veces las distintas secuencias, que en todo momento eran grabadas por peritos de la PDI.<br \/>\nLa Fiscal no entreg\u00f3 declaraciones y se retir\u00f3 rauda del lugar, mientras que el Teniente de Carabineros \u00c1ngelo Acevedo asegur\u00f3 que esa diligencia forma parte de lo dispuesto por la Fiscal\u00eda Militar, y sostuvo que a Carabineros s\u00f3lo le compete prestar la colaboraci\u00f3n necesaria.<br \/>\nPor su parte, quienes denunciaron los hechos ante la Fiscal\u00eda Militar sostuvieron que por el momento no dar\u00e1n declaraciones, porque as\u00ed se lo solicit\u00f3 la fiscal, con la finalidad de no entorpecer el proceso investigativo.<br \/>\n<strong>Patricio Gallardo M.<\/strong><\/p>\n","protected":false},"excerpt":{"rendered":"<p>PUTAENDO.&#8211; La Fiscal\u00eda Militar de Los Andes llev\u00f3 a cabo la reconstituci\u00f3n de escena de los incidentes ocurridos el 4 de Enero del 2014 en Piguch\u00e9n, que termin\u00f3 con varios heridos, entre&#8230;<\/p>\n","protected":false},"author":482,"featured_media":60268,"comment_status":"open","ping_status":"open","sticky":false,"template":"","format":"standard","meta":{"advanced_seo_description":"","jetpack_seo_html_title":"","jetpack_seo_noindex":false,"_jetpack_memberships_contains_paid_content":false,"footnotes":""},"categories":[21],"tags":[],"class_list":["post-60267","post","type-post","status-publish","format-standard","has-post-thumbnail","hentry","category-policial"],"jetpack_featured_media_url":"https:\/\/i0.wp.com\/eltrabajo.cl\/portal\/wp-content\/uploads\/2015\/07\/RECONSTITUCION-DE-ESCENA-2.jpg?fit=530%2C350&ssl=1","jetpack_sharing_enabled":true,"jetpack_likes_enabled":true,"jetpack-related-posts":[],"_links":{"self":[{"href":"https:\/\/eltrabajo.cl\/portal\/wp-json\/wp\/v2\/posts\/60267","targetHints":{"allow":["GET"]}}],"collection":[{"href":"https:\/\/eltrabajo.cl\/portal\/wp-json\/wp\/v2\/posts"}],"about":[{"href":"https:\/\/eltrabajo.cl\/portal\/wp-json\/wp\/v2\/types\/post"}],"author":[{"embeddable":true,"href":"https:\/\/eltrabajo.cl\/portal\/wp-json\/wp\/v2\/users\/482"}],"replies":[{"embeddable":true,"href":"https:\/\/eltrabajo.cl\/portal\/wp-json\/wp\/v2\/comments?post=60267"}],"version-history":[{"count":0,"href":"https:\/\/eltrabajo.cl\/portal\/wp-json\/wp\/v2\/posts\/60267\/revisions"}],"wp:featuredmedia":[{"embeddable":true,"href":"https:\/\/eltrabajo.cl\/portal\/wp-json\/wp\/v2\/media\/60268"}],"wp:attachment":[{"href":"https:\/\/eltrabajo.cl\/portal\/wp-json\/wp\/v2\/media?parent=60267"}],"wp:term":[{"taxonomy":"category","embeddable":true,"href":"https:\/\/eltrabajo.cl\/portal\/wp-json\/wp\/v2\/categories?post=60267"},{"taxonomy":"post_tag","embeddable":true,"href":"https:\/\/eltrabajo.cl\/portal\/wp-json\/wp\/v2\/tags?post=60267"}],"curies":[{"name":"wp","href":"https:\/\/api.w.org\/{rel}","templated":true}]}}