{"id":60273,"date":"2015-07-23T09:57:22","date_gmt":"2015-07-23T12:57:22","guid":{"rendered":"http:\/\/www.eltrabajo.cl\/portal\/?p=60273"},"modified":"2015-07-23T09:57:22","modified_gmt":"2015-07-23T12:57:22","slug":"mineros-bloquearian-otras-rutas-tras-inminente-desalojo-por-carabineros","status":"publish","type":"post","link":"https:\/\/eltrabajo.cl\/portal\/mineros-bloquearian-otras-rutas-tras-inminente-desalojo-por-carabineros\/","title":{"rendered":"Mineros bloquear\u00edan otras rutas tras inminente desalojo por Carabineros"},"content":{"rendered":"<figure id=\"attachment_60274\" aria-describedby=\"caption-attachment-60274\" style=\"width: 300px\" class=\"wp-caption alignleft\"><a href=\"https:\/\/i0.wp.com\/www.eltrabajo.cl\/portal\/wp-content\/uploads\/2015\/07\/MINEROS-PROTESTA1.jpg\"><img data-recalc-dims=\"1\" loading=\"lazy\" decoding=\"async\" class=\"wp-image-60274 size-medium\" src=\"https:\/\/i0.wp.com\/www.eltrabajo.cl\/portal\/wp-content\/uploads\/2015\/07\/MINEROS-PROTESTA1-300x198.jpg?resize=300%2C198\" alt=\"Los mineros que a\u00fan mantiene bloqueado los caminos rurales que conducen a la Minera Amalia en la comuna de Catemu, ser\u00e1n desalojados el d\u00eda de hoy por parte de Carabineros tras la orden emanada por la Gobernaci\u00f3n de San Felipe.\" width=\"300\" height=\"198\" srcset=\"https:\/\/i0.wp.com\/eltrabajo.cl\/portal\/wp-content\/uploads\/2015\/07\/MINEROS-PROTESTA1.jpg?resize=300%2C198&amp;ssl=1 300w, https:\/\/i0.wp.com\/eltrabajo.cl\/portal\/wp-content\/uploads\/2015\/07\/MINEROS-PROTESTA1.jpg?resize=200%2C132&amp;ssl=1 200w, https:\/\/i0.wp.com\/eltrabajo.cl\/portal\/wp-content\/uploads\/2015\/07\/MINEROS-PROTESTA1.jpg?resize=227%2C150&amp;ssl=1 227w, https:\/\/i0.wp.com\/eltrabajo.cl\/portal\/wp-content\/uploads\/2015\/07\/MINEROS-PROTESTA1.jpg?resize=400%2C264&amp;ssl=1 400w, https:\/\/i0.wp.com\/eltrabajo.cl\/portal\/wp-content\/uploads\/2015\/07\/MINEROS-PROTESTA1.jpg?w=530&amp;ssl=1 530w\" sizes=\"auto, (max-width: 300px) 100vw, 300px\" \/><\/a><figcaption id=\"caption-attachment-60274\" class=\"wp-caption-text\">Los mineros que a\u00fan mantiene bloqueado los caminos rurales que conducen a la Minera Amalia en la comuna de Catemu, ser\u00e1n desalojados el d\u00eda de hoy por parte de Carabineros tras la orden emanada por la Gobernaci\u00f3n de San Felipe.<\/figcaption><\/figure>\n<ul>\n<li><strong>El d\u00eda de hoy la Polic\u00eda uniformada desalojar\u00e1 a los huelguistas sindicalizados de manera pac\u00edfica, sin embargo si no existiese voluntad por parte de los trabajadores intervendr\u00e1 personal de Fuerzas Especiales en el sector Santa Rosa de la comuna de Catemu.<\/strong><\/li>\n<\/ul>\n<p>Dentro de las pr\u00f3ximas horas del d\u00eda de hoy, Carabineros desalojar\u00e1 a 159 trabajadores sindicalizados, quienes han mantenido bloqueado por nueve d\u00edas los caminos que conducen a la Minera Amalia en el sector Santa Rosa de la comuna de Catemu, en protesta por el incumplimiento de los petitorios de negociaci\u00f3n colectiva con la empresa, la que a\u00fan no ha respondido satisfactoriamente a los trabajadores pese a sostener una nueva mesa de di\u00e1logo.<br \/>\nEl d\u00eda de ayer mi\u00e9rcoles, Carabineros recepcion\u00f3 una orden emanada por la Gobernaci\u00f3n provincial de San Felipe para restablecer el libre tr\u00e1nsito por los caminos que conducen a la Minera Amalia que se encontraban bloqueados por los sindicalizados en Los Rulos, Los Corrales y Cerrillos desde el pasado martes 7 de julio.<br \/>\nPrecisamente la Comisario de Carabineros, Mayor Maureen Espinoza, afirm\u00f3 que la orden gubernamental sostiene habilitar el libre tr\u00e1nsito por dichas rutas para la normalizaci\u00f3n de las faenas en el yacimiento. Estas acciones ya son de conocimiento por parte de los huelguistas, por lo que dentro del curso del d\u00eda de hoy jueves se espera que depongan su actitud y abandonen los caminos para restablecer el orden.<br \/>\n\u201cLa minera Amalia tiene un grupo de 159 trabajadores sindicalizados, quienes se encuentran en huelga legal por un tema de demandas salariales, sin embargo nosotros tenemos la orden de la Gobernaci\u00f3n para que junto a personal de Vialidad podamos auxiliar con la fuerza p\u00fablica para despejar este camino p\u00fablico y en ese sentido Carabineros debe restaurar el libre tr\u00e1nsito. Sin embargo nos vamos a trasladar con el objetivo que los empleados sindicalizados puedan ceder junto a la gente de la empresa para sentarse en una mesa de di\u00e1logo a fin de que ellos depongan voluntariamente su actitud y liberen el camino\u201d, expres\u00f3 la Comisario.<br \/>\nSin embargo, de no existir voluntad por parte de los trabajadores en abandonar las rutas, Carabineros dispondr\u00e1 la intervenci\u00f3n de funcionarios de Fuerzas Espaciales para el despeje de los caminos bloqueados hacia la Minera Amalia: \u201cIndudablemente de no haber un acuerdo de voluntad de las partes de despejar este camino, Fuerzas Especiales debe proceder a liberar y normalizar el libre tr\u00e1nsito por ese camino\u201d, sentenci\u00f3 la Mayor Espinoza.<br \/>\nNo obstante, al consultar sobre esta medida al presidente del Sindicato de Trabajadores de esta Minera, Richard Mu\u00f1oz, afirm\u00f3 a Diario El Trabajo que en horas de la tarde de ayer mi\u00e9rcoles, Carabineros inform\u00f3 sobre este desalojo que se concretar\u00eda durante el d\u00eda de hoy.<br \/>\nPero en un intento de una mesa de di\u00e1logo con la empresa, nuevamente no se lleg\u00f3 a acuerdo en el petitorio de los funcionarios consistente en un 12% de aumento de sueldo, gratificaci\u00f3n por el art\u00edculo 50, t\u00e9rmino de negociaci\u00f3n por dos millones de pesos por cada trabajador, nivelaci\u00f3n de sueldos y pago de los d\u00edas en huelga, anunciando hasta el cierre de esta nota, que de ser desalojados por Carabineros, evaluar\u00edan continuar las manifestaciones en otra ruta de la comuna.<br \/>\n<strong>Pablo Salinas Sald\u00edas<\/strong><\/p>\n","protected":false},"excerpt":{"rendered":"<p>El d\u00eda de hoy la Polic\u00eda uniformada desalojar\u00e1 a los huelguistas sindicalizados de manera pac\u00edfica, sin embargo si no existiese voluntad por parte de los trabajadores intervendr\u00e1 personal de Fuerzas Especiales en&#8230;<\/p>\n","protected":false},"author":482,"featured_media":60274,"comment_status":"open","ping_status":"open","sticky":false,"template":"","format":"standard","meta":{"advanced_seo_description":"","jetpack_seo_html_title":"","jetpack_seo_noindex":false,"_jetpack_memberships_contains_paid_content":false,"footnotes":""},"categories":[21],"tags":[],"class_list":["post-60273","post","type-post","status-publish","format-standard","has-post-thumbnail","hentry","category-policial"],"jetpack_featured_media_url":"https:\/\/i0.wp.com\/eltrabajo.cl\/portal\/wp-content\/uploads\/2015\/07\/MINEROS-PROTESTA1.jpg?fit=530%2C350&ssl=1","jetpack_sharing_enabled":true,"jetpack_likes_enabled":true,"jetpack-related-posts":[],"_links":{"self":[{"href":"https:\/\/eltrabajo.cl\/portal\/wp-json\/wp\/v2\/posts\/60273","targetHints":{"allow":["GET"]}}],"collection":[{"href":"https:\/\/eltrabajo.cl\/portal\/wp-json\/wp\/v2\/posts"}],"about":[{"href":"https:\/\/eltrabajo.cl\/portal\/wp-json\/wp\/v2\/types\/post"}],"author":[{"embeddable":true,"href":"https:\/\/eltrabajo.cl\/portal\/wp-json\/wp\/v2\/users\/482"}],"replies":[{"embeddable":true,"href":"https:\/\/eltrabajo.cl\/portal\/wp-json\/wp\/v2\/comments?post=60273"}],"version-history":[{"count":0,"href":"https:\/\/eltrabajo.cl\/portal\/wp-json\/wp\/v2\/posts\/60273\/revisions"}],"wp:featuredmedia":[{"embeddable":true,"href":"https:\/\/eltrabajo.cl\/portal\/wp-json\/wp\/v2\/media\/60274"}],"wp:attachment":[{"href":"https:\/\/eltrabajo.cl\/portal\/wp-json\/wp\/v2\/media?parent=60273"}],"wp:term":[{"taxonomy":"category","embeddable":true,"href":"https:\/\/eltrabajo.cl\/portal\/wp-json\/wp\/v2\/categories?post=60273"},{"taxonomy":"post_tag","embeddable":true,"href":"https:\/\/eltrabajo.cl\/portal\/wp-json\/wp\/v2\/tags?post=60273"}],"curies":[{"name":"wp","href":"https:\/\/api.w.org\/{rel}","templated":true}]}}