{"id":60276,"date":"2015-07-23T09:58:35","date_gmt":"2015-07-23T12:58:35","guid":{"rendered":"http:\/\/www.eltrabajo.cl\/portal\/?p=60276"},"modified":"2015-07-23T09:58:35","modified_gmt":"2015-07-23T12:58:35","slug":"cadena-perpetua-para-el-cara-de-tuto-por-matar-a-enzo-ramirez","status":"publish","type":"post","link":"https:\/\/eltrabajo.cl\/portal\/cadena-perpetua-para-el-cara-de-tuto-por-matar-a-enzo-ramirez\/","title":{"rendered":"Cadena perpetua para el \u00abCara de Tuto\u00bb por matar a Enzo Ram\u00edrez"},"content":{"rendered":"<figure id=\"attachment_60277\" aria-describedby=\"caption-attachment-60277\" style=\"width: 300px\" class=\"wp-caption alignleft\"><a href=\"https:\/\/i0.wp.com\/www.eltrabajo.cl\/portal\/wp-content\/uploads\/2015\/07\/juicio_enzo111.jpg\"><img data-recalc-dims=\"1\" loading=\"lazy\" decoding=\"async\" class=\"wp-image-60277 size-medium\" src=\"https:\/\/i0.wp.com\/www.eltrabajo.cl\/portal\/wp-content\/uploads\/2015\/07\/juicio_enzo111-300x198.jpg?resize=300%2C198\" alt=\"Marcelo Delgado Olgu\u00edn, alias \u2018El Cara de Tuto\u2019, pasar\u00e1 m\u00ednimo 40 a\u00f1os antes de poder optar a alg\u00fan beneficio carcelario.\" width=\"300\" height=\"198\" srcset=\"https:\/\/i0.wp.com\/eltrabajo.cl\/portal\/wp-content\/uploads\/2015\/07\/juicio_enzo111.jpg?resize=300%2C198&amp;ssl=1 300w, https:\/\/i0.wp.com\/eltrabajo.cl\/portal\/wp-content\/uploads\/2015\/07\/juicio_enzo111.jpg?resize=200%2C132&amp;ssl=1 200w, https:\/\/i0.wp.com\/eltrabajo.cl\/portal\/wp-content\/uploads\/2015\/07\/juicio_enzo111.jpg?resize=228%2C150&amp;ssl=1 228w, https:\/\/i0.wp.com\/eltrabajo.cl\/portal\/wp-content\/uploads\/2015\/07\/juicio_enzo111.jpg?resize=400%2C263&amp;ssl=1 400w, https:\/\/i0.wp.com\/eltrabajo.cl\/portal\/wp-content\/uploads\/2015\/07\/juicio_enzo111.jpg?w=530&amp;ssl=1 530w\" sizes=\"auto, (max-width: 300px) 100vw, 300px\" \/><\/a><figcaption id=\"caption-attachment-60277\" class=\"wp-caption-text\">Marcelo Delgado Olgu\u00edn, alias \u2018El Cara de Tuto\u2019, pasar\u00e1 m\u00ednimo 40 a\u00f1os antes de poder optar a alg\u00fan beneficio carcelario.<\/figcaption><\/figure>\n<ul>\n<li><strong>Los otros integrantes de la banda recibieron una pena conjunta de 48 a\u00f1os de c\u00e1rcel por el alevoso crimen del trabajador de Andina, ultimado de un tiro cuando sosten\u00eda en sus brazos a su peque\u00f1a hija.<\/strong><\/li>\n<\/ul>\n<p><strong>LOS ANDES.<\/strong>&#8211; A cadena perpetua calificada, es decir 40 a\u00f1os de presidio efectivo para reci\u00e9n optar a un beneficio, fue condenado Marcelo Delgado Olgu\u00edn, alias \u2018El Cara de Tuto\u2019, por el homicidio calificado del trabajador de Andina Enzo Ram\u00edrez Tapia, hecho ocurrido en octubre del a\u00f1o pasado durante un asalto a un almac\u00e9n en la villa El Mirador.<br \/>\nAs\u00ed qued\u00f3 establecido en la lectura de la sentencia efectuada la tarde de este mi\u00e9rcoles en el Tribunal de Juicio Oral de Los Andes que estuvo integrado por los magistrados Alessandra Tubino Tassara, Pamela Peralta Ferruggia y Jaime D\u00edaz Astorga.<br \/>\nEl tribunal conden\u00f3 a Delgado Olgu\u00edn como autor del delito de robo con homicidio en base a las pruebas contundentes aportadas por el Ministerio P\u00fablico que fue representado por su fiscal jefe Ricardo Reinoso Varas.<br \/>\nEl tribunal conden\u00f3 adem\u00e1s a Sebasti\u00e1n Santander Rojas a 18 a\u00f1os de c\u00e1rcel como autor del delito de robo con intimidaci\u00f3n y a 12 a\u00f1os de presidio a Francis Arredondo y Luis Hern\u00e1ndez por este mismo il\u00edcito.<br \/>\nFinalmente el menor J.L.R. fue sentenciado a 6 a\u00f1os de internaci\u00f3n provisoria en un centro del Sename.<\/p>\n<p><strong>VIOLENTO ATRACO<\/strong><br \/>\nComo se recordar\u00e1, el crimen ocurri\u00f3 la tarde del 22 de octubre de 2014 cuando tres sujetos ingresaron al almac\u00e9n \u2018El Mirador\u2019 ubicado en avenida Hermanos Clark N\u00ba 399 y mientras los otros dos se quedaron fuera prestando cobertura.<br \/>\nAl establecimiento comercial ingresaron Luis Hern\u00e1ndez y Marcelo Delgado Olgu\u00edn, mientras que Sebasti\u00e1n Santander se qued\u00f3 en la puerta y Francis Arredondo actu\u00f3 de \u2018Loro\u2019 ubic\u00e1ndose en la vereda poniente de Hermanos Clark para advertir en caso de la llegada de la polic\u00eda.<br \/>\nSeg\u00fan qued\u00f3 establecido en el juicio, \u2018El Cara de Tuto\u2019 apunt\u00f3 a la madre de la v\u00edctima y due\u00f1a del almac\u00e9n exigi\u00e9ndole la entrega del dinero y luego dispar\u00f3 con una pistola Beretta calibre 6.5 a Enzo Ram\u00edrez cuando manten\u00eda a su hija lactante en brazos, recibiendo el balazo a la altura del t\u00f3rax.<br \/>\nLos antisociales, tras huir del local, efectuaron al menos tres disparos al aire y luego abordaron el autom\u00f3vil Mazda para escapar a gran velocidad por la autopista 60 CH hacia la ciudad de San Felipe, siendo seguidos en todo momento por una testigo que fue avisando a Carabineros la ubicaci\u00f3n de los antisociales.<\/p>\n","protected":false},"excerpt":{"rendered":"<p>Los otros integrantes de la banda recibieron una pena conjunta de 48 a\u00f1os de c\u00e1rcel por el alevoso crimen del trabajador de Andina, ultimado de un tiro cuando sosten\u00eda en sus brazos&#8230;<\/p>\n","protected":false},"author":482,"featured_media":60277,"comment_status":"open","ping_status":"open","sticky":false,"template":"","format":"standard","meta":{"advanced_seo_description":"","jetpack_seo_html_title":"","jetpack_seo_noindex":false,"_jetpack_memberships_contains_paid_content":false,"footnotes":""},"categories":[21],"tags":[],"class_list":["post-60276","post","type-post","status-publish","format-standard","has-post-thumbnail","hentry","category-policial"],"jetpack_featured_media_url":"https:\/\/i0.wp.com\/eltrabajo.cl\/portal\/wp-content\/uploads\/2015\/07\/juicio_enzo111.jpg?fit=530%2C349&ssl=1","jetpack_sharing_enabled":true,"jetpack_likes_enabled":true,"jetpack-related-posts":[],"_links":{"self":[{"href":"https:\/\/eltrabajo.cl\/portal\/wp-json\/wp\/v2\/posts\/60276","targetHints":{"allow":["GET"]}}],"collection":[{"href":"https:\/\/eltrabajo.cl\/portal\/wp-json\/wp\/v2\/posts"}],"about":[{"href":"https:\/\/eltrabajo.cl\/portal\/wp-json\/wp\/v2\/types\/post"}],"author":[{"embeddable":true,"href":"https:\/\/eltrabajo.cl\/portal\/wp-json\/wp\/v2\/users\/482"}],"replies":[{"embeddable":true,"href":"https:\/\/eltrabajo.cl\/portal\/wp-json\/wp\/v2\/comments?post=60276"}],"version-history":[{"count":0,"href":"https:\/\/eltrabajo.cl\/portal\/wp-json\/wp\/v2\/posts\/60276\/revisions"}],"wp:featuredmedia":[{"embeddable":true,"href":"https:\/\/eltrabajo.cl\/portal\/wp-json\/wp\/v2\/media\/60277"}],"wp:attachment":[{"href":"https:\/\/eltrabajo.cl\/portal\/wp-json\/wp\/v2\/media?parent=60276"}],"wp:term":[{"taxonomy":"category","embeddable":true,"href":"https:\/\/eltrabajo.cl\/portal\/wp-json\/wp\/v2\/categories?post=60276"},{"taxonomy":"post_tag","embeddable":true,"href":"https:\/\/eltrabajo.cl\/portal\/wp-json\/wp\/v2\/tags?post=60276"}],"curies":[{"name":"wp","href":"https:\/\/api.w.org\/{rel}","templated":true}]}}