{"id":60288,"date":"2015-07-24T09:42:26","date_gmt":"2015-07-24T12:42:26","guid":{"rendered":"http:\/\/www.eltrabajo.cl\/portal\/?p=60288"},"modified":"2015-07-24T09:42:26","modified_gmt":"2015-07-24T12:42:26","slug":"construiran-nueva-sede-social-en-panquehue-centro","status":"publish","type":"post","link":"https:\/\/eltrabajo.cl\/portal\/construiran-nueva-sede-social-en-panquehue-centro\/","title":{"rendered":"Construir\u00e1n nueva sede social en Panquehue centro"},"content":{"rendered":"<figure id=\"attachment_60289\" aria-describedby=\"caption-attachment-60289\" style=\"width: 300px\" class=\"wp-caption alignleft\"><a href=\"https:\/\/i0.wp.com\/www.eltrabajo.cl\/portal\/wp-content\/uploads\/2015\/07\/Sede-panquehue-centro.jpg\"><img data-recalc-dims=\"1\" loading=\"lazy\" decoding=\"async\" class=\"wp-image-60289 size-medium\" src=\"https:\/\/i0.wp.com\/www.eltrabajo.cl\/portal\/wp-content\/uploads\/2015\/07\/Sede-panquehue-centro-300x199.jpg?resize=300%2C199\" alt=\"La nueva sede ser\u00e1 un edificio de dos pisos que se construir\u00e1 donde se encuentra una sede de madera, a un costado del edificio de direcci\u00f3n de obras y de la Dideco.\" width=\"300\" height=\"199\" srcset=\"https:\/\/i0.wp.com\/eltrabajo.cl\/portal\/wp-content\/uploads\/2015\/07\/Sede-panquehue-centro.jpg?resize=300%2C199&amp;ssl=1 300w, https:\/\/i0.wp.com\/eltrabajo.cl\/portal\/wp-content\/uploads\/2015\/07\/Sede-panquehue-centro.jpg?resize=200%2C133&amp;ssl=1 200w, https:\/\/i0.wp.com\/eltrabajo.cl\/portal\/wp-content\/uploads\/2015\/07\/Sede-panquehue-centro.jpg?resize=226%2C150&amp;ssl=1 226w, https:\/\/i0.wp.com\/eltrabajo.cl\/portal\/wp-content\/uploads\/2015\/07\/Sede-panquehue-centro.jpg?resize=400%2C265&amp;ssl=1 400w, https:\/\/i0.wp.com\/eltrabajo.cl\/portal\/wp-content\/uploads\/2015\/07\/Sede-panquehue-centro.jpg?w=528&amp;ssl=1 528w\" sizes=\"auto, (max-width: 300px) 100vw, 300px\" \/><\/a><figcaption id=\"caption-attachment-60289\" class=\"wp-caption-text\">La nueva sede ser\u00e1 un edificio de dos pisos que se construir\u00e1 donde se encuentra una sede de madera, a un costado del edificio de direcci\u00f3n de obras y de la Dideco.<\/figcaption><\/figure>\n<p><strong>PANQUEHUE<\/strong>.- El desarrollo inmobiliario para las organizaciones sociales en Panquehue, sigue y suma en la administraci\u00f3n del alcalde Luis Pradenas, pues a lo que fue la construcci\u00f3n de sedes vecinales en Lo Campo y Palomar, en los pr\u00f3ximos d\u00edas la empresa de Angela Caneo Saavedra, iniciar\u00e1 los trabajos de construcci\u00f3n de un edificio de dos pisos, que considera oficinas para la administraci\u00f3n de las organizaciones, como asimismo salas de reuniones para estas entidades.<br \/>\nLoreto Galdames, Directora de Obras de la Municipalidad de Panquehue, explic\u00f3 que el proyecto demanda una inversi\u00f3n de 84.780.347 pesos, para una estructura de 254,21 M\u00b2 en alba\u00f1iler\u00eda reforzada.<br \/>\nLa empresa que se adjudico las obras, tomar\u00e1 posesi\u00f3n del terreno el pr\u00f3ximo 03 de agosto y tiene un plazo de ejecuci\u00f3n de 88 d\u00edas.<br \/>\n\u201cLa obra estar\u00e1 emplazada en el lugar donde a la fecha est\u00e1 construida una sede de madera a un costado del edificio de la direcci\u00f3n de obras y de la Dideco de la municipalidad y consiste en sacar las copas de aguas ubicadas ah\u00ed, demoler las estructuras existentes, para construir esta sede de dos pisos, en donde su primer piso ser\u00e1 destinado para el programa p\u00fablico y sedes sociales y en el segundo nivel, la parte privada que son las organizaciones comunitarias\u201d.<br \/>\nEn tanto para facilitar el trabajo y reuniones del actual club del adulto mayor de Panquehue Centro que estaba en las actuales instalaciones, el alcalde Luis Pradenas facilit\u00f3 que ellos puedan operar por este periodo de tres meses, en dependencias de la misma Municipalidad de Panquehue.<\/p>\n","protected":false},"excerpt":{"rendered":"<p>PANQUEHUE.- El desarrollo inmobiliario para las organizaciones sociales en Panquehue, sigue y suma en la administraci\u00f3n del alcalde Luis Pradenas, pues a lo que fue la construcci\u00f3n de sedes vecinales en Lo&#8230;<\/p>\n","protected":false},"author":482,"featured_media":60289,"comment_status":"open","ping_status":"open","sticky":false,"template":"","format":"standard","meta":{"advanced_seo_description":"","jetpack_seo_html_title":"","jetpack_seo_noindex":false,"_jetpack_memberships_contains_paid_content":false,"footnotes":""},"categories":[15],"tags":[],"class_list":["post-60288","post","type-post","status-publish","format-standard","has-post-thumbnail","hentry","category-comunidad"],"jetpack_featured_media_url":"https:\/\/i0.wp.com\/eltrabajo.cl\/portal\/wp-content\/uploads\/2015\/07\/Sede-panquehue-centro.jpg?fit=528%2C350&ssl=1","jetpack_sharing_enabled":true,"jetpack_likes_enabled":true,"jetpack-related-posts":[],"_links":{"self":[{"href":"https:\/\/eltrabajo.cl\/portal\/wp-json\/wp\/v2\/posts\/60288","targetHints":{"allow":["GET"]}}],"collection":[{"href":"https:\/\/eltrabajo.cl\/portal\/wp-json\/wp\/v2\/posts"}],"about":[{"href":"https:\/\/eltrabajo.cl\/portal\/wp-json\/wp\/v2\/types\/post"}],"author":[{"embeddable":true,"href":"https:\/\/eltrabajo.cl\/portal\/wp-json\/wp\/v2\/users\/482"}],"replies":[{"embeddable":true,"href":"https:\/\/eltrabajo.cl\/portal\/wp-json\/wp\/v2\/comments?post=60288"}],"version-history":[{"count":0,"href":"https:\/\/eltrabajo.cl\/portal\/wp-json\/wp\/v2\/posts\/60288\/revisions"}],"wp:featuredmedia":[{"embeddable":true,"href":"https:\/\/eltrabajo.cl\/portal\/wp-json\/wp\/v2\/media\/60289"}],"wp:attachment":[{"href":"https:\/\/eltrabajo.cl\/portal\/wp-json\/wp\/v2\/media?parent=60288"}],"wp:term":[{"taxonomy":"category","embeddable":true,"href":"https:\/\/eltrabajo.cl\/portal\/wp-json\/wp\/v2\/categories?post=60288"},{"taxonomy":"post_tag","embeddable":true,"href":"https:\/\/eltrabajo.cl\/portal\/wp-json\/wp\/v2\/tags?post=60288"}],"curies":[{"name":"wp","href":"https:\/\/api.w.org\/{rel}","templated":true}]}}