{"id":60315,"date":"2015-07-24T10:04:07","date_gmt":"2015-07-24T13:04:07","guid":{"rendered":"http:\/\/www.eltrabajo.cl\/portal\/?p=60315"},"modified":"2015-07-24T10:04:07","modified_gmt":"2015-07-24T13:04:07","slug":"llaman-a-licitacion-elaboracion-de-diseno-del-nuevo-estadio-municipal","status":"publish","type":"post","link":"https:\/\/eltrabajo.cl\/portal\/llaman-a-licitacion-elaboracion-de-diseno-del-nuevo-estadio-municipal\/","title":{"rendered":"Llaman a licitaci\u00f3n elaboraci\u00f3n de dise\u00f1o del nuevo estadio municipal"},"content":{"rendered":"<figure id=\"attachment_60316\" aria-describedby=\"caption-attachment-60316\" style=\"width: 300px\" class=\"wp-caption alignleft\"><a href=\"https:\/\/i0.wp.com\/www.eltrabajo.cl\/portal\/wp-content\/uploads\/2015\/07\/alcalde.jpg\"><img data-recalc-dims=\"1\" loading=\"lazy\" decoding=\"async\" class=\"wp-image-60316 size-medium\" src=\"https:\/\/i0.wp.com\/www.eltrabajo.cl\/portal\/wp-content\/uploads\/2015\/07\/alcalde-300x198.jpg?resize=300%2C198\" alt=\"El Alcalde Patricio Freire sostuvo que el nuevo estadio debe calificar incluso para eventos internacionales.\" width=\"300\" height=\"198\" srcset=\"https:\/\/i0.wp.com\/eltrabajo.cl\/portal\/wp-content\/uploads\/2015\/07\/alcalde.jpg?resize=300%2C198&amp;ssl=1 300w, https:\/\/i0.wp.com\/eltrabajo.cl\/portal\/wp-content\/uploads\/2015\/07\/alcalde.jpg?resize=200%2C132&amp;ssl=1 200w, https:\/\/i0.wp.com\/eltrabajo.cl\/portal\/wp-content\/uploads\/2015\/07\/alcalde.jpg?resize=227%2C150&amp;ssl=1 227w, https:\/\/i0.wp.com\/eltrabajo.cl\/portal\/wp-content\/uploads\/2015\/07\/alcalde.jpg?resize=400%2C264&amp;ssl=1 400w, https:\/\/i0.wp.com\/eltrabajo.cl\/portal\/wp-content\/uploads\/2015\/07\/alcalde.jpg?w=530&amp;ssl=1 530w\" sizes=\"auto, (max-width: 300px) 100vw, 300px\" \/><\/a><figcaption id=\"caption-attachment-60316\" class=\"wp-caption-text\">El Alcalde Patricio Freire sostuvo que el nuevo estadio debe calificar incluso para eventos internacionales.<\/figcaption><\/figure>\n<p>Con gran sorpresa fue recibida por parte de las autoridades de la comuna de San Felipe, la informaci\u00f3n que se\u00f1alaba que el mi\u00e9rcoles 22 de julio se realiz\u00f3 el llamado a licitaci\u00f3n por parte del Instituto Nacional del Deporte (IND) para la elaboraci\u00f3n del dise\u00f1o del nuevo estadio municipal.<br \/>\nLa informaci\u00f3n fue entregada por el alcalde Patricio Freire, quien manifest\u00f3 que \u00ablas bases se cierran el pr\u00f3ximo 5 de agosto de 2015 a las 18:00 hrs. y hoy d\u00eda esto ya es una realidad, y la empresa que se adjudique las obras deber\u00e1 conversar con la municipalidad, porque el dise\u00f1o va a ser asociativo, de com\u00fan acuerdo de las partes, porque queremos que \u00e9ste tenga todos las competencias para un estadio de alto est\u00e1ndar.<br \/>\n\u00abQuien llama a licitaci\u00f3n y quien define qui\u00e9n se adjudica las obras es el IND, y antes del 2015 debiera estar terminado el dise\u00f1o para el nuevo estadio. Tengo entendido que el dise\u00f1o va acompa\u00f1ado de la licitaci\u00f3n de construcci\u00f3n, y si as\u00ed fuera, significa que en los primeros meses del a\u00f1o 2016 estar\u00edamos colocando la primera piedra del nuevo estadio para San Felipe. Las caracter\u00edsticas que estamos pidiendo, es que sea de acuerdo a los est\u00e1ndares Fifa, vale decir, ubicaci\u00f3n de norte a sur, que se pueda jugar campeonatos internacionales, un aforo m\u00ednimo para ocho mil personas, y se nos ha se\u00f1alado que la galer\u00eda del sector sur no ir\u00eda, por la construcci\u00f3n de la ruta 60 CH, muy semejante al estadio de Quillota, pudiendo albergar grandes espect\u00e1culos y eventos de todo \u00e1mbito\u00bb, sentenci\u00f3 Freire.<br \/>\nFinalmente y consuyltado respecto a los planteamientos respecto a que el recinto contara con pista atl\u00e9tica, el Alcalde se\u00f1al\u00f3 que ese es un nuevo proyecto que est\u00e1 trabajando el municipio para contar con un centro de atletismo a disposici\u00f3n de estos deportistas para que cuenten con las mejores condiciones de entrenamiento, en otro sector de la comuna y con las caracter\u00edsticas t\u00e9cnicas que determine esta disciplina.<\/p>\n","protected":false},"excerpt":{"rendered":"<p>Con gran sorpresa fue recibida por parte de las autoridades de la comuna de San Felipe, la informaci\u00f3n que se\u00f1alaba que el mi\u00e9rcoles 22 de julio se realiz\u00f3 el llamado a licitaci\u00f3n&#8230;<\/p>\n","protected":false},"author":482,"featured_media":60316,"comment_status":"open","ping_status":"open","sticky":false,"template":"","format":"standard","meta":{"advanced_seo_description":"","jetpack_seo_html_title":"","jetpack_seo_noindex":false,"_jetpack_memberships_contains_paid_content":false,"footnotes":""},"categories":[15],"tags":[],"class_list":["post-60315","post","type-post","status-publish","format-standard","has-post-thumbnail","hentry","category-comunidad"],"jetpack_featured_media_url":"https:\/\/i0.wp.com\/eltrabajo.cl\/portal\/wp-content\/uploads\/2015\/07\/alcalde.jpg?fit=530%2C350&ssl=1","jetpack_sharing_enabled":true,"jetpack_likes_enabled":true,"jetpack-related-posts":[],"_links":{"self":[{"href":"https:\/\/eltrabajo.cl\/portal\/wp-json\/wp\/v2\/posts\/60315","targetHints":{"allow":["GET"]}}],"collection":[{"href":"https:\/\/eltrabajo.cl\/portal\/wp-json\/wp\/v2\/posts"}],"about":[{"href":"https:\/\/eltrabajo.cl\/portal\/wp-json\/wp\/v2\/types\/post"}],"author":[{"embeddable":true,"href":"https:\/\/eltrabajo.cl\/portal\/wp-json\/wp\/v2\/users\/482"}],"replies":[{"embeddable":true,"href":"https:\/\/eltrabajo.cl\/portal\/wp-json\/wp\/v2\/comments?post=60315"}],"version-history":[{"count":0,"href":"https:\/\/eltrabajo.cl\/portal\/wp-json\/wp\/v2\/posts\/60315\/revisions"}],"wp:featuredmedia":[{"embeddable":true,"href":"https:\/\/eltrabajo.cl\/portal\/wp-json\/wp\/v2\/media\/60316"}],"wp:attachment":[{"href":"https:\/\/eltrabajo.cl\/portal\/wp-json\/wp\/v2\/media?parent=60315"}],"wp:term":[{"taxonomy":"category","embeddable":true,"href":"https:\/\/eltrabajo.cl\/portal\/wp-json\/wp\/v2\/categories?post=60315"},{"taxonomy":"post_tag","embeddable":true,"href":"https:\/\/eltrabajo.cl\/portal\/wp-json\/wp\/v2\/tags?post=60315"}],"curies":[{"name":"wp","href":"https:\/\/api.w.org\/{rel}","templated":true}]}}