{"id":60318,"date":"2015-07-24T10:06:42","date_gmt":"2015-07-24T13:06:42","guid":{"rendered":"http:\/\/www.eltrabajo.cl\/portal\/?p=60318"},"modified":"2015-07-24T10:06:42","modified_gmt":"2015-07-24T13:06:42","slug":"infarto-casi-mata-a-conocido-zapatero-juanito-molina","status":"publish","type":"post","link":"https:\/\/eltrabajo.cl\/portal\/infarto-casi-mata-a-conocido-zapatero-juanito-molina\/","title":{"rendered":"Infarto casi mata a conocido zapatero \u2018Juanito\u2019 Molina"},"content":{"rendered":"<figure id=\"attachment_60319\" aria-describedby=\"caption-attachment-60319\" style=\"width: 300px\" class=\"wp-caption alignleft\"><a href=\"https:\/\/i0.wp.com\/www.eltrabajo.cl\/portal\/wp-content\/uploads\/2015\/07\/Juanito1.jpg\"><img data-recalc-dims=\"1\" loading=\"lazy\" decoding=\"async\" class=\"wp-image-60319 size-medium\" src=\"https:\/\/i0.wp.com\/www.eltrabajo.cl\/portal\/wp-content\/uploads\/2015\/07\/Juanito1-300x198.jpg?resize=300%2C198\" alt=\"FUERZA JUANITO.- Postrado en su cama tras sobrevivir a un infarto, Juanito Molina nos concedi\u00f3 una corta pero sobria entrevista sobre su vida y oficio tan especial.\" width=\"300\" height=\"198\" srcset=\"https:\/\/i0.wp.com\/eltrabajo.cl\/portal\/wp-content\/uploads\/2015\/07\/Juanito1.jpg?resize=300%2C198&amp;ssl=1 300w, https:\/\/i0.wp.com\/eltrabajo.cl\/portal\/wp-content\/uploads\/2015\/07\/Juanito1.jpg?resize=200%2C132&amp;ssl=1 200w, https:\/\/i0.wp.com\/eltrabajo.cl\/portal\/wp-content\/uploads\/2015\/07\/Juanito1.jpg?resize=227%2C150&amp;ssl=1 227w, https:\/\/i0.wp.com\/eltrabajo.cl\/portal\/wp-content\/uploads\/2015\/07\/Juanito1.jpg?resize=400%2C264&amp;ssl=1 400w, https:\/\/i0.wp.com\/eltrabajo.cl\/portal\/wp-content\/uploads\/2015\/07\/Juanito1.jpg?w=530&amp;ssl=1 530w\" sizes=\"auto, (max-width: 300px) 100vw, 300px\" \/><\/a><figcaption id=\"caption-attachment-60319\" class=\"wp-caption-text\">FUERZA JUANITO.- Postrado en su cama tras sobrevivir a un infarto, Juanito Molina nos concedi\u00f3 una corta pero sobria entrevista sobre su vida y oficio tan especial.<\/figcaption><\/figure>\n<p>La noche de este mi\u00e9rcoles y ante la mirada at\u00f3nita de sus vecinos, un infarto al coraz\u00f3n hizo que los param\u00e9dicos debieran trasladar de manera urgente al Hospital San Camilo, al popular Juan Molina Herrera, quien desde hace 72 a\u00f1os vive de reparar zapatos en nuestra ciudad.<br \/>\n\u2018Juanito\u2019, como cari\u00f1osamente le llaman sus amigos, habl\u00f3 con Diario El Trabajo horas despu\u00e9s que fuera estabilizado y remitido a guardar cama y reposo a su casa, ubicada en Traslavi\u00f1a 317, lugar en donde tambi\u00e9n tiene su reparadora de calzado.<br \/>\nJuanito Molina fue galardonado este a\u00f1o por el Concejo Municipal de San Felipe a recibir la Distinci\u00f3n Especial al Oficio, honesta manera de ganarse la vida que aprendi\u00f3 de su padre Fernando Molina, cuando don Juan apenas ten\u00eda trece a\u00f1os.<br \/>\n\u00abNac\u00ed en San Felipe el 31 de noviembre de 1930. Tengo cinco hijos; tres hombres y dos mujeres. Yo antes fabricaba zapatos, pero ahora s\u00f3lo los reparo\u00bb, coment\u00f3 Juanito a nuestro medio, mientras que intentaba abrigarse en su cama, pues no se puede levantar.<br \/>\nSeg\u00fan coment\u00f3 este querido sanfelipe\u00f1o, ninguno de sus hijos quiso aprender este oficio, por lo que teme que al morir se pierda el negocio que por a\u00f1os ha sido su fuente de trabajo.<br \/>\n\u00abTengo mucha clientela, uno de mis hijos aprendi\u00f3 el oficio, pero luego estudi\u00f3 electr\u00f3nica y dej\u00f3 esto de los zapatos. Doy gracias a las autoridades que reconocen mi trabajo, y a mis clientes, que son muchos, por darme pega todos estos a\u00f1os\u00bb, agreg\u00f3 nuestro amigo Juan, quien a sus 17 a\u00f1os llegara a ser el presidente del desaparecido grupo de motoqueros, San Felipe Moto Club.<br \/>\n\u00c9l tiene 54 a\u00f1os de ser socio de la Asociaci\u00f3n de Artesanos La Uni\u00f3n de San Felipe, por lo que ha recibido varias medallas a lo largo de este m\u00e1s de medio siglo de servicio social. Juanito recibir\u00e1 Dios mediante el galard\u00f3n a las 19:30 horas del viernes 31 de julio en el teatro del Liceo Roberto Humeres.<\/p>\n<div class=\"tiled-gallery type-rectangular tiled-gallery-unresized\" data-original-width=\"640\" data-carousel-extra='null' itemscope itemtype=\"http:\/\/schema.org\/ImageGallery\" > <div class=\"gallery-row\" style=\"width: 640px; height: 212px;\" data-original-width=\"640\" data-original-height=\"212\" > <div class=\"gallery-group images-1\" style=\"width: 321px; height: 212px;\" data-original-width=\"321\" data-original-height=\"212\" > <div class=\"tiled-gallery-item tiled-gallery-item-large\" itemprop=\"associatedMedia\" itemscope itemtype=\"http:\/\/schema.org\/ImageObject\"> <a href=\"https:\/\/eltrabajo.cl\/portal\/infarto-casi-mata-a-conocido-zapatero-juanito-molina\/maquina1-4\/\" border=\"0\" itemprop=\"url\"> <meta itemprop=\"width\" content=\"317\"> <meta itemprop=\"height\" content=\"208\"> <img decoding=\"async\" class=\"\" data-attachment-id=\"60320\" data-orig-file=\"https:\/\/eltrabajo.cl\/portal\/wp-content\/uploads\/2015\/07\/Maquina1.jpg\" data-orig-size=\"530,348\" data-comments-opened=\"1\" data-image-meta=\"{&quot;aperture&quot;:&quot;0&quot;,&quot;credit&quot;:&quot;&quot;,&quot;camera&quot;:&quot;&quot;,&quot;caption&quot;:&quot;&quot;,&quot;created_timestamp&quot;:&quot;0&quot;,&quot;copyright&quot;:&quot;&quot;,&quot;focal_length&quot;:&quot;0&quot;,&quot;iso&quot;:&quot;0&quot;,&quot;shutter_speed&quot;:&quot;0&quot;,&quot;title&quot;:&quot;&quot;,&quot;orientation&quot;:&quot;0&quot;}\" data-image-title=\"Maquina1\" data-image-description=\"&lt;p&gt;EN PARO.- Esta m\u00e1quina cosedora tambi\u00e9n extra\u00f1a las manos de Juanito, quien debe guardar cama hasta que logre recuperar sus fuerzas.&lt;\/p&gt; \" data-medium-file=\"https:\/\/i0.wp.com\/eltrabajo.cl\/portal\/wp-content\/uploads\/2015\/07\/Maquina1.jpg?fit=300%2C197&#038;ssl=1\" data-large-file=\"https:\/\/i0.wp.com\/eltrabajo.cl\/portal\/wp-content\/uploads\/2015\/07\/Maquina1.jpg?fit=530%2C348&#038;ssl=1\" src=\"https:\/\/i0.wp.com\/eltrabajo.cl\/portal\/wp-content\/uploads\/2015\/07\/Maquina1.jpg?w=317&#038;h=208&#038;ssl=1\" srcset=\"https:\/\/i0.wp.com\/eltrabajo.cl\/portal\/wp-content\/uploads\/2015\/07\/Maquina1.jpg?w=530&amp;ssl=1 530w, https:\/\/i0.wp.com\/eltrabajo.cl\/portal\/wp-content\/uploads\/2015\/07\/Maquina1.jpg?resize=200%2C131&amp;ssl=1 200w, https:\/\/i0.wp.com\/eltrabajo.cl\/portal\/wp-content\/uploads\/2015\/07\/Maquina1.jpg?resize=300%2C197&amp;ssl=1 300w, https:\/\/i0.wp.com\/eltrabajo.cl\/portal\/wp-content\/uploads\/2015\/07\/Maquina1.jpg?resize=228%2C150&amp;ssl=1 228w, https:\/\/i0.wp.com\/eltrabajo.cl\/portal\/wp-content\/uploads\/2015\/07\/Maquina1.jpg?resize=400%2C263&amp;ssl=1 400w\" width=\"317\" height=\"208\" loading=\"lazy\" data-original-width=\"317\" data-original-height=\"208\" itemprop=\"http:\/\/schema.org\/image\" title=\"Maquina1\" alt=\"EN PARO.- Esta m\u00e1quina cosedora tambi\u00e9n extra\u00f1a las manos de Juanito, quien debe guardar cama hasta que logre recuperar sus fuerzas.\" style=\"width: 317px; height: 208px;\" \/> <\/a> <div class=\"tiled-gallery-caption\" itemprop=\"caption description\"> EN PARO.- Esta m\u00e1quina cosedora tambi\u00e9n extra\u00f1a las manos de Juanito, quien debe guardar cama hasta que logre recuperar sus fuerzas. <\/div> <\/div> <\/div> <!-- close group --> <div class=\"gallery-group images-1\" style=\"width: 319px; height: 212px;\" data-original-width=\"319\" data-original-height=\"212\" > <div class=\"tiled-gallery-item tiled-gallery-item-large\" itemprop=\"associatedMedia\" itemscope itemtype=\"http:\/\/schema.org\/ImageObject\"> <a href=\"https:\/\/eltrabajo.cl\/portal\/infarto-casi-mata-a-conocido-zapatero-juanito-molina\/soledad1-3\/\" border=\"0\" itemprop=\"url\"> <meta itemprop=\"width\" content=\"315\"> <meta itemprop=\"height\" content=\"208\"> <img decoding=\"async\" class=\"\" data-attachment-id=\"60321\" data-orig-file=\"https:\/\/eltrabajo.cl\/portal\/wp-content\/uploads\/2015\/07\/Soledad1.jpg\" data-orig-size=\"530,350\" data-comments-opened=\"1\" data-image-meta=\"{&quot;aperture&quot;:&quot;0&quot;,&quot;credit&quot;:&quot;&quot;,&quot;camera&quot;:&quot;&quot;,&quot;caption&quot;:&quot;&quot;,&quot;created_timestamp&quot;:&quot;0&quot;,&quot;copyright&quot;:&quot;&quot;,&quot;focal_length&quot;:&quot;0&quot;,&quot;iso&quot;:&quot;0&quot;,&quot;shutter_speed&quot;:&quot;0&quot;,&quot;title&quot;:&quot;&quot;,&quot;orientation&quot;:&quot;0&quot;}\" data-image-title=\"Soledad1\" data-image-description=\"&lt;p&gt;TRABAJO PENDIENTE.- As\u00ed luce actualmente el mostrador de su negocio, con algunos trabajos terminados y otros por hacer, pero en absoluta soledad.&lt;\/p&gt; \" data-medium-file=\"https:\/\/i0.wp.com\/eltrabajo.cl\/portal\/wp-content\/uploads\/2015\/07\/Soledad1.jpg?fit=300%2C198&#038;ssl=1\" data-large-file=\"https:\/\/i0.wp.com\/eltrabajo.cl\/portal\/wp-content\/uploads\/2015\/07\/Soledad1.jpg?fit=530%2C350&#038;ssl=1\" src=\"https:\/\/i0.wp.com\/eltrabajo.cl\/portal\/wp-content\/uploads\/2015\/07\/Soledad1.jpg?w=315&#038;h=208&#038;ssl=1\" srcset=\"https:\/\/i0.wp.com\/eltrabajo.cl\/portal\/wp-content\/uploads\/2015\/07\/Soledad1.jpg?w=530&amp;ssl=1 530w, https:\/\/i0.wp.com\/eltrabajo.cl\/portal\/wp-content\/uploads\/2015\/07\/Soledad1.jpg?resize=200%2C132&amp;ssl=1 200w, https:\/\/i0.wp.com\/eltrabajo.cl\/portal\/wp-content\/uploads\/2015\/07\/Soledad1.jpg?resize=300%2C198&amp;ssl=1 300w, https:\/\/i0.wp.com\/eltrabajo.cl\/portal\/wp-content\/uploads\/2015\/07\/Soledad1.jpg?resize=227%2C150&amp;ssl=1 227w, https:\/\/i0.wp.com\/eltrabajo.cl\/portal\/wp-content\/uploads\/2015\/07\/Soledad1.jpg?resize=400%2C264&amp;ssl=1 400w\" width=\"315\" height=\"208\" loading=\"lazy\" data-original-width=\"315\" data-original-height=\"208\" itemprop=\"http:\/\/schema.org\/image\" title=\"Soledad1\" alt=\"TRABAJO PENDIENTE.- As\u00ed luce actualmente el mostrador de su negocio, con algunos trabajos terminados y otros por hacer, pero en absoluta soledad.\" style=\"width: 315px; height: 208px;\" \/> <\/a> <div class=\"tiled-gallery-caption\" itemprop=\"caption description\"> TRABAJO PENDIENTE.- As\u00ed luce actualmente el mostrador de su negocio, con algunos trabajos terminados y otros por hacer, pero en absoluta soledad. <\/div> <\/div> <\/div> <!-- close group --> <\/div> <!-- close row --> <\/div>\n","protected":false},"excerpt":{"rendered":"<p>La noche de este mi\u00e9rcoles y ante la mirada at\u00f3nita de sus vecinos, un infarto al coraz\u00f3n hizo que los param\u00e9dicos debieran trasladar de manera urgente al Hospital San Camilo, al popular&#8230;<\/p>\n","protected":false},"author":482,"featured_media":60319,"comment_status":"open","ping_status":"open","sticky":false,"template":"","format":"standard","meta":{"advanced_seo_description":"","jetpack_seo_html_title":"","jetpack_seo_noindex":false,"_jetpack_memberships_contains_paid_content":false,"footnotes":""},"categories":[15],"tags":[],"class_list":["post-60318","post","type-post","status-publish","format-standard","has-post-thumbnail","hentry","category-comunidad"],"jetpack_featured_media_url":"https:\/\/i0.wp.com\/eltrabajo.cl\/portal\/wp-content\/uploads\/2015\/07\/Juanito1.jpg?fit=530%2C350&ssl=1","jetpack_sharing_enabled":true,"jetpack_likes_enabled":true,"jetpack-related-posts":[],"_links":{"self":[{"href":"https:\/\/eltrabajo.cl\/portal\/wp-json\/wp\/v2\/posts\/60318","targetHints":{"allow":["GET"]}}],"collection":[{"href":"https:\/\/eltrabajo.cl\/portal\/wp-json\/wp\/v2\/posts"}],"about":[{"href":"https:\/\/eltrabajo.cl\/portal\/wp-json\/wp\/v2\/types\/post"}],"author":[{"embeddable":true,"href":"https:\/\/eltrabajo.cl\/portal\/wp-json\/wp\/v2\/users\/482"}],"replies":[{"embeddable":true,"href":"https:\/\/eltrabajo.cl\/portal\/wp-json\/wp\/v2\/comments?post=60318"}],"version-history":[{"count":0,"href":"https:\/\/eltrabajo.cl\/portal\/wp-json\/wp\/v2\/posts\/60318\/revisions"}],"wp:featuredmedia":[{"embeddable":true,"href":"https:\/\/eltrabajo.cl\/portal\/wp-json\/wp\/v2\/media\/60319"}],"wp:attachment":[{"href":"https:\/\/eltrabajo.cl\/portal\/wp-json\/wp\/v2\/media?parent=60318"}],"wp:term":[{"taxonomy":"category","embeddable":true,"href":"https:\/\/eltrabajo.cl\/portal\/wp-json\/wp\/v2\/categories?post=60318"},{"taxonomy":"post_tag","embeddable":true,"href":"https:\/\/eltrabajo.cl\/portal\/wp-json\/wp\/v2\/tags?post=60318"}],"curies":[{"name":"wp","href":"https:\/\/api.w.org\/{rel}","templated":true}]}}