{"id":60330,"date":"2015-07-27T09:38:11","date_gmt":"2015-07-27T12:38:11","guid":{"rendered":"http:\/\/www.eltrabajo.cl\/portal\/?p=60330"},"modified":"2015-07-27T09:38:11","modified_gmt":"2015-07-27T12:38:11","slug":"ninos-vivieron-sus-vacaciones-a-lo-grande-gracias-al-cevas-san-felipe","status":"publish","type":"post","link":"https:\/\/eltrabajo.cl\/portal\/ninos-vivieron-sus-vacaciones-a-lo-grande-gracias-al-cevas-san-felipe\/","title":{"rendered":"Ni\u00f1os vivieron sus vacaciones a lo grande gracias al Cevas San Felipe"},"content":{"rendered":"<figure id=\"attachment_60331\" aria-describedby=\"caption-attachment-60331\" style=\"width: 300px\" class=\"wp-caption alignleft\"><a href=\"https:\/\/i0.wp.com\/www.eltrabajo.cl\/portal\/wp-content\/uploads\/2015\/07\/Vacaciones1.jpg\"><img data-recalc-dims=\"1\" loading=\"lazy\" decoding=\"async\" class=\"wp-image-60331 size-medium\" src=\"https:\/\/i0.wp.com\/www.eltrabajo.cl\/portal\/wp-content\/uploads\/2015\/07\/Vacaciones1-300x198.jpg?resize=300%2C198\" alt=\"A LO GRANDE.- Los ni\u00f1os pasaron una semana de vacaciones muy activos y jugando en sus poblaciones.\" width=\"300\" height=\"198\" srcset=\"https:\/\/i0.wp.com\/eltrabajo.cl\/portal\/wp-content\/uploads\/2015\/07\/Vacaciones1.jpg?resize=300%2C198&amp;ssl=1 300w, https:\/\/i0.wp.com\/eltrabajo.cl\/portal\/wp-content\/uploads\/2015\/07\/Vacaciones1.jpg?resize=200%2C132&amp;ssl=1 200w, https:\/\/i0.wp.com\/eltrabajo.cl\/portal\/wp-content\/uploads\/2015\/07\/Vacaciones1.jpg?resize=227%2C150&amp;ssl=1 227w, https:\/\/i0.wp.com\/eltrabajo.cl\/portal\/wp-content\/uploads\/2015\/07\/Vacaciones1.jpg?resize=400%2C264&amp;ssl=1 400w, https:\/\/i0.wp.com\/eltrabajo.cl\/portal\/wp-content\/uploads\/2015\/07\/Vacaciones1.jpg?w=530&amp;ssl=1 530w\" sizes=\"auto, (max-width: 300px) 100vw, 300px\" \/><\/a><figcaption id=\"caption-attachment-60331\" class=\"wp-caption-text\">A LO GRANDE.- Los ni\u00f1os pasaron una semana de vacaciones muy activos y jugando en sus poblaciones.<\/figcaption><\/figure>\n<p>El Cevas (Centro de vacaciones solidarias) de San Felipe inici\u00f3 la semana pasada una jornada especial de trabajo social, en donde al menos unos 250 menores de villa Industrial, Poblaci\u00f3n Santa Br\u00edgida, villa Cordillera y de otros sectores de nuestra comuna, para que los ni\u00f1os lo pasaran jugando y descansando.<br \/>\n\u00abEste proyecto fue fundado por el Obispado de San Felipe y es dirigido por el sacerdote Ricardo G\u00f3mez. La idea de este proyecto es que nuestros ni\u00f1os tengan unas cristianas vacaciones, alejados de la violencia y del stress\u00bb, explic\u00f3 a Diario El Trabajo la Hermana Carmen Herrera, quien este a\u00f1o se encarg\u00f3 de organizar la jornada.<br \/>\nSeg\u00fan lo explicado por la religiosa, \u00abel lunes se convocaron a unos 80 j\u00f3venes voluntarios, quienes fueron capacitados a fin de dar atenci\u00f3n a los ni\u00f1os que se unir\u00edan a esta semana de trabajo infantil. De martes a jueves realizamos juegos, refrigerios y din\u00e1micas, y el viernes hicimos la clausura en el gimnasio del Liceo Roberto Humeres, con grandes actividades por grupos\u00bb, agreg\u00f3 Herrera.<br \/>\nEl Cevas tiene 24 a\u00f1os de funcionar en nuestra comuna, es financiada por el Obispado de San Felipe y tambi\u00e9n auspiciada por algunas empresas que donan recursos para que los ni\u00f1os tengan golosinas, transporte y como dijo nuestra religiosa amiga, unas cristianas vacaciones.<\/p>\n<div class=\"tiled-gallery type-rectangular tiled-gallery-unresized\" data-original-width=\"640\" data-carousel-extra='null' itemscope itemtype=\"http:\/\/schema.org\/ImageGallery\" > <div class=\"gallery-row\" style=\"width: 640px; height: 213px;\" data-original-width=\"640\" data-original-height=\"213\" > <div class=\"gallery-group images-1\" style=\"width: 320px; height: 213px;\" data-original-width=\"320\" data-original-height=\"213\" > <div class=\"tiled-gallery-item tiled-gallery-item-large\" itemprop=\"associatedMedia\" itemscope itemtype=\"http:\/\/schema.org\/ImageObject\"> <a href=\"https:\/\/eltrabajo.cl\/portal\/ninos-vivieron-sus-vacaciones-a-lo-grande-gracias-al-cevas-san-felipe\/vacaciones2\/\" border=\"0\" itemprop=\"url\"> <meta itemprop=\"width\" content=\"316\"> <meta itemprop=\"height\" content=\"209\"> <img decoding=\"async\" class=\"\" data-attachment-id=\"60333\" data-orig-file=\"https:\/\/eltrabajo.cl\/portal\/wp-content\/uploads\/2015\/07\/Vacaciones2.jpg\" data-orig-size=\"530,350\" data-comments-opened=\"1\" data-image-meta=\"{&quot;aperture&quot;:&quot;0&quot;,&quot;credit&quot;:&quot;&quot;,&quot;camera&quot;:&quot;&quot;,&quot;caption&quot;:&quot;&quot;,&quot;created_timestamp&quot;:&quot;0&quot;,&quot;copyright&quot;:&quot;&quot;,&quot;focal_length&quot;:&quot;0&quot;,&quot;iso&quot;:&quot;0&quot;,&quot;shutter_speed&quot;:&quot;0&quot;,&quot;title&quot;:&quot;&quot;,&quot;orientation&quot;:&quot;0&quot;}\" data-image-title=\"Vacaciones2\" data-image-description=\"&lt;p&gt;DIGNAS VACACIONES.- Este viernes se realiz\u00f3 la clausura en el gimnasio del Liceo Roberto Humeres, con grandes actividades por grupo y muchos juegos para los ni\u00f1os.&lt;\/p&gt; \" data-medium-file=\"https:\/\/i0.wp.com\/eltrabajo.cl\/portal\/wp-content\/uploads\/2015\/07\/Vacaciones2.jpg?fit=300%2C198&#038;ssl=1\" data-large-file=\"https:\/\/i0.wp.com\/eltrabajo.cl\/portal\/wp-content\/uploads\/2015\/07\/Vacaciones2.jpg?fit=530%2C350&#038;ssl=1\" src=\"https:\/\/i0.wp.com\/eltrabajo.cl\/portal\/wp-content\/uploads\/2015\/07\/Vacaciones2.jpg?w=316&#038;h=209&#038;ssl=1\" srcset=\"https:\/\/i0.wp.com\/eltrabajo.cl\/portal\/wp-content\/uploads\/2015\/07\/Vacaciones2.jpg?w=530&amp;ssl=1 530w, https:\/\/i0.wp.com\/eltrabajo.cl\/portal\/wp-content\/uploads\/2015\/07\/Vacaciones2.jpg?resize=200%2C132&amp;ssl=1 200w, https:\/\/i0.wp.com\/eltrabajo.cl\/portal\/wp-content\/uploads\/2015\/07\/Vacaciones2.jpg?resize=300%2C198&amp;ssl=1 300w, https:\/\/i0.wp.com\/eltrabajo.cl\/portal\/wp-content\/uploads\/2015\/07\/Vacaciones2.jpg?resize=227%2C150&amp;ssl=1 227w, https:\/\/i0.wp.com\/eltrabajo.cl\/portal\/wp-content\/uploads\/2015\/07\/Vacaciones2.jpg?resize=400%2C264&amp;ssl=1 400w\" width=\"316\" height=\"209\" loading=\"lazy\" data-original-width=\"316\" data-original-height=\"209\" itemprop=\"http:\/\/schema.org\/image\" title=\"Vacaciones2\" alt=\"DIGNAS VACACIONES.- Este viernes se realiz\u00f3 la clausura en el gimnasio del Liceo Roberto Humeres, con grandes actividades por grupo y muchos juegos para los ni\u00f1os.\" style=\"width: 316px; height: 209px;\" \/> <\/a> <div class=\"tiled-gallery-caption\" itemprop=\"caption description\"> DIGNAS VACACIONES.- Este viernes se realiz\u00f3 la clausura en el gimnasio del Liceo Roberto Humeres, con grandes actividades por grupo y muchos juegos para los ni\u00f1os. <\/div> <\/div> <\/div> <!-- close group --> <div class=\"gallery-group images-1\" style=\"width: 320px; height: 213px;\" data-original-width=\"320\" data-original-height=\"213\" > <div class=\"tiled-gallery-item tiled-gallery-item-large\" itemprop=\"associatedMedia\" itemscope itemtype=\"http:\/\/schema.org\/ImageObject\"> <a href=\"https:\/\/eltrabajo.cl\/portal\/ninos-vivieron-sus-vacaciones-a-lo-grande-gracias-al-cevas-san-felipe\/carmen-herrera\/\" border=\"0\" itemprop=\"url\"> <meta itemprop=\"width\" content=\"316\"> <meta itemprop=\"height\" content=\"209\"> <img decoding=\"async\" class=\"\" data-attachment-id=\"60332\" data-orig-file=\"https:\/\/eltrabajo.cl\/portal\/wp-content\/uploads\/2015\/07\/Carmen-Herrera.jpg\" data-orig-size=\"530,350\" data-comments-opened=\"1\" data-image-meta=\"{&quot;aperture&quot;:&quot;0&quot;,&quot;credit&quot;:&quot;&quot;,&quot;camera&quot;:&quot;&quot;,&quot;caption&quot;:&quot;&quot;,&quot;created_timestamp&quot;:&quot;0&quot;,&quot;copyright&quot;:&quot;&quot;,&quot;focal_length&quot;:&quot;0&quot;,&quot;iso&quot;:&quot;0&quot;,&quot;shutter_speed&quot;:&quot;0&quot;,&quot;title&quot;:&quot;&quot;,&quot;orientation&quot;:&quot;0&quot;}\" data-image-title=\"Carmen Herrera\" data-image-description=\"&lt;p&gt;Hermana Carmen Herrera, encargada de las jornadas de estas vacaciones.&lt;\/p&gt; \" data-medium-file=\"https:\/\/i0.wp.com\/eltrabajo.cl\/portal\/wp-content\/uploads\/2015\/07\/Carmen-Herrera.jpg?fit=300%2C198&#038;ssl=1\" data-large-file=\"https:\/\/i0.wp.com\/eltrabajo.cl\/portal\/wp-content\/uploads\/2015\/07\/Carmen-Herrera.jpg?fit=530%2C350&#038;ssl=1\" src=\"https:\/\/i0.wp.com\/eltrabajo.cl\/portal\/wp-content\/uploads\/2015\/07\/Carmen-Herrera.jpg?w=316&#038;h=209&#038;ssl=1\" srcset=\"https:\/\/i0.wp.com\/eltrabajo.cl\/portal\/wp-content\/uploads\/2015\/07\/Carmen-Herrera.jpg?w=530&amp;ssl=1 530w, https:\/\/i0.wp.com\/eltrabajo.cl\/portal\/wp-content\/uploads\/2015\/07\/Carmen-Herrera.jpg?resize=200%2C132&amp;ssl=1 200w, https:\/\/i0.wp.com\/eltrabajo.cl\/portal\/wp-content\/uploads\/2015\/07\/Carmen-Herrera.jpg?resize=300%2C198&amp;ssl=1 300w, https:\/\/i0.wp.com\/eltrabajo.cl\/portal\/wp-content\/uploads\/2015\/07\/Carmen-Herrera.jpg?resize=227%2C150&amp;ssl=1 227w, https:\/\/i0.wp.com\/eltrabajo.cl\/portal\/wp-content\/uploads\/2015\/07\/Carmen-Herrera.jpg?resize=400%2C264&amp;ssl=1 400w\" width=\"316\" height=\"209\" loading=\"lazy\" data-original-width=\"316\" data-original-height=\"209\" itemprop=\"http:\/\/schema.org\/image\" title=\"Carmen Herrera\" alt=\"Hermana Carmen Herrera, encargada de las jornadas de estas vacaciones.\" style=\"width: 316px; height: 209px;\" \/> <\/a> <div class=\"tiled-gallery-caption\" itemprop=\"caption description\"> Hermana Carmen Herrera, encargada de las jornadas de estas vacaciones. <\/div> <\/div> <\/div> <!-- close group --> <\/div> <!-- close row --> <\/div>\n","protected":false},"excerpt":{"rendered":"<p>El Cevas (Centro de vacaciones solidarias) de San Felipe inici\u00f3 la semana pasada una jornada especial de trabajo social, en donde al menos unos 250 menores de villa Industrial, Poblaci\u00f3n Santa Br\u00edgida,&#8230;<\/p>\n","protected":false},"author":482,"featured_media":60331,"comment_status":"open","ping_status":"open","sticky":false,"template":"","format":"standard","meta":{"advanced_seo_description":"","jetpack_seo_html_title":"","jetpack_seo_noindex":false,"_jetpack_memberships_contains_paid_content":false,"footnotes":""},"categories":[15],"tags":[],"class_list":["post-60330","post","type-post","status-publish","format-standard","has-post-thumbnail","hentry","category-comunidad"],"jetpack_featured_media_url":"https:\/\/i0.wp.com\/eltrabajo.cl\/portal\/wp-content\/uploads\/2015\/07\/Vacaciones1.jpg?fit=530%2C350&ssl=1","jetpack_sharing_enabled":true,"jetpack_likes_enabled":true,"jetpack-related-posts":[],"_links":{"self":[{"href":"https:\/\/eltrabajo.cl\/portal\/wp-json\/wp\/v2\/posts\/60330","targetHints":{"allow":["GET"]}}],"collection":[{"href":"https:\/\/eltrabajo.cl\/portal\/wp-json\/wp\/v2\/posts"}],"about":[{"href":"https:\/\/eltrabajo.cl\/portal\/wp-json\/wp\/v2\/types\/post"}],"author":[{"embeddable":true,"href":"https:\/\/eltrabajo.cl\/portal\/wp-json\/wp\/v2\/users\/482"}],"replies":[{"embeddable":true,"href":"https:\/\/eltrabajo.cl\/portal\/wp-json\/wp\/v2\/comments?post=60330"}],"version-history":[{"count":0,"href":"https:\/\/eltrabajo.cl\/portal\/wp-json\/wp\/v2\/posts\/60330\/revisions"}],"wp:featuredmedia":[{"embeddable":true,"href":"https:\/\/eltrabajo.cl\/portal\/wp-json\/wp\/v2\/media\/60331"}],"wp:attachment":[{"href":"https:\/\/eltrabajo.cl\/portal\/wp-json\/wp\/v2\/media?parent=60330"}],"wp:term":[{"taxonomy":"category","embeddable":true,"href":"https:\/\/eltrabajo.cl\/portal\/wp-json\/wp\/v2\/categories?post=60330"},{"taxonomy":"post_tag","embeddable":true,"href":"https:\/\/eltrabajo.cl\/portal\/wp-json\/wp\/v2\/tags?post=60330"}],"curies":[{"name":"wp","href":"https:\/\/api.w.org\/{rel}","templated":true}]}}