{"id":60335,"date":"2015-07-27T09:39:50","date_gmt":"2015-07-27T12:39:50","guid":{"rendered":"http:\/\/www.eltrabajo.cl\/portal\/?p=60335"},"modified":"2015-07-27T09:39:50","modified_gmt":"2015-07-27T12:39:50","slug":"con-mas-de-300-representantes-esval-lanzo-fondo-concursable-contigo-en-cada-gota","status":"publish","type":"post","link":"https:\/\/eltrabajo.cl\/portal\/con-mas-de-300-representantes-esval-lanzo-fondo-concursable-contigo-en-cada-gota\/","title":{"rendered":"Con m\u00e1s de 300 representantes Esval lanz\u00f3 Fondo Concursable \u2018Contigo en cada Gota\u2019"},"content":{"rendered":"<figure id=\"attachment_60336\" aria-describedby=\"caption-attachment-60336\" style=\"width: 300px\" class=\"wp-caption alignleft\"><a href=\"https:\/\/i0.wp.com\/www.eltrabajo.cl\/portal\/wp-content\/uploads\/2015\/07\/Lanzamiento-Esval.jpg\"><img data-recalc-dims=\"1\" loading=\"lazy\" decoding=\"async\" class=\"wp-image-60336 size-medium\" src=\"https:\/\/i0.wp.com\/www.eltrabajo.cl\/portal\/wp-content\/uploads\/2015\/07\/Lanzamiento-Esval-300x198.jpg?resize=300%2C198\" alt=\"Con gran convocatoria, Esval lanz\u00f3 la segunda versi\u00f3n del Fondo Concursable \u2018Contigo en cada gota\u2019.\" width=\"300\" height=\"198\" srcset=\"https:\/\/i0.wp.com\/eltrabajo.cl\/portal\/wp-content\/uploads\/2015\/07\/Lanzamiento-Esval.jpg?resize=300%2C198&amp;ssl=1 300w, https:\/\/i0.wp.com\/eltrabajo.cl\/portal\/wp-content\/uploads\/2015\/07\/Lanzamiento-Esval.jpg?resize=200%2C132&amp;ssl=1 200w, https:\/\/i0.wp.com\/eltrabajo.cl\/portal\/wp-content\/uploads\/2015\/07\/Lanzamiento-Esval.jpg?resize=228%2C150&amp;ssl=1 228w, https:\/\/i0.wp.com\/eltrabajo.cl\/portal\/wp-content\/uploads\/2015\/07\/Lanzamiento-Esval.jpg?resize=400%2C263&amp;ssl=1 400w, https:\/\/i0.wp.com\/eltrabajo.cl\/portal\/wp-content\/uploads\/2015\/07\/Lanzamiento-Esval.jpg?w=530&amp;ssl=1 530w\" sizes=\"auto, (max-width: 300px) 100vw, 300px\" \/><\/a><figcaption id=\"caption-attachment-60336\" class=\"wp-caption-text\">Con gran convocatoria, Esval lanz\u00f3 la segunda versi\u00f3n del Fondo Concursable \u2018Contigo en cada gota\u2019.<\/figcaption><\/figure>\n<ul>\n<li><strong>En su segunda versi\u00f3n, esta iniciativa destinar\u00e1 $65 millones para proyectos de organizaciones comunitarias en toda la regi\u00f3n, focalizados en el uso responsable del agua.<\/strong><\/li>\n<\/ul>\n<p>Con el objetivo de apoyar las ideas y proyectos de organizaciones comunitarias en toda la Regi\u00f3n de Valpara\u00edso, Esval lanz\u00f3 la segunda versi\u00f3n del Fondo Concursable \u2018Contigo en cada Gota\u2019, que este a\u00f1o cuenta con un monto superior a los $65 millones para asignar a las iniciativas que se postulen. La actividad cont\u00f3 con la participaci\u00f3n de m\u00e1s de 300 representantes de diversas agrupaciones de la zona.<br \/>\n\u201cUno de nuestros compromisos es aportar al desarrollo regional y al mejoramiento en la calidad de vida de los habitantes de nuestra regi\u00f3n. En ese sentido, estamos muy contentos de lanzar por segundo a\u00f1o consecutivo este Fondo Concursable, destinado a contribuir a concretar los proyectos que surjan desde la comunidad\u201d, se\u00f1al\u00f3 el gerente de Asuntos Corporativos de Esval, Jaime Henr\u00edquez.<br \/>\nEl ejecutivo agreg\u00f3 que \u201cesta iniciativa es una muestra de c\u00f3mo queremos relacionarnos con nuestros vecinos: generando valor compartido, estando atentos a sus necesidades y apoyando su propio esfuerzo, capacidad de gesti\u00f3n y organizaci\u00f3n. En la primera versi\u00f3n tuvimos un gran \u00e9xito de convocatoria, con m\u00e1s de 500 proyectos recibidos, y este a\u00f1o nuestro foco est\u00e1 centrado en el cuidado y uso eficiente del agua, debido al actual escenario de sequ\u00eda que estamos enfrentando\u201d.<br \/>\nUna de las agrupaciones que result\u00f3 beneficiada en la primera versi\u00f3n del Fondo Concursable, fue la junta de vecinos \u2018Entre Playas\u2019de Cartagena. Su presidenta, Marta Caiozzi, destac\u00f3 que \u201cgracias a esta iniciativa uno aprende a elaborar proyectos, a compartir y formar redes de apoyo. A veces uno cree que son s\u00f3lo sue\u00f1os, pero los sue\u00f1os se cumplen y este aporte que hace Esval por segunda ocasi\u00f3n, es una ayuda en todo aspecto\u201d.<br \/>\nEste fondo permitir\u00e1 que organizaciones sin fines de lucro y con personalidad jur\u00eddica vigente -como juntas de vecinos, agrupaciones de adulto mayor, centros de madres, clubes deportivos y fundaciones, entre otras- puedan postular sus iniciativas, con un m\u00e1ximo de $2 millones asignados para cada proyecto.<\/p>\n<p><strong>COMO POSTULAR<\/strong><br \/>\nLas organizaciones interesadas en participar, podr\u00e1n descargar las bases y toda la informaci\u00f3n en www.esval.cl, donde encontrar\u00e1n el detalle de los requisitos, criterios de evaluaci\u00f3n y caracter\u00edsticas de los proyectos que se pueden presentar al fondo.<br \/>\nLas postulaciones est\u00e1n abiertas desde este 23 de julio y hasta el 23 de septiembre. Desde el 24 de septiembre al 26 de octubre se realizar\u00e1 el proceso de selecci\u00f3n y los resultados se dar\u00e1n a conocer el 28 de octubre. Los proyectos podr\u00e1n ejecutarse entre noviembre de este a\u00f1o y marzo de 2016.<\/p>\n","protected":false},"excerpt":{"rendered":"<p>En su segunda versi\u00f3n, esta iniciativa destinar\u00e1 $65 millones para proyectos de organizaciones comunitarias en toda la regi\u00f3n, focalizados en el uso responsable del agua. Con el objetivo de apoyar las ideas&#8230;<\/p>\n","protected":false},"author":482,"featured_media":60336,"comment_status":"open","ping_status":"open","sticky":false,"template":"","format":"standard","meta":{"advanced_seo_description":"","jetpack_seo_html_title":"","jetpack_seo_noindex":false,"_jetpack_memberships_contains_paid_content":false,"footnotes":""},"categories":[15],"tags":[],"class_list":["post-60335","post","type-post","status-publish","format-standard","has-post-thumbnail","hentry","category-comunidad"],"jetpack_featured_media_url":"https:\/\/i0.wp.com\/eltrabajo.cl\/portal\/wp-content\/uploads\/2015\/07\/Lanzamiento-Esval.jpg?fit=530%2C349&ssl=1","jetpack_sharing_enabled":true,"jetpack_likes_enabled":true,"jetpack-related-posts":[],"_links":{"self":[{"href":"https:\/\/eltrabajo.cl\/portal\/wp-json\/wp\/v2\/posts\/60335","targetHints":{"allow":["GET"]}}],"collection":[{"href":"https:\/\/eltrabajo.cl\/portal\/wp-json\/wp\/v2\/posts"}],"about":[{"href":"https:\/\/eltrabajo.cl\/portal\/wp-json\/wp\/v2\/types\/post"}],"author":[{"embeddable":true,"href":"https:\/\/eltrabajo.cl\/portal\/wp-json\/wp\/v2\/users\/482"}],"replies":[{"embeddable":true,"href":"https:\/\/eltrabajo.cl\/portal\/wp-json\/wp\/v2\/comments?post=60335"}],"version-history":[{"count":0,"href":"https:\/\/eltrabajo.cl\/portal\/wp-json\/wp\/v2\/posts\/60335\/revisions"}],"wp:featuredmedia":[{"embeddable":true,"href":"https:\/\/eltrabajo.cl\/portal\/wp-json\/wp\/v2\/media\/60336"}],"wp:attachment":[{"href":"https:\/\/eltrabajo.cl\/portal\/wp-json\/wp\/v2\/media?parent=60335"}],"wp:term":[{"taxonomy":"category","embeddable":true,"href":"https:\/\/eltrabajo.cl\/portal\/wp-json\/wp\/v2\/categories?post=60335"},{"taxonomy":"post_tag","embeddable":true,"href":"https:\/\/eltrabajo.cl\/portal\/wp-json\/wp\/v2\/tags?post=60335"}],"curies":[{"name":"wp","href":"https:\/\/api.w.org\/{rel}","templated":true}]}}